{"id":80133,"date":"2025-09-11T09:44:06","date_gmt":"2025-09-11T09:44:06","guid":{"rendered":"https:\/\/ikimisli.tr\/?p=80133"},"modified":"2025-09-11T09:44:06","modified_gmt":"2025-09-11T09:44:06","slug":"taksi-soforu-tehditler-savurdu-ailendeki-butun-erkekleri-oldururum","status":"publish","type":"post","link":"https:\/\/ikimisli.tr\/index.php\/2025\/09\/11\/taksi-soforu-tehditler-savurdu-ailendeki-butun-erkekleri-oldururum\/","title":{"rendered":"Taksi \u015fof\u00f6r\u00fc tehditler savurdu! &#8220;Ailendeki b\u00fct\u00fcn erkekleri \u00f6ld\u00fcr\u00fcr\u00fcm\u201d"},"content":{"rendered":"<p>\u0130stanbul Esenler\u2019de bir taksi s\u00fcr\u00fcc\u00fcs\u00fc, tart\u0131\u015ft\u0131\u011f\u0131 servis s\u00fcr\u00fcc\u00fcs\u00fcn\u00fcn arac\u0131na sald\u0131rd\u0131 ve k\u00fcf\u00fcrler savurdu. S\u00fcr\u00fcc\u00fcs\u00fc vefatla tehdit eden taksici, kayda al\u0131nd\u0131\u011f\u0131n\u0131 g\u00f6r\u00fcnce tehditlerin dozunu art\u0131rd\u0131.\u00a0<\/p>\n<p><img decoding=\"async\" src=\"https:\/\/ikimisli.tr\/wp-content\/uploads\/2025\/09\/taksi-soforu-tehditler-savurdu-ailendeki-butun-erkekleri-oldururum-0-Pj8RaGJE.png\"\/><\/p>\n<p><b>&#8220;A\u0130LENDEK\u0130 B\u00dcT\u00dcN ERKEKLER\u0130 \u00d6LD\u00dcR\u00dcR\u00dcM&#8221;<\/b><\/p>\n<p>Taksi s\u00fcr\u00fcc\u00fcs\u00fc, servis s\u00fcr\u00fcc\u00fcs\u00fcn\u00fc \u201cO imgeyi haberde g\u00f6r\u00fcrsem ailendeki b\u00fct\u00fcn erkekleri \u00f6ld\u00fcr\u00fcr\u00fcm\u201d kelamlar\u0131yla tehdit etti.<\/p>\n<p><img decoding=\"async\" src=\"https:\/\/ikimisli.tr\/wp-content\/uploads\/2025\/09\/taksi-soforu-tehditler-savurdu-ailendeki-butun-erkekleri-oldururum-1-GK72CI44.png\"\/><\/p>\n<p>Olayla ilgili polis taraf\u0131ndan inceleme ba\u015flat\u0131ld\u0131\u011f\u0131 \u00f6\u011frenildi.<\/p>\n<p><img decoding=\"async\" src=\"https:\/\/ikimisli.tr\/wp-content\/uploads\/2025\/09\/taksi-soforu-tehditler-savurdu-ailendeki-butun-erkekleri-oldururum-2-ETfzv2Vi.png\"\/><\/p>\n","protected":false},"excerpt":{"rendered":"<p>Esenler\u2019de tart\u0131\u015ft\u0131\u011f\u0131 servis s\u00fcr\u00fcc\u00fcs\u00fcn\u00fcn arac\u0131na sald\u0131ran taksi s\u00fcr\u00fcc\u00fcs\u00fc, servis s\u00fcr\u00fcc\u00fcs\u00fcn\u00fc kay\u0131t ald\u0131\u011f\u0131 i\u00e7in &#8220;Ailendeki b\u00fct\u00fcn erkekleri \u00f6ld\u00fcr\u00fcr\u00fcm\u201d kelamlar\u0131yla tehdit etti.<\/p>\n","protected":false},"author":1,"featured_media":80134,"comment_status":"open","ping_status":"open","sticky":false,"template":"","format":"standard","meta":{"footnotes":""},"categories":[25],"tags":[9134],"class_list":["post-80133","post","type-post","status-publish","format-standard","has-post-thumbnail","hentry","category-gundem","tag-soforu"],"_links":{"self":[{"href":"https:\/\/ikimisli.tr\/index.php\/wp-json\/wp\/v2\/posts\/80133","targetHints":{"allow":["GET"]}}],"collection":[{"href":"https:\/\/ikimisli.tr\/index.php\/wp-json\/wp\/v2\/posts"}],"about":[{"href":"https:\/\/ikimisli.tr\/index.php\/wp-json\/wp\/v2\/types\/post"}],"author":[{"embeddable":true,"href":"https:\/\/ikimisli.tr\/index.php\/wp-json\/wp\/v2\/users\/1"}],"replies":[{"embeddable":true,"href":"https:\/\/ikimisli.tr\/index.php\/wp-json\/wp\/v2\/comments?post=80133"}],"version-history":[{"count":1,"href":"https:\/\/ikimisli.tr\/index.php\/wp-json\/wp\/v2\/posts\/80133\/revisions"}],"predecessor-version":[{"id":80138,"href":"https:\/\/ikimisli.tr\/index.php\/wp-json\/wp\/v2\/posts\/80133\/revisions\/80138"}],"wp:featuredmedia":[{"embeddable":true,"href":"https:\/\/ikimisli.tr\/index.php\/wp-json\/wp\/v2\/media\/80134"}],"wp:attachment":[{"href":"https:\/\/ikimisli.tr\/index.php\/wp-json\/wp\/v2\/media?parent=80133"}],"wp:term":[{"taxonomy":"category","embeddable":true,"href":"https:\/\/ikimisli.tr\/index.php\/wp-json\/wp\/v2\/categories?post=80133"},{"taxonomy":"post_tag","embeddable":true,"href":"https:\/\/ikimisli.tr\/index.php\/wp-json\/wp\/v2\/tags?post=80133"}],"curies":[{"name":"wp","href":"https:\/\/api.w.org\/{rel}","templated":true}]}}