{"id":80232,"date":"2025-09-11T15:08:06","date_gmt":"2025-09-11T15:08:06","guid":{"rendered":"https:\/\/ikimisli.tr\/?p=80232"},"modified":"2025-09-11T15:08:06","modified_gmt":"2025-09-11T15:08:06","slug":"anne-ve-kizi-cinayetinde-kan-donduran-detay-katil-aileden-cikti","status":"publish","type":"post","link":"https:\/\/ikimisli.tr\/index.php\/2025\/09\/11\/anne-ve-kizi-cinayetinde-kan-donduran-detay-katil-aileden-cikti\/","title":{"rendered":"Anne ve k\u0131z\u0131 cinayetinde kan donduran detay: Katil aileden \u00e7\u0131kt\u0131"},"content":{"rendered":"<p>Kocaeli&#8217;nin Gebze il\u00e7esinde meskenlerinde annesi Dursune Bilgili ile 5 ya\u015f\u0131ndaki \u00fcvey karde\u015fi Havva Par\u0131lt\u0131 Anzerli\u2019yi kesici aletle \u00f6ld\u00fcrd\u00fc\u011f\u00fc tez edilen 16 ya\u015f\u0131ndaki M.\u0130.G., \u0130stanbul\u2019da yakalanarak s\u00f6z\u00fc i\u00e7in Kocaeli\u2019ye getirildi. Emniyetteki s\u00fcre\u00e7lerinin akabinde adliyeye sevk edilen ku\u015fkulu, tutukland\u0131.<\/p>\n<p><img decoding=\"async\" src=\"https:\/\/ikimisli.tr\/wp-content\/uploads\/2025\/09\/anne-ve-kizi-cinayetinde-kan-donduran-detay-katil-aileden-cikti-0-UOmfEOdF.jpg\"\/><\/p>\n<p>Olay, d\u00fcn saat 17.00 s\u0131ralar\u0131nda, Gebze il\u00e7esi Beylikba\u011f\u0131 Mahallesi 302\u2019nci Sokak\u2019ta meydana geldi. Apartmanda ya\u015fayanlar, 3\u2019\u00fcnc\u00fc kattaki daireden gelen mak\u00fbs koku \u00fczerine 112 Acil Davet Merkezi\u2019ne ihbarda bulundu. \u0130hbarla adrese itfaiye, s\u0131hhat ve polis gruplar\u0131 sevk edildi. Kap\u0131y\u0131 a\u00e7an olmay\u0131nca itfaiye tak\u0131mlar\u0131, merdivenli ara\u00e7la pencereden daireye girdi. Gruplar, bir m\u00fchlet evvel e\u015finden bo\u015fanan Dursune Bilgili ile k\u0131z\u0131 Havva I\u015f\u0131k Anzerli&#8217;yi kanlar i\u00e7inde yatarken buldu. S\u0131hhat vazifelilerinin denetiminde anne ve k\u0131z\u0131n\u0131n \u00f6mr\u00fcn\u00fc yitirdi\u011fi belirlendi. Yap\u0131lan incelemede, anne-k\u0131z\u0131n bedenlerinde kesici alet yaralar\u0131 oldu\u011fu tespit edildi. Anne ve k\u0131z\u0131n\u0131n cans\u0131z v\u00fccutlar\u0131, otopsi i\u00e7in morga kald\u0131r\u0131ld\u0131.<\/p>\n<p>Kocaeli Emniyet M\u00fcd\u00fcrl\u00fc\u011f\u00fc Cinayet \u015eube M\u00fcd\u00fcrl\u00fc\u011f\u00fc gruplar\u0131, soru\u015fturma kapsam\u0131nda, Bilgili ile k\u0131z\u0131n\u0131 \u00f6ld\u00fcrd\u00fc\u011f\u00fc tez edilen M.\u0130.G.\u2019nin yakalanmas\u0131 i\u00e7in \u00e7al\u0131\u015fma ba\u015flatt\u0131. M.\u0130.G., \u0130stanbul Kad\u0131k\u00f6y\u2019de Moda Sahili\u2019nde yakaland\u0131. Ku\u015fkulu, tabiri al\u0131nmak \u00fczere Kocaeli\u2019ye getirildi.<\/p>\n<p><b>\u015e\u00dcPHEL\u0130 HATA MAK\u0130NES\u0130 \u00c7IKTI<\/b><\/p>\n<p>\u015e\u00fcpheli M.\u0130.G.\u2019in, bayan\u0131n 2017&#8217;de \u00f6len e\u015finden olan o\u011flu oldu\u011fu ortaya \u00e7\u0131kt\u0131. Uyu\u015fturucu ba\u011f\u0131ml\u0131s\u0131 oldu\u011fu \u00f6\u011frenilen M.\u0130.G.\u2019nin 23 hata kayd\u0131n\u0131n bulundu\u011fu belirtildi. Emniyetteki sorgusu s\u00fcren M.\u0130.G.\u2019nin evvel annesi Dursune Bilgili\u2019yi, akabinde \u00fcvey k\u0131z karde\u015fi Havva Par\u0131lt\u0131 Anzerli\u2019yi b\u0131\u00e7aklay\u0131p \u00f6ld\u00fcrd\u00fc\u011f\u00fcn\u00fc s\u00f6yledi\u011fi \u00f6\u011frenildi.<\/p>\n<p>E\u015fi cezaevinde oldu\u011fu belirtilen Dursune Bilgili, sabah saatlerinde Gebze il\u00e7esindeki Pelitli Mezarl\u0131\u011f\u0131\u2019nda, Havva Par\u0131lt\u0131 Anzerli\u2019nin cenazesi ise amcalar\u0131 taraf\u0131ndan \u0130stanbul\u2019da topra\u011fa verildi.<\/p>\n<p><img decoding=\"async\" src=\"https:\/\/ikimisli.tr\/wp-content\/uploads\/2025\/09\/anne-ve-kizi-cinayetinde-kan-donduran-detay-katil-aileden-cikti-1-93ezhwfY.jpg\"\/><\/p>\n<p><b>\u0130FADES\u0130 ORTAYA \u00c7IKTI<\/b><\/p>\n<p>Annesi Dursune Bilgili ile \u00fcvey karde\u015fi Havva Par\u0131lt\u0131 Anzerli\u2019yi \u00f6ld\u00fcren M.\u0130.G.\u2019nin emniyetteki tabiri ortaya \u00e7\u0131kt\u0131. M.\u0130.G.\u2019nin tabirinde, annesinin kendisine vakit zaman \u015fiddet uygulad\u0131\u011f\u0131n\u0131, \u00fcvey karde\u015fini daha \u00e7ok sevdi\u011fini ve \u00f6len babas\u0131na daima hakaret etti\u011fini arg\u00fcman ederken, cinayetleri de olay g\u00fcn\u00fc annesinin babas\u0131na tekrar hakaret etmesi \u00fczerine i\u015fledi\u011fini s\u00f6yledi\u011fi \u00f6\u011frenildi.<\/p>\n<p>\u00d6te yandan, \u00f6len Dursune Bilgili&#8217;nin toplumsal medya hesab\u0131nda, o\u011fluyla \u00e7ekilmi\u015f bir foto\u011fraf\u0131n\u0131, &#8216;Can\u0131m o\u011flum sen yan\u0131mda ol yeter&#8217; notuyla payla\u015ft\u0131\u011f\u0131 g\u00f6r\u00fcld\u00fc. <\/p>\n<p><b>&#8220;3\u2019\u00dc B\u0130R ARADA YA\u015eARMI\u015e&#8221;<\/b><\/p>\n<p>\u015e\u00fcpheli M.\u0130.G.&#8217;nin annesi Dursune Bilgili ile \u00fcvey k\u0131z karde\u015fi Havva Par\u0131lt\u0131 Anzerli\u2019yi \u00f6ld\u00fcrd\u00fc\u011f\u00fc olay\u0131n ya\u015fand\u0131\u011f\u0131 Beylikba\u011f\u0131 Mahallesi\u2019nin muhtar\u0131 Osman \u015eahin, \u201c16 ya\u015f\u0131ndaki o\u011flu ile 3\u2019\u00fc bir arada ya\u015farm\u0131\u015f. Kom\u015fular\u0131n s\u00f6ylemesine nazaran olay 10 g\u00fcn evvel olmu\u015f. Net bilgi a\u00e7\u0131klamalar\u0131n akabinde muhakkak olacak. Olay\u0131n ne oldu\u011funu tam olarak bilmiyoruz. Bu aile mahallemizde 4 y\u0131ld\u0131r ya\u015famakta. Olay bundan ibaret. \u00d6lenlere Allah rahmet eylesin, mahallemizin ba\u015f\u0131 sa\u011f olsun\u201d dedi.<\/p>\n<p><b>TUTUKLANDI<\/b><\/p>\n<p>Annesi Dursune Bilgili ile \u00fcvey karde\u015fi Havva I\u015f\u0131k Anzerli\u2019yi \u00f6ld\u00fcren M.\u0130.G., emniyetteki sorgusunun akabinde sevk edildi\u011fi adliyede \u00e7\u0131kar\u0131ld\u0131\u011f\u0131 mahkeme taraf\u0131ndan tutukland\u0131.<\/p>\n<p><img decoding=\"async\" src=\"https:\/\/ikimisli.tr\/wp-content\/uploads\/2025\/09\/anne-ve-kizi-cinayetinde-kan-donduran-detay-katil-aileden-cikti-2-7zpXazAq.jpg\"\/><\/p>\n","protected":false},"excerpt":{"rendered":"<p>Kocaeli&#8217;de konutlar\u0131nda meyyit bulunan Dursune Bilgili ile k\u0131z\u0131 Havva I\u015f\u0131k Anzerli\u2019yi \u00f6ld\u00fcrd\u00fc\u011f\u00fc sav\u0131yla g\u00f6zalt\u0131na al\u0131nan 16 ya\u015f\u0131ndaki M.\u0130.G. isimli \u015f\u00fcphelinin bayan\u0131n 2017&#8217;de \u00f6len e\u015finden olan o\u011flu oldu\u011fu ortaya \u00e7\u0131kt\u0131. Ku\u015fkulu, emniyetteki sorgusunun akabinde sevk edildi\u011fi adliyede \u00e7\u0131kar\u0131ld\u0131\u011f\u0131 mahkeme taraf\u0131ndan tutukland\u0131.<\/p>\n","protected":false},"author":1,"featured_media":80233,"comment_status":"open","ping_status":"open","sticky":false,"template":"","format":"standard","meta":{"footnotes":""},"categories":[25],"tags":[5544,644,171,410,629],"class_list":["post-80232","post","type-post","status-publish","format-standard","has-post-thumbnail","hentry","category-gundem","tag-annesi","tag-bilgi","tag-olay","tag-supheli","tag-uvey"],"_links":{"self":[{"href":"https:\/\/ikimisli.tr\/index.php\/wp-json\/wp\/v2\/posts\/80232","targetHints":{"allow":["GET"]}}],"collection":[{"href":"https:\/\/ikimisli.tr\/index.php\/wp-json\/wp\/v2\/posts"}],"about":[{"href":"https:\/\/ikimisli.tr\/index.php\/wp-json\/wp\/v2\/types\/post"}],"author":[{"embeddable":true,"href":"https:\/\/ikimisli.tr\/index.php\/wp-json\/wp\/v2\/users\/1"}],"replies":[{"embeddable":true,"href":"https:\/\/ikimisli.tr\/index.php\/wp-json\/wp\/v2\/comments?post=80232"}],"version-history":[{"count":1,"href":"https:\/\/ikimisli.tr\/index.php\/wp-json\/wp\/v2\/posts\/80232\/revisions"}],"predecessor-version":[{"id":80237,"href":"https:\/\/ikimisli.tr\/index.php\/wp-json\/wp\/v2\/posts\/80232\/revisions\/80237"}],"wp:featuredmedia":[{"embeddable":true,"href":"https:\/\/ikimisli.tr\/index.php\/wp-json\/wp\/v2\/media\/80233"}],"wp:attachment":[{"href":"https:\/\/ikimisli.tr\/index.php\/wp-json\/wp\/v2\/media?parent=80232"}],"wp:term":[{"taxonomy":"category","embeddable":true,"href":"https:\/\/ikimisli.tr\/index.php\/wp-json\/wp\/v2\/categories?post=80232"},{"taxonomy":"post_tag","embeddable":true,"href":"https:\/\/ikimisli.tr\/index.php\/wp-json\/wp\/v2\/tags?post=80232"}],"curies":[{"name":"wp","href":"https:\/\/api.w.org\/{rel}","templated":true}]}}