{"id":8026,"date":"2025-01-31T13:24:07","date_gmt":"2025-01-31T13:24:07","guid":{"rendered":"https:\/\/ikimisli.tr\/?p=8026"},"modified":"2025-01-31T13:24:07","modified_gmt":"2025-01-31T13:24:07","slug":"55-kisiye-mezar-olan-kupik-apartmani-iddianamesi-hazirlandi","status":"publish","type":"post","link":"https:\/\/ikimisli.tr\/index.php\/2025\/01\/31\/55-kisiye-mezar-olan-kupik-apartmani-iddianamesi-hazirlandi\/","title":{"rendered":"55 ki\u015fiye mezar olan Kupik Apartman\u0131 iddianamesi haz\u0131rland\u0131"},"content":{"rendered":"<p>Kahramanmara\u015f merkezli 6 \u015eubat sars\u0131nt\u0131lar\u0131nda Hatay&#8217;\u0131n K\u0131r\u0131khan il\u00e7esi Kurtulu\u015f Mahallesi&#8217;nde bulunan Kupik Apartman\u0131&#8217;n\u0131n y\u0131k\u0131lmas\u0131 sonucu 55 ki\u015fi hayat\u0131n\u0131 yitirdi, 8 ki\u015fi de yaraland\u0131.\u00a0<\/p>\n<p>K\u0131r\u0131khan Cumhuriyet Ba\u015fsavc\u0131l\u0131\u011f\u0131&#8217;nca, Kupik Apartman\u0131&#8217;n\u0131n arsa sahibi ve yap\u0131 m\u00fcteahhidi Ziyadin Kupik ile tadilat projesi statik hesap proje m\u00fcellifi in\u015faat m\u00fchendisi Nezir G\u00fcnay hakk\u0131nda &#8220;taksirle mevte ve yaralanmaya neden olma&#8221; c\u00fcrm\u00fcnden 15&#8217;er y\u0131la kadar mahpus cezas\u0131yla haz\u0131rlanan iddianame, K\u0131r\u0131khan A\u011f\u0131r Ceza Mahkemesi&#8217;nce kabul edildi.<\/p>\n<p>&#8220;M\u00dcTEAHH\u0130T VE PROJE SORUMLUSU KUSURLUDUR&#8221;<\/p>\n<p>ANKA Haber Ajans\u0131, K\u0131r\u0131khan Cumhuriyet Ba\u015fsavc\u0131l\u0131\u011f\u0131&#8217;n\u0131n haz\u0131rlad\u0131\u011f\u0131 iddianameye ula\u015ft\u0131. \u0130ddianamede proje m\u00fcellifi Nezir G\u00fcnay&#8217;\u0131n, Kupik Apartman\u0131&#8217;n\u0131n in\u015faat tadilat projesinin 1997 Sars\u0131nt\u0131 Y\u00f6netmeli\u011fi kaidelerine uygun tahkik yap\u0131lmas\u0131 gerekirken, gere\u00e7 dayan\u0131mlar\u0131n\u0131, kuvvetli kolon ve kesme g\u00fcvenli\u011fi hesaplar\u0131n\u0131 yapmadan, yer et\u00fcd\u00fc haz\u0131rlamadan hesaplar\u0131n\u0131 yapt\u0131\u011f\u0131 belirtildi. 3194 Say\u0131l\u0131 \u0130mar Kanunu ve eki y\u00f6netmeliklerde tan\u0131mlanan misyonlar\u0131n\u0131 yerine getirmeden uygulamadaki y\u00f6netmeli\u011fe uygun statik hesap yapmad\u0131\u011f\u0131 da tespit edilen G\u00fcnay&#8217;a kusur atfedildi.<\/p>\n<p>Kupik Apartman\u0131&#8217;n\u0131n birinci ruhsat tarihinde 1975 y\u0131l\u0131, tadilat ruhsat\u0131nda ise 1997 y\u0131l\u0131 Zelzele Y\u00f6netmeli\u011fine tabi oldu\u011fu belirtildi.<\/p>\n<p><strong>M\u00fcteahhit Kupik hakk\u0131nda \u015fu tespitler yer ald\u0131:<\/strong><\/p>\n<p>&#8220;Soru\u015fturma konusu binan\u0131n 1975 Afet B\u00f6lgelerinde Yap\u0131lacak Yap\u0131lar Hakk\u0131nda Y\u00f6netmeli\u011fi&#8217;ne B 160&#8217;tan k\u00fc\u00e7\u00fck nitelikte beton kullan\u0131lamayaca\u011f\u0131 belirtilmesine kar\u015f\u0131n belirtilen nitelikte beton d\u00f6k\u00fclmedi\u011fi tespit edilmi\u015ftir. Etriye s\u0131kla\u015ft\u0131rmalar\u0131n\u0131n yap\u0131lmad\u0131\u011f\u0131, sar\u0131lma b\u00f6lgesindeki etriye kancalar\u0131n\u0131n, kendi do\u011frultusu ile 135 derece olu\u015fturmak suretiyle yap\u0131laca\u011f\u0131 karar\u0131 yer almas\u0131na kar\u015f\u0131n y\u00f6netmelikte belirtilen a\u00e7\u0131da etriyenin k\u0131vr\u0131lmad\u0131\u011f\u0131 g\u00f6r\u00fclm\u00fc\u015ft\u00fcr. Fen ve sanat kurallar\u0131na uygun imalat yap\u0131lmam\u0131\u015ft\u0131r. M\u00fcteahhit Ziyadin Kupik&#8217;in y\u0131k\u0131m\u0131n ger\u00e7ekle\u015fmesinde teknik taraftan tesirinin bulundu\u011fu tespit edilmi\u015ftir.&#8221;<\/p>\n<p><b>BELED\u0130YE BA\u015eKANI DA KUSURLU<\/b><\/p>\n<p>Kupik Apartman\u0131&#8217;n\u0131n in\u015faat\u0131nda kullan\u0131lm\u0131\u015f betonun 1975 Afet B\u00f6lgelerinde Yap\u0131lacak Yap\u0131lar Hakk\u0131nda Y\u00f6netmeli\u011fi&#8217;ne kar\u015f\u0131t oldu\u011fu, kolonlar\u0131n kimilerinde eksik demirlerin oldu\u011fu, projede eksikliklerin bulundu\u011fu, \u0130mar Kanunu 28&#8217;nci unsurunda belirtilmesine kar\u015f\u0131n uygulama s\u0131ras\u0131nda gere\u011fince kontrol yap\u0131lmad\u0131\u011f\u0131 ve imalatlar\u0131n gere\u011fince denetim edilmedi\u011fi belirtilen iddianamede, bu yanl\u0131\u015flardan ve eksikliklerden teknik uygulama sorumlusu mimar Necati U\u00e7ar&#8217;\u0131n kusurlu oldu\u011fu kaydedildi.<\/p>\n<p>\u0130ddianamede, y\u00f6netmeliklere uygun olmayan statik proje ve hesaplar\u0131n\u0131 onaylayarak in\u015faat\u0131n \u00fcretimine m\u00fcsaade veren, yap\u0131n\u0131n tarz\u0131na uygun olmayan tadilat ruhsat\u0131n\u0131 onaylayan K\u0131r\u0131khan Belediyesi Ba\u015fkan\u0131 \u0130smail Turan&#8217;a da kusur atfedildi.<\/p>\n<p><b>\u015e\u00dcPHEL\u0130LER SU\u00c7LAMALARI REDDETT\u0130<\/b><\/p>\n<p>\u0130ddianamede \u015f\u00fcphelilerin tabirlerine yer verildi. Ku\u015fkulu Nezir G\u00fcnay, Kupik \u0130n\u015faat&#8217;ta i\u015f yap\u0131p yapmad\u0131\u011f\u0131m\u0131 hat\u0131rlamad\u0131\u011f\u0131n\u0131, yaln\u0131zca projeyi yapt\u0131\u011f\u0131n\u0131 ve \u00a0in\u015faat ile ilgisinin olmad\u0131\u011f\u0131n\u0131 ileri s\u00fcrd\u00fc. G\u00fcnay, kendisine kusur atfeden eksper raporunu kabul etmedi\u011fini belirterek, &#8220;\u0130yi bir statik\u00e7iyim, bunu herkes biliyor ve kabul ediyor. Kusur yapabilece\u011fimi zannetmiyorum. \u00dczerime at\u0131l\u0131 su\u00e7lamalar\u0131 kabul etmiyorum&#8221; dedi.<\/p>\n<p>\u015e\u00fcpheli Ziyadin Kupik ise Kupik Apartman\u0131&#8217;n\u0131n yap\u0131 m\u00fcteahhitli\u011fini 1996 y\u0131l\u0131nda ba\u015flay\u0131p 1998 y\u0131l\u0131nda bitirdi\u011fini s\u00f6yledi ve \u015funlar\u0131 kaydetti:<\/p>\n<p>&#8220;Bilirki\u015fi raporunda \u00fczerime at\u0131l\u0131 kusurlar\u0131 kabul etmiyorum. Bu yap\u0131n\u0131n arsa sahibi de\u011filim. O tarihte belediyeye ili\u015fkin bu arsa \u00fczerinde kat kar\u015f\u0131l\u0131\u011f\u0131 in\u015faat mukavelesi yaparak yaln\u0131zca m\u00fcteahhitli\u011fini \u00fcstlendim. Binay\u0131 yapt\u0131\u011f\u0131m periyotta nerv\u00fcrl\u00fc demir ve beton karma makinesi yoktur. B\u00fct\u00fcn s\u00fcre\u00e7ler elle ve betonu tutmayan d\u00fcz demirle yap\u0131lm\u0131\u015ft\u0131r. Ben o g\u00fcnk\u00fc zelzele y\u00f6netmeli\u011finin ve fennin gerekti\u011fi b\u00fcy\u00fcn kurallara riayet ederek in\u015faat\u0131 yapt\u0131m. 25 y\u0131ld\u0131r rastgele bir kimseden \u015fikayet almad\u0131m. O devir beton, kal\u0131p ve demir ile ilgili t\u00fcm s\u00fcre\u00e7leri K\u0131r\u0131khan&#8217;da in\u015faat ustas\u0131 olarak bilinen N.\u00d6. ve merhum a\u011fabeyi R.\u00d6. yapm\u0131\u015ft\u0131r. Bu arkada\u015flar\u0131n rastgele bir kusurlu hareketlerini g\u00f6rmedim. \u00dczerime at\u0131l\u0131 su\u00e7lamalar\u0131 kabul etmiyorum.&#8221;<\/p>\n<p>\u00d6te yandan \u0130smail Turan&#8217;\u0131n 2020 y\u0131l\u0131nda vefat etmesi nedeniyle hakk\u0131nda kovu\u015fturmaya yer olmad\u0131\u011f\u0131na dair karar verildi. Mimar Necati U\u00e7ar hakk\u0131nda da kovu\u015fturmaya yer olmad\u0131\u011f\u0131na karar verildi.<\/p>\n<p><b>&#8220;GE\u00c7 GELEN ADALET, ADALET DE\u011e\u0130LD\u0130R&#8221;<\/b><\/p>\n<p>Dosya kapsam\u0131nda tutuklu san\u0131k bulunmuyor. Davan\u0131n birinci duru\u015fmas\u0131, 14 \u015eubat&#8217;ta K\u0131r\u0131khan A\u011f\u0131r Ceza Mahkemesi&#8217;nde g\u00f6r\u00fclecek.<\/p>\n<p>Kupik Apartman\u0131&#8217;nda 25 ya\u015f\u0131ndaki o\u011flu Efe \u00c7a\u011flar&#8217;\u0131 kaybeden Hasan Karag\u00f6z, ANKA Haber Ajans\u0131&#8217;na yapt\u0131\u011f\u0131 de\u011ferlendirmede, &#8220;Depremin \u00fczerinden 2 y\u0131l ge\u00e7ti. 14 \u015eubat&#8217;ta birinci duru\u015fmam\u0131z g\u00f6r\u00fclecek. Belge kapsam\u0131nda tutuklu san\u0131k yok. Umar\u0131m birinci duru\u015fmada o\u011flumun ve \u00f6b\u00fcr \u00f6lenlerin sorumlular\u0131 hakk\u0131nda tutuklama karar\u0131 \u00e7\u0131kar. Ge\u00e7 gelen adalet, adalet de\u011fildir&#8221; dedi.<\/p>\n","protected":false},"excerpt":{"rendered":"<p>Hatay K\u0131r\u0131khan&#8217;da 6 \u015eubat sars\u0131nt\u0131lar\u0131nda y\u0131k\u0131lan ve 55 ki\u015finin hayat\u0131n\u0131 kaybetti\u011fi Kupik Apartman\u0131&#8217;na ait m\u00fcteahhit Ziyadin Kupik ile proje m\u00fcellifi Nezir G\u00fcnay hakk\u0131nda 15&#8217;er y\u0131la kadar mahpus cezas\u0131 istemiyle dava a\u00e7\u0131ld\u0131.<\/p>\n","protected":false},"author":1,"featured_media":8027,"comment_status":"open","ping_status":"open","sticky":false,"template":"","format":"standard","meta":{"footnotes":""},"categories":[25],"tags":[1334,1968,1969,437,292],"class_list":["post-8026","post","type-post","status-publish","format-standard","has-post-thumbnail","hentry","category-gundem","tag-hakkinda","tag-insaat","tag-kusur","tag-proje","tag-yapi"],"_links":{"self":[{"href":"https:\/\/ikimisli.tr\/index.php\/wp-json\/wp\/v2\/posts\/8026","targetHints":{"allow":["GET"]}}],"collection":[{"href":"https:\/\/ikimisli.tr\/index.php\/wp-json\/wp\/v2\/posts"}],"about":[{"href":"https:\/\/ikimisli.tr\/index.php\/wp-json\/wp\/v2\/types\/post"}],"author":[{"embeddable":true,"href":"https:\/\/ikimisli.tr\/index.php\/wp-json\/wp\/v2\/users\/1"}],"replies":[{"embeddable":true,"href":"https:\/\/ikimisli.tr\/index.php\/wp-json\/wp\/v2\/comments?post=8026"}],"version-history":[{"count":1,"href":"https:\/\/ikimisli.tr\/index.php\/wp-json\/wp\/v2\/posts\/8026\/revisions"}],"predecessor-version":[{"id":8028,"href":"https:\/\/ikimisli.tr\/index.php\/wp-json\/wp\/v2\/posts\/8026\/revisions\/8028"}],"wp:featuredmedia":[{"embeddable":true,"href":"https:\/\/ikimisli.tr\/index.php\/wp-json\/wp\/v2\/media\/8027"}],"wp:attachment":[{"href":"https:\/\/ikimisli.tr\/index.php\/wp-json\/wp\/v2\/media?parent=8026"}],"wp:term":[{"taxonomy":"category","embeddable":true,"href":"https:\/\/ikimisli.tr\/index.php\/wp-json\/wp\/v2\/categories?post=8026"},{"taxonomy":"post_tag","embeddable":true,"href":"https:\/\/ikimisli.tr\/index.php\/wp-json\/wp\/v2\/tags?post=8026"}],"curies":[{"name":"wp","href":"https:\/\/api.w.org\/{rel}","templated":true}]}}