{"id":80385,"date":"2025-09-19T18:31:41","date_gmt":"2025-09-19T18:31:41","guid":{"rendered":"https:\/\/ikimisli.tr\/?p=80385"},"modified":"2025-09-19T18:31:41","modified_gmt":"2025-09-19T18:31:41","slug":"avrupada-sicaklar-24-bin-kisinin-olumune-neden-oldu","status":"publish","type":"post","link":"https:\/\/ikimisli.tr\/index.php\/2025\/09\/19\/avrupada-sicaklar-24-bin-kisinin-olumune-neden-oldu\/","title":{"rendered":"Avrupa&#8217;da s\u0131caklar 24 bin ki\u015finin \u00f6l\u00fcm\u00fcne neden oldu"},"content":{"rendered":"<p>Imperial College London ve London School of Hygiene &#038; Tropical Medicine taraf\u0131ndan Avrupa\u2019daki 854 kentte hava s\u0131cakl\u0131klar\u0131 dalgas\u0131ndan rahats\u0131zlananlar \u00fczerinde ara\u015ft\u0131rma yap\u0131ld\u0131.<\/p>\n<p><b>BA\u015eKENT AT\u0130NADA 630 K\u0130\u015e\u0130 SICAKLIKTAN \u00d6LD\u00dc<\/b><\/p>\n<p>Yap\u0131lan ara\u015ft\u0131rman\u0131n tahlillerine nazaran  tahlile nazaran, s\u0131cak hava dalgalar\u0131ndan etkilenen Yunanistan&#8217;daki 808 vefattan 630&#8217;unun ba\u015f\u015fehir Atina&#8217;da kaydedildi\u011fi belirtildi.<\/p>\n<p><b>AVRUPA\u2019DA SICAKTAN 24 B\u0130N 400 MEVT GER\u00c7EKLE\u015eT\u0130<\/b><\/p>\n<p>Analiz, iklim krizinin s\u0131cakl\u0131klar\u0131 3,6\u00b0C&#8217;ye kadar art\u0131rd\u0131\u011f\u0131n\u0131 ve insan faaliyetleriyle \u0131s\u0131t\u0131lmayan bir yaza k\u0131yasla 16.500 ek mevte yol a\u00e7t\u0131\u011f\u0131n\u0131 ortaya koydu. \u00d6teki bir deyi\u015fle, iklim krizi bu yaz kestirimi 24.400 s\u0131cakl\u0131k kaynakl\u0131 vefat\u0131n %68&#8217;inin tesirli oldu\u011fu a\u00e7\u0131kland\u0131.<\/p>\n","protected":false},"excerpt":{"rendered":"<p>\u0130klim krizi nedeniyle olu\u015fan s\u0131cak hava dalgas\u0131 nedeniyle Avrupa \u00fclkelerinde binlerce mevt meydana geldi. Avrupa\u2019da s\u0131caktan \u00f6lenlerin say\u0131s\u0131 24.400\u2019e y\u00fckseldi. Yaln\u0131zca kom\u015fu Yunanistan\u2019da s\u0131cak hava dalgas\u0131 nedeniyle \u00f6lenlerin say\u0131s\u0131 808\u2019e y\u00fckseldi.<\/p>\n","protected":false},"author":1,"featured_media":80386,"comment_status":"open","ping_status":"open","sticky":false,"template":"","format":"standard","meta":{"footnotes":""},"categories":[43],"tags":[278],"class_list":["post-80385","post","type-post","status-publish","format-standard","has-post-thumbnail","hentry","category-dunya","tag-sicak"],"_links":{"self":[{"href":"https:\/\/ikimisli.tr\/index.php\/wp-json\/wp\/v2\/posts\/80385","targetHints":{"allow":["GET"]}}],"collection":[{"href":"https:\/\/ikimisli.tr\/index.php\/wp-json\/wp\/v2\/posts"}],"about":[{"href":"https:\/\/ikimisli.tr\/index.php\/wp-json\/wp\/v2\/types\/post"}],"author":[{"embeddable":true,"href":"https:\/\/ikimisli.tr\/index.php\/wp-json\/wp\/v2\/users\/1"}],"replies":[{"embeddable":true,"href":"https:\/\/ikimisli.tr\/index.php\/wp-json\/wp\/v2\/comments?post=80385"}],"version-history":[{"count":1,"href":"https:\/\/ikimisli.tr\/index.php\/wp-json\/wp\/v2\/posts\/80385\/revisions"}],"predecessor-version":[{"id":80387,"href":"https:\/\/ikimisli.tr\/index.php\/wp-json\/wp\/v2\/posts\/80385\/revisions\/80387"}],"wp:featuredmedia":[{"embeddable":true,"href":"https:\/\/ikimisli.tr\/index.php\/wp-json\/wp\/v2\/media\/80386"}],"wp:attachment":[{"href":"https:\/\/ikimisli.tr\/index.php\/wp-json\/wp\/v2\/media?parent=80385"}],"wp:term":[{"taxonomy":"category","embeddable":true,"href":"https:\/\/ikimisli.tr\/index.php\/wp-json\/wp\/v2\/categories?post=80385"},{"taxonomy":"post_tag","embeddable":true,"href":"https:\/\/ikimisli.tr\/index.php\/wp-json\/wp\/v2\/tags?post=80385"}],"curies":[{"name":"wp","href":"https:\/\/api.w.org\/{rel}","templated":true}]}}