{"id":80642,"date":"2025-09-21T09:07:39","date_gmt":"2025-09-21T09:07:39","guid":{"rendered":"https:\/\/ikimisli.tr\/?p=80642"},"modified":"2025-09-21T09:07:39","modified_gmt":"2025-09-21T09:07:39","slug":"istinaftan-sehit-seyda-polis-davasinda-karar","status":"publish","type":"post","link":"https:\/\/ikimisli.tr\/index.php\/2025\/09\/21\/istinaftan-sehit-seyda-polis-davasinda-karar\/","title":{"rendered":"\u0130stinaf&#8217;tan \u015fehit \u015eeyda polis davas\u0131nda karar"},"content":{"rendered":"<p>\u0130stanbul B\u00f6lge Adliye Mahkemesi 1. Ceza Dairesi (istinaf), Anadolu 26. A\u011f\u0131r Ceza Mahkemesince san\u0131k Ge\u00e7ti hakk\u0131nda verilen &#8220;g\u00f6revli memura kar\u015f\u0131 taamm\u00fcden \u00f6ld\u00fcrme&#8221; kabahatinden a\u011f\u0131rla\u015ft\u0131r\u0131lm\u0131\u015f m\u00fcebbet, polis memuru K.H.S&#8217;ye kar\u015f\u0131 &#8220;g\u00f6revli memura kar\u015f\u0131 taamm\u00fcden \u00f6ld\u00fcrmeye te\u015febb\u00fcs&#8221; c\u00fcrm\u00fcnden 20 y\u0131l, annesi P\u0131nar Ge\u00e7ti&#8217;ye kar\u015f\u0131 &#8220;olas\u0131 kastla yaralama&#8221; c\u00fcrm\u00fcnden 3 y\u0131l, &#8220;g\u00f6revi yapt\u0131rmamak i\u00e7in direnme&#8221; hatas\u0131ndan ise 3 y\u0131l 9 ay mahpus cezalar\u0131na ait incelemelerini tamamlad\u0131.<\/p>\n<p>Yerel mahkemenin karar\u0131nda metot ve temele ait rastgele bir hukuka terslik, kan\u0131tlarda ve s\u00fcre\u00e7lerde ise rastgele bir eksiklik olmad\u0131\u011f\u0131na h\u00fckmeden daire, ispat bak\u0131m\u0131ndan de\u011ferlendirmenin yerinde oldu\u011funu kararla\u015ft\u0131rd\u0131.<\/p>\n<p>Kararda, aksiyonun yanl\u0131\u015fs\u0131z olarak nitelendirildi\u011fi, san\u0131klara verilen cezalarda bir isabetsizlik olmad\u0131\u011f\u0131na dikkat \u00e7ekilerek, bu kararlar taraf\u0131ndan yap\u0131lan istinaf m\u00fcracaatlar\u0131n\u0131n temelden reddine h\u00fckmetti.<\/p>\n<p>\u00d6te yandan san\u0131\u011f\u0131n bo\u011fu\u015fma esnas\u0131nda kendisine m\u00fcdahale eden di\u011fer bir polis memurunun silah\u0131n\u0131 zorla ele ge\u00e7irerek ald\u0131\u011f\u0131, Anadolu Cumhuriyet Ba\u015fsavc\u0131l\u0131\u011f\u0131nca san\u0131k hakk\u0131nda bu hareketinden \u00f6t\u00fcr\u00fc &#8220;gece vakti nitelikli ya\u011fma&#8221; kabahatinden ayr\u0131yeten hata duyurusunda bulunulaca\u011f\u0131 aktar\u0131lan kararda, kamu davas\u0131 a\u00e7\u0131larak bu evrak\u0131n da ana dava evrak\u0131yla birle\u015ftirilmesi istendi.<\/p>\n<p>Daire, belgelerin birle\u015ftirilmesi sa\u011fland\u0131ktan sonra yarg\u0131lama yap\u0131l\u0131p karar verilece\u011fine h\u00fckmederek, belgeyi lokal mahkemeye geri g\u00f6nderdi.<\/p>\n<p>San\u0131\u011f\u0131n, 25 Eyl\u00fcl&#8217;de tekrar hakim kar\u015f\u0131s\u0131na \u00e7\u0131kmas\u0131 bekleniyor.<\/p>\n<p>NE OLMU\u015eTU?<\/p>\n<p>Anadolu Cumhuriyet Ba\u015fsavc\u0131l\u0131\u011f\u0131nca, 22 Eyl\u00fcl 2024&#8217;te san\u0131k Yunus Emre Ge\u00e7ti&#8217;nin \u00dcmraniye&#8217;de motosiklet h\u0131rs\u0131zl\u0131\u011f\u0131 hatas\u0131ndan yakaland\u0131ktan sonra \u00e7\u0131kan arbedede polis memuru \u015eeyda Y\u0131lmaz&#8217;\u0131 \u015fehit edip bir polisi de yaralamas\u0131 \u00fczerine soru\u015fturma ba\u015flat\u0131lm\u0131\u015ft\u0131.<\/p>\n<p>Soru\u015fturma sonucu haz\u0131rlanan iddianamede, \u015fehit \u015eeyda Y\u0131lmaz&#8217;\u0131n e\u015fi Semih Y\u0131lmaz ile olay s\u0131ras\u0131nda \u015f\u00fcphelinin silah\u0131ndan \u00e7\u0131kan kur\u015funla yaralanan polis memuru K.H.S. &#8220;m\u00fc\u015fteki&#8221;, \u015f\u00fcphelinin annesi P\u0131nar Ge\u00e7ti ise &#8220;ma\u011fdur&#8221; olarak yer alm\u0131\u015ft\u0131.<\/p>\n<p>\u0130ddianamede, \u015f\u00fcphelinin 22 Eyl\u00fcl&#8217;de motosiklet h\u0131rs\u0131zl\u0131\u011f\u0131 c\u00fcrm\u00fcnden yakalanarak Dudullu \u015eehit \u0130smail Akkoyun Polis Merkezi&#8217;ne g\u00f6t\u00fcr\u00fcld\u00fc\u011f\u00fc, te\u015fhis s\u00fcre\u00e7leri yap\u0131ld\u0131ktan sonra istirahat hedefiyle bah\u00e7eye \u00e7\u0131kt\u0131\u011f\u0131, bu s\u0131rada annesiyle g\u00f6r\u00fc\u015ft\u00fc\u011f\u00fc ve f\u0131rsattan istifade ederek merkezin tel kapl\u0131 duvar\u0131ndan atlay\u0131p firar etti\u011fi anlat\u0131lm\u0131\u015ft\u0131.<\/p>\n<p>Bunun \u00fczerine polis memurlar\u0131 K.H.S. ile \u015eeyda Y\u0131lmaz&#8217;\u0131n \u015f\u00fcpheliyi yakalamak i\u00e7in \u00e7al\u0131\u015fma ba\u015flatt\u0131klar\u0131 kaydedilen iddianamede, \u015f\u00fcphelinin Petrol Yolu Caddesi&#8217;ndeki inhisar bayisine hakikat y\u00fcr\u00fcd\u00fc\u011f\u00fc esnada polisler taraf\u0131ndan g\u00f6r\u00fcld\u00fc\u011f\u00fc, polislerin \u015f\u00fcpheliyi kovalayarak etkisiz hale getirmeye \u00e7al\u0131\u015ft\u0131klar\u0131, \u015f\u00fcphelinin diren\u00e7 g\u00f6sterdi\u011fi s\u0131rada \u00e7\u0131kan arbedede polis memuru K.H.S&#8217;nin baca\u011f\u0131na ve beline sar\u0131l\u0131p beylik tabancas\u0131n\u0131 ald\u0131\u011f\u0131 aktar\u0131lm\u0131\u015ft\u0131.<\/p>\n<p>\u015e\u00fcphelinin s\u00fcratle tabancaya mermi doldurup kendisini yakalamaya \u00e7al\u0131\u015fan K.H.S&#8217;ye yak\u0131n aradan ate\u015f etti\u011fi, arbede s\u0131ras\u0131nda yere d\u00fc\u015fen \u015f\u00fcphelinin polisi maksat alarak aksiyonuna devam etti\u011fine dikkati \u00e7ekilen iddianamede, bu s\u0131rada polis memuru Y\u0131lmaz&#8217;\u0131n monopol bayi \u00f6n\u00fcndeki f\u0131\u00e7\u0131y\u0131 kendini korumak i\u00e7in siper ald\u0131\u011f\u0131 ve \u015f\u00fcpheliyi etkisiz hale getirmek i\u00e7in silah\u0131n\u0131 \u00e7ekti\u011fi vurgulanm\u0131\u015ft\u0131.<\/p>\n<p>\u0130ddianamede, \u015f\u00fcphelinin d\u00fc\u015ft\u00fc\u011f\u00fc yerden aya\u011fa kalkana kadar, Y\u0131lmaz&#8217;\u0131n siper ald\u0131\u011f\u0131 f\u0131\u00e7\u0131y\u0131 gaye al\u0131p \u015farj\u00f6rdeki kur\u015funlar bitene kadar yakla\u015f\u0131k 9-10 kere ate\u015f etti\u011fi, yaralanan polisler ile \u015f\u00fcphelinin olay yerindeki annesi P\u0131nar Ge\u00e7ti&#8217;nin hastaneye kald\u0131r\u0131ld\u0131klar\u0131 anlat\u0131lan iddianamede, Y\u0131lmaz&#8217;\u0131n t\u00fcm m\u00fcdahalelere kar\u015f\u0131n kurtar\u0131lamayarak \u015fehit oldu\u011fu anlat\u0131lm\u0131\u015ft\u0131.<\/p>\n<p>\u0130ddianamede, olay yerindeki 17 kovandan 15&#8217;inin \u015f\u00fcphelinin \u00e7ald\u0131\u011f\u0131 silaha, \u00f6teki 2&#8217;sinin \u015fehit polis Y\u0131lmaz&#8217;a ili\u015fkin oldu\u011fu, \u015fehide isabet eden kur\u015funun ba\u015f\u0131na \u00f6ld\u00fcr\u00fcc\u00fc nitelikte oldu\u011fu kaydedilmi\u015fti.<\/p>\n<p>\u0130ddianamede, tutuklu ku\u015fkulu Yunus Emre Ge\u00e7ti&#8217;nin &#8220;ki\u015finin yerine getirdi\u011fi kamu vazifesi nedeniyle ve yakalanmamak emeliyle bayana kar\u015f\u0131 taamm\u00fcden \u00f6ld\u00fcrme&#8221;, &#8220;ki\u015finin yerine getirdi\u011fi kamu vazifesi nedeniyle ve yakalanmamak maksad\u0131yla bayana kar\u015f\u0131 taamm\u00fcden \u00f6ld\u00fcrmeye te\u015febb\u00fcs&#8221;, &#8220;kad\u0131na yahut \u00fcstsoya kar\u015f\u0131 taamm\u00fcden \u00f6ld\u00fcrmeye te\u015febb\u00fcs&#8221;, &#8220;g\u00f6revi yapt\u0131rmamak i\u00e7in direnme&#8221;, &#8220;ruhsats\u0131z silahlarla mermileri sat\u0131n alma, ta\u015f\u0131ma yahut bulundurma&#8221; c\u00fcr\u00fcmlerinden a\u011f\u0131rla\u015ft\u0131r\u0131lm\u0131\u015f m\u00fcebbet ve 28 y\u0131l 1 aydan 50 y\u0131l 6 aya kadar mahpusla cezaland\u0131r\u0131lmas\u0131 istenmi\u015fti.<\/p>\n<p>\u015e\u00fcphelinin ge\u00e7mi\u015fi, toplumsal m\u00fcnasebetleri, belgeye yans\u0131yan olumsuz ki\u015filik \u00f6zellikleri de dikkate al\u0131narak, hakk\u0131nda takdiri indirim uygulanmamas\u0131 talep edilmi\u015fti.<\/p>\n<p>Davaya bakan Anadolu 26. A\u011f\u0131r Ceza Mahkemesi, 8 Ocak&#8217;taki duru\u015fmada, san\u0131k Yunus Emre Ge\u00e7ti&#8217;yi, \u015fehit polis \u015eeyda Y\u0131lmaz&#8217;a kar\u015f\u0131 &#8220;g\u00f6revli memura kar\u015f\u0131 taamm\u00fcden \u00f6ld\u00fcrme&#8221; c\u00fcrm\u00fcnden a\u011f\u0131rla\u015ft\u0131r\u0131lm\u0131\u015f m\u00fcebbet, polis memuru K.H.S.&#8217;ye kar\u015f\u0131 &#8220;g\u00f6revli memura kar\u015f\u0131 taamm\u00fcden \u00f6ld\u00fcrmeye te\u015febb\u00fcs&#8221; hatas\u0131ndan 20 y\u0131l, annesi P\u0131nar Ge\u00e7ti&#8217;ye kar\u015f\u0131 &#8220;olas\u0131 kastla yaralama&#8221; kabahatinden 3 y\u0131l, &#8220;g\u00f6revi yapt\u0131rmamak i\u00e7in direnme&#8221; hatas\u0131ndan ise 3 y\u0131l 9 ay mahpusa \u00e7arpt\u0131rm\u0131\u015ft\u0131.<\/p>\n<p>San\u0131\u011f\u0131n tutukluluk halinin devam\u0131na da h\u00fckmeden heyet, &#8220;gece vakti cebir kullanarak ya\u011fma&#8221; c\u00fcrm\u00fcnden ise san\u0131k hakk\u0131nda Anadolu Cumhuriyet Ba\u015fsavc\u0131l\u0131\u011f\u0131na c\u00fcr\u00fcm duyurusunda bulunulmas\u0131n\u0131 kararla\u015ft\u0131rm\u0131\u015ft\u0131.<\/p>\n<p>Karar\u0131n akabinde evrak istinafa ta\u015f\u0131nm\u0131\u015ft\u0131.<\/p>\n","protected":false},"excerpt":{"rendered":"<p>\u0130stanbul B\u00f6lge Adliye Mahkemesi, \u00dcmraniye&#8217;de motosiklet h\u0131rs\u0131zl\u0131\u011f\u0131 c\u00fcrm\u00fcnden yakaland\u0131ktan sonra \u00e7\u0131kan arbedede polis memuru \u015eeyda Y\u0131lmaz&#8217;\u0131 silahla vurarak \u015fehit etti\u011fi i\u00e7in a\u011f\u0131rla\u015ft\u0131r\u0131lm\u0131\u015f m\u00fcebbet mahpus cezas\u0131na \u00e7arpt\u0131r\u0131lan Yunus Emre Ge\u00e7ti&#8217;nin yarg\u0131land\u0131\u011f\u0131 davaya ait k\u0131smen bozma karar\u0131 verdi.<\/p>\n","protected":false},"author":1,"featured_media":80643,"comment_status":"open","ping_status":"open","sticky":false,"template":"","format":"standard","meta":{"footnotes":""},"categories":[25],"tags":[1324,149,269,2015,7241],"class_list":["post-80642","post","type-post","status-publish","format-standard","has-post-thumbnail","hentry","category-gundem","tag-iddianamede","tag-karar","tag-polis","tag-sucundan","tag-suphelinin"],"_links":{"self":[{"href":"https:\/\/ikimisli.tr\/index.php\/wp-json\/wp\/v2\/posts\/80642","targetHints":{"allow":["GET"]}}],"collection":[{"href":"https:\/\/ikimisli.tr\/index.php\/wp-json\/wp\/v2\/posts"}],"about":[{"href":"https:\/\/ikimisli.tr\/index.php\/wp-json\/wp\/v2\/types\/post"}],"author":[{"embeddable":true,"href":"https:\/\/ikimisli.tr\/index.php\/wp-json\/wp\/v2\/users\/1"}],"replies":[{"embeddable":true,"href":"https:\/\/ikimisli.tr\/index.php\/wp-json\/wp\/v2\/comments?post=80642"}],"version-history":[{"count":1,"href":"https:\/\/ikimisli.tr\/index.php\/wp-json\/wp\/v2\/posts\/80642\/revisions"}],"predecessor-version":[{"id":80644,"href":"https:\/\/ikimisli.tr\/index.php\/wp-json\/wp\/v2\/posts\/80642\/revisions\/80644"}],"wp:featuredmedia":[{"embeddable":true,"href":"https:\/\/ikimisli.tr\/index.php\/wp-json\/wp\/v2\/media\/80643"}],"wp:attachment":[{"href":"https:\/\/ikimisli.tr\/index.php\/wp-json\/wp\/v2\/media?parent=80642"}],"wp:term":[{"taxonomy":"category","embeddable":true,"href":"https:\/\/ikimisli.tr\/index.php\/wp-json\/wp\/v2\/categories?post=80642"},{"taxonomy":"post_tag","embeddable":true,"href":"https:\/\/ikimisli.tr\/index.php\/wp-json\/wp\/v2\/tags?post=80642"}],"curies":[{"name":"wp","href":"https:\/\/api.w.org\/{rel}","templated":true}]}}