{"id":80645,"date":"2025-09-21T09:19:39","date_gmt":"2025-09-21T09:19:39","guid":{"rendered":"https:\/\/ikimisli.tr\/?p=80645"},"modified":"2025-09-21T09:19:39","modified_gmt":"2025-09-21T09:19:39","slug":"saglik-bakanindan-sma-ilaci-aciklamasi","status":"publish","type":"post","link":"https:\/\/ikimisli.tr\/index.php\/2025\/09\/21\/saglik-bakanindan-sma-ilaci-aciklamasi\/","title":{"rendered":"Sa\u011fl\u0131k Bakan\u0131&#8217;ndan SMA ilac\u0131 a\u00e7\u0131klamas\u0131"},"content":{"rendered":"<p>Sa\u011fl\u0131k Bakan\u0131, &#8220;2026&#8217;n\u0131n ilk yar\u0131s\u0131nda T\u00fcrkiye, kendi SMA ilac\u0131n\u0131 \u00fcretip, ender hastal\u0131klarla ilgili bir ad\u0131m atacak.&#8221; dedi.Sa\u011fl\u0131k Bakan\u0131 Kemal Memi\u015fo\u011flu, &#8220;T\u00fcrkiye&#8217;nin 2026&#8217;n\u0131n birinci yar\u0131s\u0131nda kendi SMA ilac\u0131n\u0131 \u00fcretip, az hastal\u0131klarla ilgili bir ad\u0131m ataca\u011f\u0131n\u0131 belirterek, &#8220;Bundan sonra bilhassa molek\u00fcler tedavilerde, ender hastal\u0131klarda, kendi tedavisini ve ilac\u0131n\u0131 \u00fcretebilen, be\u015ferlerine bu ila\u00e7lar\u0131 rahatl\u0131kla verebilen bir \u00fclke haline gelece\u011fiz.&#8221; a\u00e7\u0131klamas\u0131n\u0131 yapt\u0131. <\/p>\n<p>Tekirda\u011f&#8217;\u0131n Ergene il\u00e7esinde Polifarma taraf\u0131ndan kurulan AR-GE Hammadde ve \u0130la\u00e7 \u00dcretim Merkezi&#8217;nin d\u00fcn a\u00e7\u0131l\u0131\u015f\u0131n\u0131 yapt\u0131klar\u0131n\u0131 an\u0131msatan Memi\u015fo\u011flu, kelamlar\u0131n\u0131 \u015f\u00f6yle s\u00fcrd\u00fcrd\u00fc:<\/p>\n<p>&#8220;Bu tesisin a\u00e7\u0131l\u0131\u015f\u0131 temelinde, T\u00fcrkiye&#8217;nin hem ilac\u0131n\u0131 hem de hammaddesini kendisinin \u00fcretti\u011fi, &#8216;\u00fcreten sa\u011fl\u0131\u011f\u0131n&#8217; modellerinden bir tanesi oldu. \u0130n\u015fallah 2026&#8217;n\u0131n birinci yar\u0131s\u0131nda T\u00fcrkiye kendi SMA ilac\u0131n\u0131 \u00fcretip, ender hastal\u0131klarla ilgili bir ad\u0131m atacak. Bundan sonra bilhassa molek\u00fcler tedavilerde, az hastal\u0131klarda, kendi tedavisini ve ilac\u0131n\u0131 \u00fcretebilen, be\u015ferlerine bu ila\u00e7lar\u0131 rahatl\u0131kla verebilen bir \u00fclke haline gelece\u011fiz. Yaln\u0131zca \u00fclkemize de\u011fil, etraf\u0131m\u0131zdaki \u00f6b\u00fcr \u00fclkelerde de gereksinimi olan b\u00fct\u00fcn insanlara da ulusal teknolojimizle \u00fcretti\u011fimiz ila\u00e7lar\u0131m\u0131z\u0131 2026&#8217;da insanlara ula\u015ft\u0131rm\u0131\u015f olaca\u011f\u0131z.&#8221;<\/p>\n","protected":false},"excerpt":{"rendered":"<p>T\u00fcrkiye\u2019de son vakitlerde bilhassa toplumsal medyada en faal y\u00fcr\u00fct\u00fclen kampanyalardan biri SMA kampanyas\u0131. Aileler toplumsal medyadan a\u00e7t\u0131klar\u0131 hesaplar \u00fczerinden ba\u011f\u0131\u015f yoluyla kampanya y\u00fcr\u00fcterek SMA hastas\u0131 bebeklerini ABD, Avrupa\u2019ya tedaviye g\u00f6ndermeye \u00e7al\u0131\u015f\u0131yor. SMA kampanyalar\u0131nda en s\u0131k duyulan ilac\u0131n ismi isen Zolngensma. Tek seferlik verilen bu ilac\u0131n maliyeti 2 ila 3 milyon dolar ortas\u0131nda.<\/p>\n","protected":false},"author":1,"featured_media":80646,"comment_status":"open","ping_status":"open","sticky":false,"template":"","format":"standard","meta":{"footnotes":""},"categories":[29],"tags":[9158,5049],"class_list":["post-80645","post","type-post","status-publish","format-standard","has-post-thumbnail","hentry","category-saglik","tag-ilacini","tag-nadir"],"_links":{"self":[{"href":"https:\/\/ikimisli.tr\/index.php\/wp-json\/wp\/v2\/posts\/80645","targetHints":{"allow":["GET"]}}],"collection":[{"href":"https:\/\/ikimisli.tr\/index.php\/wp-json\/wp\/v2\/posts"}],"about":[{"href":"https:\/\/ikimisli.tr\/index.php\/wp-json\/wp\/v2\/types\/post"}],"author":[{"embeddable":true,"href":"https:\/\/ikimisli.tr\/index.php\/wp-json\/wp\/v2\/users\/1"}],"replies":[{"embeddable":true,"href":"https:\/\/ikimisli.tr\/index.php\/wp-json\/wp\/v2\/comments?post=80645"}],"version-history":[{"count":1,"href":"https:\/\/ikimisli.tr\/index.php\/wp-json\/wp\/v2\/posts\/80645\/revisions"}],"predecessor-version":[{"id":80647,"href":"https:\/\/ikimisli.tr\/index.php\/wp-json\/wp\/v2\/posts\/80645\/revisions\/80647"}],"wp:featuredmedia":[{"embeddable":true,"href":"https:\/\/ikimisli.tr\/index.php\/wp-json\/wp\/v2\/media\/80646"}],"wp:attachment":[{"href":"https:\/\/ikimisli.tr\/index.php\/wp-json\/wp\/v2\/media?parent=80645"}],"wp:term":[{"taxonomy":"category","embeddable":true,"href":"https:\/\/ikimisli.tr\/index.php\/wp-json\/wp\/v2\/categories?post=80645"},{"taxonomy":"post_tag","embeddable":true,"href":"https:\/\/ikimisli.tr\/index.php\/wp-json\/wp\/v2\/tags?post=80645"}],"curies":[{"name":"wp","href":"https:\/\/api.w.org\/{rel}","templated":true}]}}