{"id":80669,"date":"2025-09-21T10:55:39","date_gmt":"2025-09-21T10:55:39","guid":{"rendered":"https:\/\/ikimisli.tr\/?p=80669"},"modified":"2025-09-21T10:55:39","modified_gmt":"2025-09-21T10:55:39","slug":"camasir-makinesi-tv-bisiklet-ciktiklari-yere-kimse-inanamadi","status":"publish","type":"post","link":"https:\/\/ikimisli.tr\/index.php\/2025\/09\/21\/camasir-makinesi-tv-bisiklet-ciktiklari-yere-kimse-inanamadi\/","title":{"rendered":"\u00c7ama\u015f\u0131r makinesi, TV, bisiklet&#8230;\u00c7\u0131kt\u0131klar\u0131 yere kimse inanamad\u0131"},"content":{"rendered":"<p>\u0130stanbul B\u00fcy\u00fck\u015fehir Belediyesi\u2019nin (\u0130BB) koordinesinde Memleketler aras\u0131 K\u0131y\u0131 Pakl\u0131k G\u00fcn\u00fc hasebiyle \u0130stanbul\u2019un iki farkl\u0131 noktas\u0131nda deniz taban\u0131 pakl\u0131\u011f\u0131 yap\u0131ld\u0131. Ortak\u00f6y \u0130skelesi&#8217;nde ger\u00e7ekle\u015fen dal\u0131\u015f sonras\u0131 deniz taban\u0131ndan \u00e7\u0131kan at\u0131k e\u015fyalar vatanda\u015flara sergilendi.<\/p>\n<p>Uluslararas\u0131 K\u0131y\u0131 Pakl\u0131k G\u00fcn\u00fc hasebiyle \u0130BB koordinesinde Etraf M\u00fcdafaa ve Denetim Dairesi Ba\u015fkanl\u0131\u011f\u0131 Deniz Hizmetleri \u015eube M\u00fcd\u00fcrl\u00fc\u011f\u00fc, Kad\u0131k\u00f6y ve Ortak\u00f6y\u2019de deniz taban\u0131 pakl\u0131\u011f\u0131 aktifli\u011fi d\u00fczenledi. Dalg\u0131\u00e7lar, denize at\u0131lan at\u0131k e\u015fyalar\u0131 \u00e7\u0131karmak i\u00e7in deniz taban\u0131nda pakl\u0131k yapt\u0131. \u00c7\u0131kan at\u0131k e\u015fyalar ise vatanda\u015flar\u0131n g\u00f6rmesi i\u00e7in stant alan\u0131na al\u0131nd\u0131. \u00c7\u0131kan e\u015fyalar ortas\u0131nda printer, bisiklet, \u00e7ama\u015f\u0131r makinesi dikkat \u00e7ekti.<\/p>\n<p><b>\u201cOnu bebe\u011fimiz \u00fczere korumak zorunday\u0131z\u201d<\/b><\/p>\n<p>\u201cOnu bebe\u011fimiz \u00fczere korumak zorunday\u0131z\u201d diyen \u0130BB Etraf Muhafaza ve Denetim Daire Lideri Prof Dr. Ay\u015fen Erdin\u00e7ler \u015funlar\u0131 s\u00f6yledi:<\/p>\n<p>\u201cBug\u00fcn milletleraras\u0131 k\u0131y\u0131 pakl\u0131\u011f\u0131 g\u00fcn\u00fc i\u00e7in buraday\u0131z. Her y\u0131l eyl\u00fcl ay\u0131n\u0131n \u00fc\u00e7\u00fcnc\u00fc cumartesi milletleraras\u0131 k\u0131y\u0131 pakl\u0131\u011f\u0131 g\u00fcn\u00fc olarak kutlan\u0131yor. Biz de halk\u0131n bu mevzudaki fark\u0131ndal\u0131\u011f\u0131n\u0131 artt\u0131rmak i\u00e7in bug\u00fcn burada dalg\u0131\u00e7lar\u0131m\u0131zla denizin taban\u0131na at\u0131lm\u0131\u015f olan bir grup at\u0131k unsurlar\u0131, \u00e7\u00f6p \u00e7\u0131kar\u0131yoruz ve sergiliyoruz. Bu da ola\u011fan halk\u0131m\u0131z\u0131n ilgisini \u00e7ekiyor. Zira \u00e7ok enteresan at\u0131klar var. \u00c7ama\u015f\u0131r makinesinden tutun, oyuncak bebekten tutun, tencereden, \u015fi\u015felerden hatta motosikletler \u00fczere bir\u00e7ok at\u0131k \u00e7\u0131kar\u0131yoruz. Nat\u00fcrel burada k\u0131ymetli olan bir \u015fey var. Sahiden hem karada hem denizde hi\u00e7bir at\u0131\u011f\u0131n ortama b\u0131rak\u0131lmamas\u0131 gerekiyor. Zira bu alanlarda, k\u0131y\u0131larda karaya b\u0131rak\u0131lan \u00e7\u00f6pler denize inerek, denizimizi kirletiyor. Marmara Denizi biliyorsunuz hassas b\u00f6lge son derece hassas bir deniz. Onu bebe\u011fimiz \u00fczere korumak zorunday\u0131z. Hasebiyle halk\u0131m\u0131z\u0131n da bu mevzuda bilin\u00e7lenmeye \u00e7a\u011f\u0131r\u0131yoruz\u201d<\/p>\n<p>Deniz Hizmetleri \u015eube M\u00fcd\u00fcr\u00fc Dr. \u0130lker Aslan ise \u015funlar\u0131 s\u00f6yledi:<\/p>\n<p>&#8220;\u015eu ana kadar \u00e7e\u015fitli vakit dilimlerinde, fark\u0131ndal\u0131k aktiflikleri yapt\u0131k. Denizden \u00e7\u0131kan at\u0131klar\u0131n da stand\u0131n\u0131 yap\u0131yoruz. G\u00f6rm\u00fc\u015f oldu\u011funuz \u00fczere deniz taban\u0131ndan yaz\u0131c\u0131, bisiklet, televizyon, saz g\u00f6vdesi, \u00e7ama\u015f\u0131r makinesi ge\u00e7en ay Sar\u0131yer, Tarabya k\u0131y\u0131s\u0131nda \u00fc\u00e7 farkl\u0131 bir aktiflik yapm\u0131\u015ft\u0131k \u00e7ama\u015f\u0131r makinesini oradan \u00e7\u0131karm\u0131\u015ft\u0131k. Oyuncak otomobil, bisiklet var. \u00c7e\u015fitli at\u0131klar at\u0131lm\u0131\u015f denizin taban\u0131na. Biz her ne bi\u00e7imde denizin taban\u0131yla bulu\u015fmu\u015f olsa da vatanda\u015flar\u0131m\u0131z\u0131n direkt akt\u0131\u011f\u0131n\u0131 d\u00fc\u015f\u00fcnmemeye \u00e7al\u0131\u015f\u0131yoruz, d\u00fc\u015f\u00fcnm\u00fcyoruz. Fakat bir \u00e7e\u015fit de bunlar denizin taban\u0131na kar\u0131\u015f\u0131yor. Denizin i\u00e7erisinde de bir eko sistem denizin i\u00e7erisinde bir tabiat hayat\u0131 oldu\u011fu i\u00e7in deniz kirlili\u011fine sebebiyet verilmemesini istiyoruz. Bunu da duyurabilmek i\u00e7in \u00f6zel g\u00fcnlerde bu usul fark\u0131ndal\u0131k aktiflikleri yaparaktan vatanda\u015flar\u0131m\u0131za deniz kirlili\u011finin \u00f6n\u00fcne ge\u00e7elim alg\u0131s\u0131n\u0131 yaratmaya \u00e7al\u0131\u015f\u0131yoruz.\u201d<\/p>\n","protected":false},"excerpt":{"rendered":"<p>\u0130BB, Milletleraras\u0131 K\u0131y\u0131 Pakl\u0131\u011f\u0131 g\u00fcn\u00fcnde deniz taban\u0131 pakl\u0131\u011f\u0131 yapt\u0131. Denizin taban\u0131ndan \u00e7ama\u015f\u0131r makinesi, TV, bisiklet \u00fczere b\u00fcy\u00fck eserlerin \u00e7\u0131kmas\u0131na kimse inanamad\u0131.<\/p>\n","protected":false},"author":1,"featured_media":80670,"comment_status":"open","ping_status":"open","sticky":false,"template":"","format":"standard","meta":{"footnotes":""},"categories":[25],"tags":[2888,105,9161,1354,840],"class_list":["post-80669","post","type-post","status-publish","format-standard","has-post-thumbnail","hentry","category-gundem","tag-atik","tag-deniz","tag-deniz-dibi","tag-kiyi","tag-koruma"],"_links":{"self":[{"href":"https:\/\/ikimisli.tr\/index.php\/wp-json\/wp\/v2\/posts\/80669","targetHints":{"allow":["GET"]}}],"collection":[{"href":"https:\/\/ikimisli.tr\/index.php\/wp-json\/wp\/v2\/posts"}],"about":[{"href":"https:\/\/ikimisli.tr\/index.php\/wp-json\/wp\/v2\/types\/post"}],"author":[{"embeddable":true,"href":"https:\/\/ikimisli.tr\/index.php\/wp-json\/wp\/v2\/users\/1"}],"replies":[{"embeddable":true,"href":"https:\/\/ikimisli.tr\/index.php\/wp-json\/wp\/v2\/comments?post=80669"}],"version-history":[{"count":1,"href":"https:\/\/ikimisli.tr\/index.php\/wp-json\/wp\/v2\/posts\/80669\/revisions"}],"predecessor-version":[{"id":80671,"href":"https:\/\/ikimisli.tr\/index.php\/wp-json\/wp\/v2\/posts\/80669\/revisions\/80671"}],"wp:featuredmedia":[{"embeddable":true,"href":"https:\/\/ikimisli.tr\/index.php\/wp-json\/wp\/v2\/media\/80670"}],"wp:attachment":[{"href":"https:\/\/ikimisli.tr\/index.php\/wp-json\/wp\/v2\/media?parent=80669"}],"wp:term":[{"taxonomy":"category","embeddable":true,"href":"https:\/\/ikimisli.tr\/index.php\/wp-json\/wp\/v2\/categories?post=80669"},{"taxonomy":"post_tag","embeddable":true,"href":"https:\/\/ikimisli.tr\/index.php\/wp-json\/wp\/v2\/tags?post=80669"}],"curies":[{"name":"wp","href":"https:\/\/api.w.org\/{rel}","templated":true}]}}