{"id":80687,"date":"2025-09-21T11:55:39","date_gmt":"2025-09-21T11:55:39","guid":{"rendered":"https:\/\/ikimisli.tr\/?p=80687"},"modified":"2025-09-21T11:55:39","modified_gmt":"2025-09-21T11:55:39","slug":"chpli-bagcioglu-deniz-guvenligi-harekatlari-bolgesel-barisin-anahtari-olmali","status":"publish","type":"post","link":"https:\/\/ikimisli.tr\/index.php\/2025\/09\/21\/chpli-bagcioglu-deniz-guvenligi-harekatlari-bolgesel-barisin-anahtari-olmali\/","title":{"rendered":"CHP&#8217;li Ba\u011fc\u0131o\u011flu: Deniz g\u00fcvenli\u011fi harek\u00e2tlar\u0131 b\u00f6lgesel bar\u0131\u015f\u0131n anahtar\u0131 olmal\u0131"},"content":{"rendered":"<p>CHP Genel Lider Yard\u0131mc\u0131s\u0131 Yank\u0131 Ba\u011fc\u0131o\u011flu, T\u00fcrkiye\u2019nin Akdeniz\u2019de y\u00fcr\u00fctt\u00fc\u011f\u00fc deniz g\u00fcvenli\u011fi harek\u00e2tlar\u0131n\u0131n s\u0131rf ulusal savunma de\u011fil, birebir vakitte b\u00f6lgesel bar\u0131\u015f ve istikrara da katk\u0131 sunacak bir vizyonla g\u00fc\u00e7lendirilmesi gerekti\u011fini s\u00f6yledi.<\/p>\n<p>Yank\u0131 Ba\u011fc\u0131o\u011flu, yapt\u0131\u011f\u0131 yaz\u0131l\u0131 a\u00e7\u0131klamada, Karadeniz Ahengi ve Akdeniz Kalkan\u0131 harek\u00e2tlar\u0131n\u0131n k\u0131ymetine i\u015faret ederek, bilhassa Do\u011fu Akdeniz\u2019de diplomatik a\u00e7\u0131l\u0131mlardaki gecikmelerin T\u00fcrkiye\u2019ye kaybettirdi\u011fi f\u0131rsatlara dikkate \u00e7ekti. Ba\u011fc\u0131o\u011flu, \u015fu tabirlere yer verdi:<\/p>\n<p>&#8220;Karadeniz Ahengi Harek\u00e2t\u0131, T\u00fcrk Deniz Kuvvetleri\u2019nin 1 Mart 2004\u2019te Birle\u015fmi\u015f Milletler G\u00fcvenlik Kurulu (BMGK) kararlar\u0131na dayanarak ba\u015flatt\u0131\u011f\u0131 ve Karadeniz\u2019de deniz g\u00fcvenli\u011fini art\u0131rmay\u0131 ve Karadeniz\u2019i bir &#8216;bar\u0131\u015f denizi&#8217; haline getirmeyi ama\u00e7layan memleketler aras\u0131 bir deniz g\u00fcvenli\u011fi harek\u00e2t\u0131 olarak devam ediyor.<\/p>\n<p>S\u00f6z konusu harek\u00e2t; yasa d\u0131\u015f\u0131 g\u00f6\u00e7, denizde yasad\u0131\u015f\u0131 olaylar\u0131n engellenmesi, ter\u00f6r ve deniz haydutlu\u011fu ile gayretin yan\u0131 s\u0131ra sualt\u0131 irtibat kablolar\u0131\/boru \u00e7izgilerine y\u00f6nelik asimetrik tehditlere kar\u015f\u0131 istihbarat payla\u015f\u0131m\u0131 ve ortak ke\u015fif karakol faaliyetleri ile y\u00fcr\u00fct\u00fcl\u00fcyor.<\/p>\n<p>Harek\u00e2t, Rusya, Ukrayna ve Romanya \u00fczere Karadeniz\u2019e k\u0131y\u0131da\u015f \u00fclkelerin i\u015ftirakiyle NATO ile entegre bir yap\u0131ya olarak ba\u015flad\u0131. 2025 prestijiyle, Rusya-Ukrayna Sava\u015f\u0131\u2019n\u0131n tesirleriyle Karadeniz\u2019deki tansiyonun artmas\u0131na ve Ukrayna\u2019n\u0131n i\u015ftirakini ask\u0131ya almas\u0131na kar\u015f\u0131n T\u00fcrkiye\u2019nin liderli\u011finde harek\u00e2t s\u00fcr\u00fcyor.<\/p>\n<p>Akdeniz Kalkan Harek\u00e2t\u0131 ise T\u00fcrk Deniz Kuvvetleri\u2019nin Do\u011fu Akdeniz\u2019de bar\u0131\u015f ve g\u00fcvenli\u011fi sa\u011flamak gayesiyle 2006 y\u0131l\u0131ndan itibaren ba\u015flatt\u0131\u011f\u0131 daima bir deniz g\u00fcvenlik harek\u00e2t\u0131d\u0131r.<\/p>\n<p>Halen ulusal olarak devam etse de Deniz Muhaf\u0131z\u0131 Harek\u00e2t\u0131 ba\u015fta olmak \u00fczere NATO\u2019nun b\u00f6lgedeki faaliyetlerine dayanak sa\u011flamakta ve hem b\u00f6lgesel hem de global g\u00fcvenlik ortam\u0131na de\u011ferli katk\u0131lar sunmaktad\u0131r.<\/p>\n<p>Ayr\u0131ca, tekrar Do\u011fu Akdeniz\u2019de tarihi ve k\u00fclt\u00fcrel ba\u011flar\u0131m\u0131z\u0131n y\u00fczy\u0131llar \u00f6ncesine uzand\u0131\u011f\u0131 M\u0131s\u0131r ile 13 y\u0131l ortadan sonra birinci kere deniz tatbikat\u0131n\u0131n yap\u0131lacak olmas\u0131, b\u00f6lgedeki g\u00fcvenlik ortam\u0131 ve istikrara katk\u0131 sa\u011flayabilecek k\u0131ymetli bir geli\u015fmedir.<\/p>\n<p>Tabii burada sorgulanmas\u0131 gereken d\u0131\u015f siyasetteki tutars\u0131z ve i\u00e7 kamuoyuna y\u00f6nelik ataklar\u0131n 13 y\u0131lda bize neler kaybettirdi\u011fidir!<\/p>\n<p>B\u00f6lgede stratejik pozisyona sahip M\u0131s\u0131r ile diplomatik ve siyasi ba\u011flant\u0131lar\u0131m\u0131z kesintiye u\u011framasayd\u0131 tahminen de Do\u011fu Akdeniz\u2019de deniz yetki alanlar\u0131n\u0131n sonland\u0131r\u0131lmas\u0131 konusunda ulusal menfaatlerimize uygun kazan\u0131mlar elde edilebilecek, Filistin\u2019de insanl\u0131k dram\u0131 \u00f6nlenebilecekti.<\/p>\n<p>Do\u011fu Akdeniz\u2019de deniz g\u00fcvenli\u011fi ve istikrara katk\u0131 sa\u011flayabilecek bu kritik geli\u015fmenin daima hale gelmesi ve Akdeniz\u2019deki ba\u015fka k\u0131y\u0131da\u015f devletlerin de g\u00fcvenlik ortam\u0131na katk\u0131da bulunmas\u0131 amac\u0131yla, Karadeniz\u2019deki Karadeniz Ahengi Harek\u00e2t\u0131na emsal bir halde Akdeniz Kalkan\u0131 Harek\u00e2t\u0131na da memleketler aras\u0131 bir kimlik kazand\u0131r\u0131labilir ve b\u00f6lgedeki g\u00fcvenlik mimarisine katk\u0131 sa\u011flanabilir.<\/p>\n<p>Elbette b\u00f6lgedeki \u00fclkeler ortas\u0131nda de\u011fi\u015fik nedenlerle bir\u00e7ok gerginlik mevcut lakin Akdeniz Kalkan\u0131 Harek\u00e2t\u0131na \u00f6ncelikle Suriye ve M\u0131s\u0131r\u2019\u0131n i\u015ftirakinin sa\u011flanmas\u0131, daha sonra Libya ve L\u00fcbnan\u2019\u0131n da takviyelerinin al\u0131nmas\u0131 hem b\u00f6lgesel bar\u0131\u015f ve istikrar hem de ulusal menfaatlerimiz a\u00e7\u0131s\u0131ndan k\u0131ymetli bir geli\u015fme olabilir.<\/p>\n<p>T\u00fcrkiye\u2019nin deniz g\u00fcvenli\u011fi harek\u00e2tlar\u0131 b\u00f6lgesel bar\u0131\u015f\u0131n anahtar\u0131 olmal\u0131d\u0131r.&#8221;<\/p>\n","protected":false},"excerpt":{"rendered":"<p>Yank\u0131 Ba\u011fc\u0131o\u011flu, &#8220;T\u00fcrkiye\u2019nin deniz g\u00fcvenli\u011fi harek\u00e2tlar\u0131 b\u00f6lgesel bar\u0131\u015f\u0131n anahtar\u0131 olmal\u0131&#8221; dedi.<\/p>\n","protected":false},"author":1,"featured_media":80688,"comment_status":"open","ping_status":"open","sticky":false,"template":"","format":"standard","meta":{"footnotes":""},"categories":[25],"tags":[105,1525,560,9163,736],"class_list":["post-80687","post","type-post","status-publish","format-standard","has-post-thumbnail","hentry","category-gundem","tag-deniz","tag-guvenlik","tag-harekat","tag-harekati","tag-karadeniz"],"_links":{"self":[{"href":"https:\/\/ikimisli.tr\/index.php\/wp-json\/wp\/v2\/posts\/80687","targetHints":{"allow":["GET"]}}],"collection":[{"href":"https:\/\/ikimisli.tr\/index.php\/wp-json\/wp\/v2\/posts"}],"about":[{"href":"https:\/\/ikimisli.tr\/index.php\/wp-json\/wp\/v2\/types\/post"}],"author":[{"embeddable":true,"href":"https:\/\/ikimisli.tr\/index.php\/wp-json\/wp\/v2\/users\/1"}],"replies":[{"embeddable":true,"href":"https:\/\/ikimisli.tr\/index.php\/wp-json\/wp\/v2\/comments?post=80687"}],"version-history":[{"count":1,"href":"https:\/\/ikimisli.tr\/index.php\/wp-json\/wp\/v2\/posts\/80687\/revisions"}],"predecessor-version":[{"id":80689,"href":"https:\/\/ikimisli.tr\/index.php\/wp-json\/wp\/v2\/posts\/80687\/revisions\/80689"}],"wp:featuredmedia":[{"embeddable":true,"href":"https:\/\/ikimisli.tr\/index.php\/wp-json\/wp\/v2\/media\/80688"}],"wp:attachment":[{"href":"https:\/\/ikimisli.tr\/index.php\/wp-json\/wp\/v2\/media?parent=80687"}],"wp:term":[{"taxonomy":"category","embeddable":true,"href":"https:\/\/ikimisli.tr\/index.php\/wp-json\/wp\/v2\/categories?post=80687"},{"taxonomy":"post_tag","embeddable":true,"href":"https:\/\/ikimisli.tr\/index.php\/wp-json\/wp\/v2\/tags?post=80687"}],"curies":[{"name":"wp","href":"https:\/\/api.w.org\/{rel}","templated":true}]}}