{"id":80723,"date":"2025-09-21T14:19:38","date_gmt":"2025-09-21T14:19:38","guid":{"rendered":"https:\/\/ikimisli.tr\/?p=80723"},"modified":"2025-09-21T14:19:38","modified_gmt":"2025-09-21T14:19:38","slug":"dugunu-kabusa-cevirdi-karsisinda-sarki-soylemeyi-reddeden-sarkiciya-saldirdi","status":"publish","type":"post","link":"https:\/\/ikimisli.tr\/index.php\/2025\/09\/21\/dugunu-kabusa-cevirdi-karsisinda-sarki-soylemeyi-reddeden-sarkiciya-saldirdi\/","title":{"rendered":"D\u00fc\u011f\u00fcn\u00fc kabusa \u00e7evirdi: Kar\u015f\u0131s\u0131nda \u015fark\u0131 s\u00f6ylemeyi reddeden \u015fark\u0131c\u0131ya sald\u0131rd\u0131"},"content":{"rendered":"<p>Hatay&#8217;a, d\u00fc\u011f\u00fcn salonunda sahneye \u00e7\u0131kan m\u00fczik\u00e7i Esin Solist, &#8216;Kar\u015f\u0131mda m\u00fczik s\u00f6yleyeceksin, ben de halay \u00e7ekece\u011fim&#8217; diyerek \u00fczerine y\u00fcr\u00fcy\u00fcp, boynundan tutan \u015f\u00fcpheliden davetlilerin m\u00fcdahelesiyle kurtuldu. Solist, &#8220;Teklifini kabul etmeyince sald\u0131rd\u0131. &#8216;Buraya kadarm\u0131\u015f&#8217; diye d\u00fc\u015f\u00fcnd\u00fcm. \u015eikayetimden vazge\u00e7meyece\u011fim&#8221; dedi.<\/p>\n<p><img decoding=\"async\" src=\"https:\/\/ikimisli.tr\/wp-content\/uploads\/2025\/09\/dugunu-kabusa-cevirdi-karsisinda-sarki-soylemeyi-reddeden-sarkiciya-saldirdi-0-muOjgk4q.jpg\"\/><\/p>\n<p>Hatay&#8217;\u0131n Hassa il\u00e7esi Akbez Mahallesi&#8217;ndeki d\u00fc\u011f\u00fcnde, davetliler ortas\u0131nda m\u00fczik s\u00f6yleme ve halay \u00e7ekme nedeniyle tart\u0131\u015fma \u00e7\u0131kt\u0131. Tart\u0131\u015fma arbedeye d\u00f6n\u00fcnce, alkoll\u00fc oldu\u011fu arg\u00fcman edilen bir ki\u015fi, sahnede m\u00fczik s\u00f6yleyen Esin Solist\u2019e sald\u0131rd\u0131. Kurtulmaya \u00e7al\u0131\u015fan Solist\u2019i boynundan tutan ku\u015fkulu, \u00f6b\u00fcr davetliler ve g\u00f6revlilerin m\u00fcdahalesiyle uzakla\u015ft\u0131r\u0131ld\u0131. O anlar, etraftakilerin cep telefonu kameras\u0131na yans\u0131d\u0131.<\/p>\n<p><b>&#8216;SUSMAYACA\u011eIM&#8217;<\/b><\/p>\n<p>\u015eikayet\u00e7i olan Esin Solist, sald\u0131rgan\u0131n s\u00f6z\u00fcn\u00fcn akabinde \u00f6zg\u00fcr b\u0131rak\u0131ld\u0131\u011f\u0131n\u0131 belirterek, &#8220;\u015eark\u0131 s\u00f6ylerken davetlilerden biri gelip, bana, &#8216;Kar\u015f\u0131ma ge\u00e7ip m\u00fczik s\u00f6yleyeceksin, ben ve akrabalar\u0131m halay \u00e7ekece\u011fim. Yoksa buray\u0131 tarat\u0131r\u0131m&#8217; dedi. Teklifini kabul etmeyince \u00fczerime sald\u0131rd\u0131. Atak an\u0131nda, &#8216;Buraya kadarm\u0131\u015f&#8217; diye d\u00fc\u015f\u00fcnd\u00fcm. Davetliler ve vazifeli arkada\u015flar beni sald\u0131rgan\u0131n elinden zahmetle ald\u0131&#8221; dedi.<\/p>\n<p>Solist, a\u00e7\u0131klamas\u0131nda ayr\u0131yeten, &#8220;G\u00fcnd\u00fcz bir ofiste \u00e7al\u0131\u015f\u0131yorum, ak\u015famlar\u0131 da m\u00fczik s\u00f6yleyerek iki \u00e7ocu\u011fuma bak\u0131yorum. Bu t\u00fcrl\u00fc bir olay\u0131n ya\u015fanmamas\u0131, hi\u00e7 olmamas\u0131 gerekir. Hem bayanlar hem erkekler a\u00e7\u0131s\u0131ndan utan\u00e7 verici bir durumdu. Hi\u00e7 kimsenin, gelinin ve damad\u0131n hayatlar\u0131nda bir sefer ya\u015fayacaklar\u0131 bu \u00f6zel g\u00fcn\u00fc bozma hakk\u0131 yok. Susmayaca\u011f\u0131m, t\u00fcm \u00e7al\u0131\u015fan annelerin sesi olmak istiyorum. Devletimize g\u00fcveniyorum, \u015fikayetimi yapt\u0131m. Ne i\u015fimden vazge\u00e7ece\u011fim, ne de korkaca\u011f\u0131m&#8221; diye konu\u015ftu.\u00a0<\/p>\n","protected":false},"excerpt":{"rendered":"<p>Hatay&#8217;da ger\u00e7ekle\u015fen bir d\u00fc\u011f\u00fcnde alkoll\u00fc oldu\u011fu \u00f6ne s\u00fcr\u00fclen bir ki\u015fi, kar\u015f\u0131s\u0131nda m\u00fczik s\u00f6ylemeyi reddeden m\u00fczik\u00e7iye sald\u0131rd\u0131<\/p>\n","protected":false},"author":1,"featured_media":80724,"comment_status":"open","ping_status":"open","sticky":false,"template":"","format":"standard","meta":{"footnotes":""},"categories":[25],"tags":[9169,1429],"class_list":["post-80723","post","type-post","status-publish","format-standard","has-post-thumbnail","hentry","category-gundem","tag-davetliler","tag-sarki"],"_links":{"self":[{"href":"https:\/\/ikimisli.tr\/index.php\/wp-json\/wp\/v2\/posts\/80723","targetHints":{"allow":["GET"]}}],"collection":[{"href":"https:\/\/ikimisli.tr\/index.php\/wp-json\/wp\/v2\/posts"}],"about":[{"href":"https:\/\/ikimisli.tr\/index.php\/wp-json\/wp\/v2\/types\/post"}],"author":[{"embeddable":true,"href":"https:\/\/ikimisli.tr\/index.php\/wp-json\/wp\/v2\/users\/1"}],"replies":[{"embeddable":true,"href":"https:\/\/ikimisli.tr\/index.php\/wp-json\/wp\/v2\/comments?post=80723"}],"version-history":[{"count":1,"href":"https:\/\/ikimisli.tr\/index.php\/wp-json\/wp\/v2\/posts\/80723\/revisions"}],"predecessor-version":[{"id":80726,"href":"https:\/\/ikimisli.tr\/index.php\/wp-json\/wp\/v2\/posts\/80723\/revisions\/80726"}],"wp:featuredmedia":[{"embeddable":true,"href":"https:\/\/ikimisli.tr\/index.php\/wp-json\/wp\/v2\/media\/80724"}],"wp:attachment":[{"href":"https:\/\/ikimisli.tr\/index.php\/wp-json\/wp\/v2\/media?parent=80723"}],"wp:term":[{"taxonomy":"category","embeddable":true,"href":"https:\/\/ikimisli.tr\/index.php\/wp-json\/wp\/v2\/categories?post=80723"},{"taxonomy":"post_tag","embeddable":true,"href":"https:\/\/ikimisli.tr\/index.php\/wp-json\/wp\/v2\/tags?post=80723"}],"curies":[{"name":"wp","href":"https:\/\/api.w.org\/{rel}","templated":true}]}}