{"id":80786,"date":"2025-09-21T17:43:38","date_gmt":"2025-09-21T17:43:38","guid":{"rendered":"https:\/\/ikimisli.tr\/?p=80786"},"modified":"2025-09-21T17:43:38","modified_gmt":"2025-09-21T17:43:38","slug":"sadettin-saran-sampiyon-olamazsam-aday-olmayacagim","status":"publish","type":"post","link":"https:\/\/ikimisli.tr\/index.php\/2025\/09\/21\/sadettin-saran-sampiyon-olamazsam-aday-olmayacagim\/","title":{"rendered":"Sadettin Saran: &#8216;\u015eampiyon olamazsam aday olmayaca\u011f\u0131m&#8217;"},"content":{"rendered":"<p>Chobani Stad\u0131&#8217;nda yap\u0131lan genel heyette konu\u015fmac\u0131lar\u0131n akabinde sahneye \u00e7\u0131kan lider aday\u0131 Saran, kelamlar\u0131na D\u00fcnya Fenerbah\u00e7eli Bayanlar G\u00fcn\u00fc&#8217;n\u00fc kutlayarak ba\u015flad\u0131. Mevcut idare lehine konu\u015fma yapanlara dikkati \u00e7eken Sadettin Saran, &#8220;Kendilerine yapanlara katk\u0131 yapmak isterim. Bundan 1,5 y\u0131l evvel sizin lehinize \u00e7ekildi\u011fimde d\u00fcnyan\u0131n en de\u011ferli adam\u0131yd\u0131m. Hain de\u011fildim. Hatta bana y\u00f6neticilik teklif ettiniz, hayat uzunlu\u011fu minnettar olaca\u011f\u0131n\u0131z\u0131 s\u00f6ylediniz. Rakip olunca m\u0131 hain oldum? Ben Fikret Se\u00e7en&#8217;le Zekeriya \u00d6z&#8217;e Devlet G\u00fcvenlik Mahkemesinde (DGM) tabir verirken, sizler localarda onlarla ma\u00e7 izliyordunuz. Bunun en a\u00e7\u0131k tabirle samimiyetsizlik ve iki y\u00fczl\u00fcl\u00fck oldu\u011funu s\u00f6yl\u00fcyorum. K\u0131ymetli Fenerbah\u00e7elileri sizin \u00e7ok sevdi\u011finiz mazeretlerle yormak istemiyorum zira sizin mazeretleriniz bitmiyor.&#8221; s\u00f6zlerini kulland\u0131.<\/p>\n<p><b>\u2018S\u0130ZLERE KELAM VERD\u0130\u011e\u0130M \u0130\u00c7\u0130N YOLA \u00c7IKTIM\u2019<\/b><\/p>\n<p>Fenerbah\u00e7e&#8217;nin yar\u0131n tarihi bir se\u00e7ime gidece\u011fini lisana getiren Saran, sand\u0131ktan birlik ve beraberli\u011fin \u00e7\u0131kmas\u0131n\u0131 istedi\u011fini s\u00f6yledi.<\/p>\n<p>Camian\u0131n birbiriyle de\u011fil rakiplerle gayret etmesi gerekti\u011finin alt\u0131n\u0131 \u00e7izen Saran, &#8220;\u00d6ncelikle Hakan Bilal Kutlualp ve tak\u0131m\u0131na te\u015fekk\u00fcr ediyorum. Toplulu\u011fun ya\u015fad\u0131\u011f\u0131 mutsuzluk ve \u00fcmitsizli\u011fe seyirci kalmad\u0131lar, bizim yan\u0131m\u0131zda olma karar\u0131 ald\u0131lar. Fenerbah\u00e7emiz, bu kongrenin sonucu ne olursa olsun d\u00fc\u015fmanl\u0131\u011f\u0131 ve tersli\u011fi de\u011fil, karde\u015fli\u011fi ve birlikteli\u011fi b\u00fcy\u00fctmek zorundad\u0131r. Yar\u0131n sand\u0131ktan benim ve tak\u0131m\u0131m\u0131n ismi \u00e7\u0131karsa kelam veriyorum, Fenerbah\u00e7e taraftarlar\u0131n\u0131, liderleri, efsaneleri tek bir cephe haline getirmek i\u00e7in, yar\u0131nlara y\u00fcr\u00fcmek i\u00e7in elimden geleni yapaca\u011f\u0131m. Ben Fenerbah\u00e7e&#8217;nin yar\u0131nlar\u0131 i\u00e7in ba\u015fkanl\u0131kta bir de\u011fi\u015fime muhta\u00e7l\u0131k oldu\u011funa inanarak aday oldum. Kendime ve sizlere kelam verdi\u011fim i\u00e7in yola \u00e7\u0131kt\u0131m.&#8221; a\u00e7\u0131klamas\u0131nda bulundu.<\/p>\n<p>Fenerbah\u00e7e toplulu\u011funun asla umudunu kaybetmedi\u011fini kaydeden Saran &#8220;Ulu Lider Gazi Mustafa Kemal Atat\u00fcrk&#8217;\u00fcn dedi\u011fi \u00fczere, umutsuz durumlar yoktur, umutsuz be\u015ferler vard\u0131r. Biz hi\u00e7bir vakit umutsuz olmad\u0131k. Tarihimiz yine aya\u011fa kalkt\u0131\u011f\u0131m\u0131z \u00f6rneklerle doludur. Allah&#8217;\u0131n m\u00fcsaadesiyle sizlerin destekleriyle yar\u0131n se\u00e7imi kazan\u0131rsam, g\u00fcn\u00fc geldi\u011finde bu bayrak de\u011fi\u015fimini en ger\u00e7ek ve en yeterli bi\u00e7imde yapaca\u011f\u0131ma namusum ve onurum \u00fczerine kelam veriyorum.&#8221; diye konu\u015ftu.<\/p>\n<p>Fenerbah\u00e7e Kul\u00fcb\u00fc Lideri Ali Ko\u00e7&#8217;un kul\u00fcp i\u00e7in \u00e7ok de\u011ferli ve de\u011ferli i\u015fler yapt\u0131\u011f\u0131na dikkati \u00e7eken Saran, &#8220;Kul\u00fcbe verdi\u011fi maddi takviyeleri inkar etmek haks\u0131zl\u0131k olur. Cebinden verdi\u011fi para d\u0131\u015f\u0131nda k\u0131ymetli sponsorluklara imza att\u0131. Fakat Fenerbah\u00e7e&#8217;nin yazg\u0131s\u0131 bir ki\u015finin cebinden verdi\u011fi paraya indirgenemez.&#8221; a\u00e7\u0131klamas\u0131nda bulundu.<\/p>\n<p><b>\u2018T\u00dcM FENERBAH\u00c7EL\u0130LER\u0130N \u0130\u00c7\u0130 RAHAT OLSUN\u2019<\/b><\/p>\n<p>Fenerbah\u00e7e&#8217;nin 2018&#8217;de oldu\u011fu \u00fczere tekrar de\u011fi\u015fime gereksinimi oldu\u011funu s\u00f6yleyen Saran, de\u011fi\u015fimi engellemek isteyen oldu\u011funu belirtti.<\/p>\n<p>\u015eans oyunlar\u0131 bayisi olmas\u0131yla ilgili de konu\u015fan Saran, &#8220;Bu s\u00fcrecin sa\u011fl\u0131kl\u0131 y\u00fcr\u00fcmesinde katk\u0131s\u0131 olan herkese, bilhassa de Gen\u00e7lik ve Spor Bakan\u0131 Osman A\u015fk\u0131n Bak&#8217;a hassasiyeti i\u00e7in te\u015fekk\u00fcr ediyorum. &#8216;Aday olamayacak, Fenerbah\u00e7e&#8217;ye kayyum atanacak, Fenerbah\u00e7e&#8217;ye yapt\u0131r\u0131m uygulanacak.&#8217; diye sizlerin ba\u015f\u0131n\u0131 kar\u0131\u015ft\u0131rmak i\u00e7in u\u011fra\u015ft\u0131lar. Lakin ben &#8216;Bana itimad\u0131n, bir zahmet \u00e7\u0131kmayacak, sizi yan\u0131lt\u0131yorlar&#8217; dedim. Herkesin \u00f6n\u00fcnde bir sefer daha yan\u0131t vermek istiyorum. Hem de b\u00f6ylelikle sizleri endi\u015felendirmek i\u00e7in \u00e7\u0131rp\u0131nan kimi y\u00f6neticilere de bu mesafeden anlatm\u0131\u015f olay\u0131m. Se\u00e7imi kazanmam halinde gerekti\u011fi anda benim olan \u015firketi kapat\u0131r\u0131m ve bunu Fenerbah\u00e7e i\u00e7in yaparken g\u00f6z\u00fcm\u00fc dahi k\u0131rpmam. T\u00fcm Fenerbah\u00e7elilerin i\u00e7i rahat olsun. Ben Fenerbah\u00e7emize ziyan verecek bir \u015fey yapmam. Bu topluluk kelam\u0131n\u0131 tutan liderlere al\u0131\u015fk\u0131n de\u011fil lakin beni tan\u0131yacaks\u0131n\u0131z, daha yeni ba\u015fl\u0131yoruz.&#8221; diye konu\u015ftu.<\/p>\n<p><strong>Bor\u00e7lardan korkmad\u0131klar\u0131n\u0131, bu bahiste alg\u0131 yap\u0131ld\u0131\u011f\u0131n\u0131 vurgulayan Saran, \u015funlar\u0131 s\u00f6yledi:<\/strong><\/p>\n<p>&#8220;Tablolar ne kadar berbat olursa olsun, bu toplulukta kimse bor\u00e7tan korkmad\u0131. Bu topluluk kimin ne kadar para verdi\u011fini de\u011fil, bu parayla nas\u0131l bir gelecek kuruldu\u011funu sorgular. \u015eayet para tek ba\u015f\u0131na tahlil olsayd\u0131, \u015fampiyonluk hasreti ya\u015fam\u0131yor olurduk. Ali Bey&#8217;in t\u00fcm se\u00e7im stratejisi b\u00fcy\u00fck \u00f6l\u00e7\u00fcde paraya dayal\u0131. Lakin bu kul\u00fcb\u00fcn milyonlar\u0131n\u0131 y\u00f6neten liderin paradan \u00e7ok daha b\u00fcy\u00fck miras\u0131 olmal\u0131; toplulu\u011funu birle\u015ftirmek, emanet ald\u0131\u011f\u0131 bu kutsal kul\u00fcb\u00fc ger\u00e7ek y\u00f6netmek ve futbolda \u015fampiyonluk getirmek. Bu toplulu\u011fun en b\u00fcy\u00fck beklentisi \u015fampiyonluktur. 2018&#8217;de de\u011fi\u015fimin sebebi 4 y\u0131l \u015fampiyon olunamamas\u0131yd\u0131.&#8221;<\/p>\n<p><b><strong>\u20187 YILDIR \u015eAMP\u0130YON OLAMAYAN \u0130DAREDEN \u015eAMP\u0130YONLUK BEKLEMEYE MACERA DER\u0130M\u2019<\/strong><\/b><\/p>\n<p>Saran, trib\u00fcnlerin co\u015fkudan ve birliktelikten uzakla\u015ft\u0131\u011f\u0131n\u0131, bunun kar\u015f\u0131l\u0131\u011f\u0131nda taraftar\u0131n su\u00e7land\u0131\u011f\u0131n\u0131 lisana getirdi.<\/p>\n<p>Mevcut idarenin 7 senede 11 teknik adam de\u011fi\u015ftirdi\u011fine dikkati \u00e7eken Saran, &#8220;100&#8217;\u00fcn \u00fczerinde transfer yapt\u0131n\u0131z. &#8216;3 Temmuz&#8217;u mazeret etmeyece\u011fiz&#8217; dediniz, her f\u0131rsatta camiay\u0131 ayr\u0131\u015ft\u0131rmak i\u00e7in bunu yapt\u0131n\u0131z. 2024&#8217;te Trabzon&#8217;da al\u0131nan tarihi zaferin akabinde 2 Nisan&#8217;da burada 20 bini a\u015fk\u0131n kongre \u00fcyesinin ortak iradesini hi\u00e7e sayarak bilakis karar verdiniz. Zira size teklif sunan kimseyi dinlemediniz.&#8221; dedi.<\/p>\n<p>Ba\u015fkan Ali Ko\u00e7&#8217;a y\u00f6nelik kelamlar\u0131na devam eden Saran, &#8220;Fenerbah\u00e7e i\u00e7in yola \u00e7\u0131kan insanlara &#8216;Yeni bir macera.&#8217; diyorsunuz. 7 y\u0131ld\u0131r \u015fampiyon olamayan idareden \u015fampiyonluk beklemeye &#8216;macera&#8217; derim. B\u00fct\u00fcn bunlar\u0131 d\u00fczelttik diyelim, o vakit rahatl\u0131kla \u015fampiyon olabilir miyiz? Hay\u0131r, Fenerbah\u00e7e&#8217;ye rahat yok. Alanyaspor ma\u00e7\u0131nda bir defa daha tiyatro sahnelendi. Fenerbah\u00e7e&#8217;nin al\u0131n terine darbe vuruldu. Fenerbah\u00e7e&#8217;ye kar\u015f\u0131 yap\u0131lan operasyonlar haftal\u0131k bir g\u00fcndem de\u011fil. Bu operasyonun se\u00e7ime g\u00fcnler kala bir erteleme ma\u00e7\u0131nda ya\u015fanmas\u0131, kongreye m\u00fcdahale diyerek nitelenemez. Olay\u0131n ard\u0131ndan say\u0131n ba\u015fkanla g\u00f6r\u00fc\u015f\u00fcp ne gerekiyorsa yapmaya haz\u0131r oldu\u011fumu s\u00f6yledim. Fenerbah\u00e7e ne alanda ne de masada asla yaln\u0131z kalmayacak. Ben sizden a\u00e7\u0131k \u00e7ek istemiyorum. Bu kul\u00fcp art\u0131k bir ki\u015finin cebine de\u011fil toplulu\u011fun omuzlar\u0131na y\u00fcklenmeli.&#8221; de\u011ferlendirmesinde bulundu.<\/p>\n<p><b>&#8216;\u015eAMP\u0130YON OLAMAZSAM 2027&#8217;DE ADAY OLMAYACA\u011eIM&#8217;<\/b><\/p>\n<p>Yap\u0131lacak se\u00e7imin Fenerbah\u00e7e&#8217;nin \u015fampiyon olup olmayaca\u011f\u0131na karar verilece\u011fi bir se\u00e7im olaca\u011f\u0131n\u0131 belirten Saran, \u015funlar\u0131 s\u00f6yledi:<\/p>\n<p>&#8220;Bu yaln\u0131zca maddi bir anlay\u0131\u015f de\u011fil, t\u0131pk\u0131 vakitte idare anlay\u0131\u015f\u0131 de\u011fi\u015fimidir. Fenerbah\u00e7e \u015fampiyon olana kadar tatil yok, bayram yok, kutlama yok. Sonunda \u015fampiyon oldu\u011fumuzda o kupay\u0131 yine aya\u011fa kald\u0131rd\u0131\u011f\u0131m\u0131z Kad\u0131k\u00f6y cehenneminin Fenerbah\u00e7e ruhunun, t\u00fcm T\u00fcrkiye&#8217;ye tekrar hat\u0131rlatt\u0131\u011f\u0131m\u0131z Fenerbah\u00e7e ihti\u015fam\u0131n\u0131n birlik ve beraberli\u011fimizin sembol\u00fc olarak, ya\u015fayan t\u00fcm liderlerimizle, divan liderlerimizle birlikte kald\u0131raca\u011f\u0131z. \u015eampiyon olamazsam 2027 ola\u011fan kongrede aday olmayaca\u011f\u0131m. Gece g\u00fcnd\u00fcz \u00e7al\u0131\u015faca\u011f\u0131z. Bu se\u00e7im bir ma\u00e7a, bir transfere bakarak karar verecek bir se\u00e7im de\u011fil. Fenerbah\u00e7e&#8217;nin \u015fampiyon olup olmayaca\u011f\u0131na karar verece\u011fimiz bir se\u00e7imdir. \u015eayet 7 y\u0131ld\u0131r en \u00e2l\u00e2 hocalar, en \u00e2l\u00e2 transferler geldi, \u015fampiyonluk gelmediyse, sorun alanda de\u011fil. \u0130dare akl\u0131ndad\u0131r. Bu se\u00e7im Fenerbah\u00e7e&#8217;nin geli\u015fimine daima bir arada verece\u011fimiz en b\u00fcy\u00fck kelamd\u0131r.&#8221;<\/p>\n<p>\u00a0<\/p>\n","protected":false},"excerpt":{"rendered":"<p>Fenerbah\u00e7e Kul\u00fcb\u00fcnde ger\u00e7ekle\u015ftirilen inan\u0131lmaz se\u00e7imli genel konseyde konu\u015fan lider aday\u0131 Sadettin Saran, toplulukta de\u011fi\u015fime muhta\u00e7l\u0131k oldu\u011funu belirterek birlik ve beraberli\u011fe dikkati \u00e7ekti.<\/p>\n","protected":false},"author":1,"featured_media":80787,"comment_status":"open","ping_status":"open","sticky":false,"template":"","format":"standard","meta":{"footnotes":""},"categories":[30],"tags":[32,9171,1069,8665,652],"class_list":["post-80786","post","type-post","status-publish","format-standard","has-post-thumbnail","hentry","category-spor","tag-baskan","tag-camia","tag-fenerbahce","tag-saran","tag-secim"],"_links":{"self":[{"href":"https:\/\/ikimisli.tr\/index.php\/wp-json\/wp\/v2\/posts\/80786","targetHints":{"allow":["GET"]}}],"collection":[{"href":"https:\/\/ikimisli.tr\/index.php\/wp-json\/wp\/v2\/posts"}],"about":[{"href":"https:\/\/ikimisli.tr\/index.php\/wp-json\/wp\/v2\/types\/post"}],"author":[{"embeddable":true,"href":"https:\/\/ikimisli.tr\/index.php\/wp-json\/wp\/v2\/users\/1"}],"replies":[{"embeddable":true,"href":"https:\/\/ikimisli.tr\/index.php\/wp-json\/wp\/v2\/comments?post=80786"}],"version-history":[{"count":1,"href":"https:\/\/ikimisli.tr\/index.php\/wp-json\/wp\/v2\/posts\/80786\/revisions"}],"predecessor-version":[{"id":80788,"href":"https:\/\/ikimisli.tr\/index.php\/wp-json\/wp\/v2\/posts\/80786\/revisions\/80788"}],"wp:featuredmedia":[{"embeddable":true,"href":"https:\/\/ikimisli.tr\/index.php\/wp-json\/wp\/v2\/media\/80787"}],"wp:attachment":[{"href":"https:\/\/ikimisli.tr\/index.php\/wp-json\/wp\/v2\/media?parent=80786"}],"wp:term":[{"taxonomy":"category","embeddable":true,"href":"https:\/\/ikimisli.tr\/index.php\/wp-json\/wp\/v2\/categories?post=80786"},{"taxonomy":"post_tag","embeddable":true,"href":"https:\/\/ikimisli.tr\/index.php\/wp-json\/wp\/v2\/tags?post=80786"}],"curies":[{"name":"wp","href":"https:\/\/api.w.org\/{rel}","templated":true}]}}