{"id":8086,"date":"2025-01-31T19:00:06","date_gmt":"2025-01-31T19:00:06","guid":{"rendered":"https:\/\/ikimisli.tr\/?p=8086"},"modified":"2025-01-31T19:00:06","modified_gmt":"2025-01-31T19:00:06","slug":"kulislerde-bu-iddia-konusuluyor-istifa-eden-iki-vekile-rozetlerini-erdogan-takacak","status":"publish","type":"post","link":"https:\/\/ikimisli.tr\/index.php\/2025\/01\/31\/kulislerde-bu-iddia-konusuluyor-istifa-eden-iki-vekile-rozetlerini-erdogan-takacak\/","title":{"rendered":"Kulislerde bu iddia konu\u015fuluyor: istifa eden iki vekile rozetlerini Erdo\u011fan takacak"},"content":{"rendered":"<p>\u00a0T\u00fcrkiye B\u00fcy\u00fck Millet Meclisi (TBMM) bu hafta, siyasi partilerin k\u00fcme toplant\u0131lar\u0131na mesken sahipli\u011fi yapacak. AKP Genel Ba\u015fkan\u0131 ve Cumhurba\u015fkan\u0131 Recep Tayyip Erdo\u011fan\u2019\u0131n, iki ba\u011f\u0131ms\u0131z milletvekili ile birtak\u0131m belediye liderlerine rozet takaca\u011f\u0131 arg\u00fcman ediliyor.\u00a0<\/p>\n<p>\u0130Y\u0130 Parti\u2019den istifa eden K\u00fcr\u015fad G\u00fc\u00e7l\u00fc ve DEVA Partisi\u2019nden istifa eden Manisa Milletvekili Selma Aliye Kavaf\u2019\u0131n hangi partiyle yoluna devam edece\u011fi merak edilirken yeni bir arg\u00fcman siyaset g\u00fcndemini de hareketlendirdi.\u00a0<\/p>\n<p>Kulislere yans\u0131yan bilgilere nazaran, bu iki milletvekilinin, ge\u00e7ti\u011fimiz g\u00fcnlerde \u00c2L\u00c2 Parti&#8217;den istifa eden Ankara Milletvekili K\u00fcr\u015fad \u015eiddetli ile DEVA Partisi&#8217;nden istifa ederek \u00fc\u00e7 partinin birle\u015fti\u011fi Yeni Yol Parti&#8217;ye kar\u015f\u0131 hal al\u0131p istifa eden Manisa Milletvekili Selma Aliye Kavaf olaca\u011f\u0131 \u00f6ne s\u00fcr\u00fcl\u00fcyor.\u00a0<\/p>\n<p>Konuya ait iki vekilin sessizli\u011fi s\u00fcr\u00fcyor.<\/p>\n","protected":false},"excerpt":{"rendered":"<p>Siyaset g\u00fcndemini hareketlendirecek yeni bir sav daha ortaya at\u0131ld\u0131. Ge\u00e7ti\u011fimiz g\u00fcnlerde G\u00dcZEL Parti\u2019den istifa eden K\u00fcr\u015fad \u015eiddetli ve DEVA Partisi\u2019nden istifa eden Manisa Milletvekili Selma Aliye Kavaf\u2019\u0131n AKP&#8217;ye ge\u00e7ece\u011fi rozetlerini k\u00fcme toplan t\u0131s\u0131nda Cumhurba\u015fkan\u0131 Erdo\u011fan&#8217;\u0131n takaca\u011f\u0131 sav edildi.<\/p>\n","protected":false},"author":1,"featured_media":8087,"comment_status":"open","ping_status":"open","sticky":false,"template":"","format":"standard","meta":{"footnotes":""},"categories":[25],"tags":[445,298],"class_list":["post-8086","post","type-post","status-publish","format-standard","has-post-thumbnail","hentry","category-gundem","tag-istifa","tag-millet"],"_links":{"self":[{"href":"https:\/\/ikimisli.tr\/index.php\/wp-json\/wp\/v2\/posts\/8086","targetHints":{"allow":["GET"]}}],"collection":[{"href":"https:\/\/ikimisli.tr\/index.php\/wp-json\/wp\/v2\/posts"}],"about":[{"href":"https:\/\/ikimisli.tr\/index.php\/wp-json\/wp\/v2\/types\/post"}],"author":[{"embeddable":true,"href":"https:\/\/ikimisli.tr\/index.php\/wp-json\/wp\/v2\/users\/1"}],"replies":[{"embeddable":true,"href":"https:\/\/ikimisli.tr\/index.php\/wp-json\/wp\/v2\/comments?post=8086"}],"version-history":[{"count":1,"href":"https:\/\/ikimisli.tr\/index.php\/wp-json\/wp\/v2\/posts\/8086\/revisions"}],"predecessor-version":[{"id":8088,"href":"https:\/\/ikimisli.tr\/index.php\/wp-json\/wp\/v2\/posts\/8086\/revisions\/8088"}],"wp:featuredmedia":[{"embeddable":true,"href":"https:\/\/ikimisli.tr\/index.php\/wp-json\/wp\/v2\/media\/8087"}],"wp:attachment":[{"href":"https:\/\/ikimisli.tr\/index.php\/wp-json\/wp\/v2\/media?parent=8086"}],"wp:term":[{"taxonomy":"category","embeddable":true,"href":"https:\/\/ikimisli.tr\/index.php\/wp-json\/wp\/v2\/categories?post=8086"},{"taxonomy":"post_tag","embeddable":true,"href":"https:\/\/ikimisli.tr\/index.php\/wp-json\/wp\/v2\/tags?post=8086"}],"curies":[{"name":"wp","href":"https:\/\/api.w.org\/{rel}","templated":true}]}}