{"id":81057,"date":"2025-09-22T09:07:38","date_gmt":"2025-09-22T09:07:38","guid":{"rendered":"https:\/\/ikimisli.tr\/?p=81057"},"modified":"2025-09-22T09:07:38","modified_gmt":"2025-09-22T09:07:38","slug":"usakin-icme-suyu-sorununu-cozecek-projede-su-aktarilmaya-baslandi","status":"publish","type":"post","link":"https:\/\/ikimisli.tr\/index.php\/2025\/09\/22\/usakin-icme-suyu-sorununu-cozecek-projede-su-aktarilmaya-baslandi\/","title":{"rendered":"U\u015fak&#8217;\u0131n i\u00e7me suyu sorununu \u00e7\u00f6zecek projede su aktar\u0131lmaya ba\u015fland\u0131"},"content":{"rendered":"<p>Yumakl\u0131, yaz\u0131l\u0131 a\u00e7\u0131klamas\u0131nda, U\u015fak&#8217;\u0131n i\u00e7me suyu s\u0131k\u0131nt\u0131s\u0131n\u0131n tahliline y\u00f6nelik \u00e7al\u0131\u015fmalara ait bilgi verdi.<\/p>\n<p>Tar\u0131m ve Orman Bakanl\u0131\u011f\u0131 Devlet Su \u0130\u015fleri (DS\u0130) Genel M\u00fcd\u00fcrl\u00fc\u011f\u00fcn\u00fcn, tar\u0131mda \u00e7a\u011fda\u015f sulamay\u0131 yayg\u0131nla\u015ft\u0131rmak, toplula\u015ft\u0131rma \u00e7al\u0131\u015fmalar\u0131yla tar\u0131m yerlerinden en y\u00fcksek fayday\u0131 sa\u011flamak, musluklara sa\u011fl\u0131kl\u0131 ve i\u00e7ilebilir su ula\u015ft\u0131rmak ve yerle\u015fim yerleriyle tar\u0131m yerlerini ta\u015fk\u0131n risklerine kar\u015f\u0131 korumak i\u00e7in t\u00fcm g\u00fcc\u00fcyle \u00e7al\u0131\u015ft\u0131\u011f\u0131n\u0131 belirten Yumakl\u0131, s\u00fcrd\u00fcr\u00fclebilir su idaresi anlay\u0131\u015f\u0131yla da suyun her damlas\u0131na sahip \u00e7\u0131kt\u0131klar\u0131n\u0131 tabir etti.<\/p>\n<p>Yumakl\u0131, DS\u0130&#8217;nin U\u015fak&#8217;\u0131n i\u00e7me suyu sorununun s\u00fcratli ve kal\u0131c\u0131 projelerle \u00e7\u00f6z\u00fclmesi gayesiyle k\u0131ymetli \u00e7al\u0131\u015fmalar y\u00fcr\u00fctt\u00fc\u011f\u00fcne dikkati \u00e7ekerek, \u015fu de\u011ferlendirmede bulundu:<\/p>\n<p>&#8220;Bu \u00e7al\u0131\u015fmalar kapsam\u0131nda, imaline ge\u00e7en y\u0131l bahar aylar\u0131nda ba\u015flad\u0131\u011f\u0131m\u0131z 265 milyon lira maliyetli U\u015fak Banaz Baltal\u0131 G\u00f6leti \u0130letim S\u0131n\u0131r\u0131 Projesi&#8217;nin birinci etab\u0131n\u0131 tamamlad\u0131k. B\u00f6ylelikle U\u015fak&#8217;\u0131n i\u00e7me suyuna can suyu olacak Baltal\u0131 G\u00f6leti&#8217;nden su aktar\u0131lmaya ba\u015fland\u0131. Projeyle yakla\u015f\u0131k 12,5 kilometre boru d\u00f6\u015feyerek Baltal\u0131 G\u00f6leti&#8217;nin suyunu U\u015fak\u2019\u0131n ana i\u00e7me suyu kaynaklar\u0131ndan biri olan K\u00fc\u00e7\u00fckler Baraj\u0131 Ar\u0131tma Tesisi&#8217;ne ula\u015ft\u0131rd\u0131k. U\u015fak i\u00e7in hayati dereceye sahip olan projeyle Baltal\u0131 G\u00f6leti&#8217;nden K\u00fc\u00e7\u00fckler Baraj\u0131 Ar\u0131tma Tesisi&#8217;ne saniyede 50 litre su aktar\u0131l\u0131yor.&#8221;<\/p>\n<p><b>&#8211; \u0130kinci k\u0131s\u0131m \u00e7al\u0131\u015fmalar\u0131 s\u00fcr\u00fcyor<\/b><\/p>\n<p>Projenin ikinci k\u0131sm\u0131na ait \u00e7al\u0131\u015fmalar\u0131n da t\u00fcm s\u00fcratiyle devam etti\u011fini vurgulayan Yumakl\u0131, bu faaliyetler kapsam\u0131nda bir reg\u00fclat\u00f6r ve terfi merkezi in\u015fa edilece\u011fini bildirdi.<\/p>\n<p>Yumakl\u0131, bu projeyle yakla\u015f\u0131k 5,6 kilometre daha \u00e7elik boru d\u00f6\u015fenece\u011fini belirterek, &#8220;Proje b\u00fcsb\u00fct\u00fcn bitti\u011finde Baltal\u0131 G\u00f6leti&#8217;nden U\u015fak vilayetimize y\u0131lda toplam 2,21 milyon metrek\u00fcp i\u00e7me ve kullanma suyu verilecek. U\u015fak halk\u0131m\u0131za ve kentimize g\u00fczel u\u011furlu olsun.&#8221; tabirlerini kulland\u0131.<\/p>\n","protected":false},"excerpt":{"rendered":"<p>Tar\u0131m ve Orman Bakan\u0131 \u0130brahim Yumakl\u0131, U\u015fak&#8217;\u0131n i\u00e7me suyu probleminin tahliline y\u00f6nelik \u00e7al\u0131\u015fmalar kapsam\u0131nda Banaz&#8217;daki Baltal\u0131 G\u00f6leti&#8217;nden su aktar\u0131lmaya ba\u015fland\u0131\u011f\u0131n\u0131 bildirdi.<\/p>\n","protected":false},"author":1,"featured_media":81058,"comment_status":"open","ping_status":"open","sticky":false,"template":"","format":"standard","meta":{"footnotes":""},"categories":[25],"tags":[33,888,9186,264],"class_list":["post-81057","post","type-post","status-publish","format-standard","has-post-thumbnail","hentry","category-gundem","tag-calismalar","tag-icme","tag-usak","tag-yumakli"],"_links":{"self":[{"href":"https:\/\/ikimisli.tr\/index.php\/wp-json\/wp\/v2\/posts\/81057","targetHints":{"allow":["GET"]}}],"collection":[{"href":"https:\/\/ikimisli.tr\/index.php\/wp-json\/wp\/v2\/posts"}],"about":[{"href":"https:\/\/ikimisli.tr\/index.php\/wp-json\/wp\/v2\/types\/post"}],"author":[{"embeddable":true,"href":"https:\/\/ikimisli.tr\/index.php\/wp-json\/wp\/v2\/users\/1"}],"replies":[{"embeddable":true,"href":"https:\/\/ikimisli.tr\/index.php\/wp-json\/wp\/v2\/comments?post=81057"}],"version-history":[{"count":1,"href":"https:\/\/ikimisli.tr\/index.php\/wp-json\/wp\/v2\/posts\/81057\/revisions"}],"predecessor-version":[{"id":81059,"href":"https:\/\/ikimisli.tr\/index.php\/wp-json\/wp\/v2\/posts\/81057\/revisions\/81059"}],"wp:featuredmedia":[{"embeddable":true,"href":"https:\/\/ikimisli.tr\/index.php\/wp-json\/wp\/v2\/media\/81058"}],"wp:attachment":[{"href":"https:\/\/ikimisli.tr\/index.php\/wp-json\/wp\/v2\/media?parent=81057"}],"wp:term":[{"taxonomy":"category","embeddable":true,"href":"https:\/\/ikimisli.tr\/index.php\/wp-json\/wp\/v2\/categories?post=81057"},{"taxonomy":"post_tag","embeddable":true,"href":"https:\/\/ikimisli.tr\/index.php\/wp-json\/wp\/v2\/tags?post=81057"}],"curies":[{"name":"wp","href":"https:\/\/api.w.org\/{rel}","templated":true}]}}