{"id":81150,"date":"2025-09-22T14:55:35","date_gmt":"2025-09-22T14:55:35","guid":{"rendered":"https:\/\/ikimisli.tr\/?p=81150"},"modified":"2025-09-22T14:55:35","modified_gmt":"2025-09-22T14:55:35","slug":"iste-ozgur-ozelin-yeni-a-takimi","status":"publish","type":"post","link":"https:\/\/ikimisli.tr\/index.php\/2025\/09\/22\/iste-ozgur-ozelin-yeni-a-takimi\/","title":{"rendered":"\u0130\u015fte \u00d6zg\u00fcr \u00d6zel&#8217;in yeni A Tak\u0131m\u0131"},"content":{"rendered":"<p>Cumhuriyet Halk Partisi&#8217;nin 22. Fevkal\u00e2de Kurultay\u0131&#8217;nda delegelerin kulland\u0131\u011f\u0131 oylar sonucunda Parti Meclisi (PM) ve Y\u00fcksek Disiplin Kurulu (YDK) listeleri belirli oldu.<\/p>\n<p>Ankara Yenimahallede&#8217;de bulunan Naz\u0131m Hikmet K\u00fclt\u00fcr Merkezi&#8217;nde Cumhuriyet Halk Partisi&#8217;nin 22. Harika Kurultay\u0131, \u00e7al\u0131\u015fmalar\u0131n\u0131 tamamlad\u0131.<\/p>\n<p><b>\u00d6ZG\u00dcR \u00d6ZEL TEKRAR GENEL BA\u015eKAN<\/b><\/p>\n<p>Kurultayda 917 delege oy kullan\u0131ld\u0131. CHP Genel Ba\u015fkan\u0131 \u00d6zg\u00fcr \u00d6zel, 835 ge\u00e7erli oyun tamam\u0131n\u0131 alarak tekrar genel lider se\u00e7ildi.<\/p>\n<p>CHP&#8217;nin 22. Harika Kurultay\u0131&#8217;nda PM ve YDK listeleri a\u015fik\u00e2r oldu<\/p>\n<p><b>PM VE YDK L\u0130STELER\u0130 A\u015e\u0130K\u00c2R OLDU<\/b><\/p>\n<p>Delegelerin oy kullanmas\u0131 sonucu 60 ki\u015filik PM ve 15 ki\u015filik YDK listeleri de resmi olmayan sonu\u00e7lara nazaran muhakkak oldu. 60 ki\u015filik PM listesinin 8&#8217;i ise Bilim K\u00fclt\u00fcr Sanat Platformu (BKSP) listesinden se\u00e7ildi.<\/p>\n<p><b>DELEGELER BLOK L\u0130STEY\u0130 OYLADI<\/b><\/p>\n<p>Kurultayda genel ba\u015fkan se\u00e7imi i\u00e7in oy kullanma s\u00fcrecinin tamamlanmas\u0131n\u0131n akabinde delegeler, 60 ki\u015filik PM ve 15 ki\u015filik YDK listelerini oylad\u0131. Saat 16.00&#8217;da biten oy kullanma s\u00fcrecinde delegeler, Genel Ba\u015fkan \u00d6zg\u00fcr \u00d6zel&#8217;in Parti Meclisi i\u00e7in Kurultay Ba\u015fkanl\u0131k Divan\u0131&#8217;na sundu\u011fu blok listeyi oylad\u0131. Oylama s\u00fcrecinin akabinde 60 ki\u015filik PM listesinde 1 isim de\u011fi\u015fti. Parti Meclisi listesinde yurt d\u0131\u015f\u0131nda bulundu\u011fu i\u00e7in PM toplant\u0131lar\u0131na devam edemedi\u011fi gerek\u00e7esiyle Ahmet Hakan Uyan\u0131k yerine eski Ankara B\u00fcy\u00fck\u015fehir Belediye Meclisi Ba\u015fkanvekili Sercan \u00c7\u0131\u011fg\u0131n yer ald\u0131. YDK listesinde ise \u00c7ankaya \u0130l\u00e7e Ba\u015fkan\u0131 se\u00e7ilen Ali Balta&#8217;n\u0131n yerine Edirne \u0130l Ba\u015fkan\u0131 Harika Tayb\u0131ll\u0131 yer ald\u0131.<\/p>\n<p>CHP&#8217;nin 22. \u0130nan\u0131lmaz Kurultay\u0131&#8217;nda PM ve YDK listeleri muhakkak oldu<\/p>\n<p><b>\u0130\u015eTE 52 K\u0130\u015e\u0130L\u0130K PM L\u0130STES\u0130<\/b><\/p>\n<p>52 ki\u015filik PM listesi \u015fu formda s\u0131raland\u0131: &#8220;Deniz Yavuzy\u0131lmaz, Suat \u00d6z\u00e7a\u011fda\u015f, Mahmut Tanal, M. G\u00fcl \u00c7iftci Binici, Ensar Aytekin, Hikmet Erbilgin, Gamze Ta\u015fc\u0131er, Ali Abbas Ert\u00fcrk, Canan Ta\u015fer, Becerikli Y\u00fcksel, Nam\u0131k Tan, Turgay \u00d6zcan, Selin Sayek B\u00f6ke, \u00d6zg\u00fcr Karabat, Berkay Gezgin, Erhan Adem, Baki Ayd\u00f6ner, Semra Din\u00e7er, Saniye Barut, Deniz Y\u00fccel, Nurhayat Altaca Kay\u0131\u015fo\u011flu, Ozan I\u015f\u0131k, Ali Haydar Hakverdi, Yal\u00e7\u0131n G\u00f6rg\u00f6z, Burhanettin Bulut, Ali Haydar F\u0131rat, Murat Bakan, Melisa U\u011fra\u015f, P\u0131nar Uzun Okak\u0131n, Ula\u015f Karasu, Bedirhan Berk Ger\u00e7ek, Hikmet Yal\u0131m Hal\u0131c\u0131, Nazan G\u00fcneysu, Burcu Maz\u0131c\u0131o\u011flu, Mehmet Necati Ya\u011fc\u0131, Zeliha Aksaz \u015eahbaz, \u0130smail Atakan \u00dcnver, Ecevit Kele\u015f, Mustafa Sezgin Tanr\u0131kulu, Berna \u00d6zg\u00fcl, \u015eeng\u00fcl Ye\u015fildal, Mehmet Alk\u0131n Denizaslan\u0131, G\u00f6kan Zeybek, U\u011furcan \u0130rak, \u00d6zg\u00fcr Ceylan, Sinem K\u0131r\u00e7i\u00e7ek, Sevgi K\u0131l\u0131\u00e7, Engin \u00d6zko\u00e7, Niyazi \u015een, Aylin Nazl\u0131aka, Sercan \u00c7\u0131\u011fg\u0131n, Uygar Par\u00e7al.&#8221;<\/p>\n<p>CHP&#8217;nin 22. Harikul\u00e2de Kurultay\u0131&#8217;nda PM ve YDK listeleri muhakkak oldu<\/p>\n<p><b>8 K\u0130\u015e\u0130 BKSP&#8217;DEN PM L\u0130STES\u0130NE G\u0130RD\u0130<\/b><\/p>\n<p>Kurultayda 60 ki\u015filik PM listesinin 8&#8217;i ise Bilim K\u00fclt\u00fcr Sanat Platformu&#8217;ndan (BKSP) listeye girdi. 12 \u015fah\u0131stan olu\u015fan platformda G\u00fcl\u015fah Deniz Atalar, Yank\u0131 Ba\u011fc\u0131o\u011flu, Baran Bozo\u011flu, Bahattin Bahad\u0131r Fazilet, Yal\u00e7\u0131n Karatepe, G\u00f6k\u00e7e G\u00f6k\u00e7en, Emine U\u00e7ak Erdo\u011fan ve Baran Seyhan en y\u00fcksek oyu alan isimler oldu.<\/p>\n<p>15 ki\u015filik YDK listesi ise \u015fu bi\u00e7imde s\u0131raland\u0131: &#8220;\u00d6zg\u00fcr Sa\u011flam, Deniz \u00c7ak\u0131r, Turan Ta\u015fk\u0131n \u00d6zer, Ay\u00e7a Akpek \u015eenay, S\u00fcleyman B\u00fclb\u00fcl, \u0130smail Emre Telci, Nurdan Y\u00fccal, Esin Fatma Temel, Aysemin G\u00fclmez, H\u00fcmeyra Akku\u015f Sand\u0131k\u00e7\u0131, Deniz Demir\u00f6z, \u00d6zkan Tice, Kusursuz Tayb\u0131ll\u0131, Ekincan Aksoy, Remzi Kazmaz.&#8221;<\/p>\n","protected":false},"excerpt":{"rendered":"<p>Cumhuriyet Halk Partisi&#8217;nin 22. \u0130nan\u0131lmaz Kurultay\u0131&#8217;nda delegelerin kulland\u0131\u011f\u0131 oylar sonucunda Parti Meclisi (PM) ve Y\u00fcksek Disiplin Kurulu (YDK) listeleri belirli oldu.<\/p>\n","protected":false},"author":1,"featured_media":81151,"comment_status":"open","ping_status":"open","sticky":false,"template":"","format":"standard","meta":{"footnotes":""},"categories":[25],"tags":[7755,105,5878,3018,4339],"class_list":["post-81150","post","type-post","status-publish","format-standard","has-post-thumbnail","hentry","category-gundem","tag-delege","tag-deniz","tag-kurultay","tag-listesi","tag-ydk"],"_links":{"self":[{"href":"https:\/\/ikimisli.tr\/index.php\/wp-json\/wp\/v2\/posts\/81150","targetHints":{"allow":["GET"]}}],"collection":[{"href":"https:\/\/ikimisli.tr\/index.php\/wp-json\/wp\/v2\/posts"}],"about":[{"href":"https:\/\/ikimisli.tr\/index.php\/wp-json\/wp\/v2\/types\/post"}],"author":[{"embeddable":true,"href":"https:\/\/ikimisli.tr\/index.php\/wp-json\/wp\/v2\/users\/1"}],"replies":[{"embeddable":true,"href":"https:\/\/ikimisli.tr\/index.php\/wp-json\/wp\/v2\/comments?post=81150"}],"version-history":[{"count":1,"href":"https:\/\/ikimisli.tr\/index.php\/wp-json\/wp\/v2\/posts\/81150\/revisions"}],"predecessor-version":[{"id":81152,"href":"https:\/\/ikimisli.tr\/index.php\/wp-json\/wp\/v2\/posts\/81150\/revisions\/81152"}],"wp:featuredmedia":[{"embeddable":true,"href":"https:\/\/ikimisli.tr\/index.php\/wp-json\/wp\/v2\/media\/81151"}],"wp:attachment":[{"href":"https:\/\/ikimisli.tr\/index.php\/wp-json\/wp\/v2\/media?parent=81150"}],"wp:term":[{"taxonomy":"category","embeddable":true,"href":"https:\/\/ikimisli.tr\/index.php\/wp-json\/wp\/v2\/categories?post=81150"},{"taxonomy":"post_tag","embeddable":true,"href":"https:\/\/ikimisli.tr\/index.php\/wp-json\/wp\/v2\/tags?post=81150"}],"curies":[{"name":"wp","href":"https:\/\/api.w.org\/{rel}","templated":true}]}}