{"id":81195,"date":"2025-09-22T17:31:34","date_gmt":"2025-09-22T17:31:34","guid":{"rendered":"https:\/\/ikimisli.tr\/?p=81195"},"modified":"2025-09-22T17:31:34","modified_gmt":"2025-09-22T17:31:34","slug":"f-bahcede-baskanlik-secimi-sona-erdi-257-oy-farkla-kazandi","status":"publish","type":"post","link":"https:\/\/ikimisli.tr\/index.php\/2025\/09\/22\/f-bahcede-baskanlik-secimi-sona-erdi-257-oy-farkla-kazandi\/","title":{"rendered":"F.Bah\u00e7e&#8217;de ba\u015fkanl\u0131k se\u00e7imi sona erdi! 257 oy farkla kazand\u0131"},"content":{"rendered":"<p>Fenerbah\u00e7e Kul\u00fcb\u00fc \u0130nan\u0131lmaz Genel \u015eura Toplant\u0131s\u0131 sona erdi. Kongrede mevcut Lider Ali Ko\u00e7 ile Sadettin Saran ba\u015fkanl\u0131k i\u00e7in yar\u0131\u015ft\u0131. Se\u00e7imi Sadettin Saran 257 oy farkla kazand\u0131.<\/p>\n<p>Ba\u015fkanl\u0131k se\u00e7imi i\u00e7in oy verme s\u00fcreci 10.00-17.00 saatlerinde 50 sand\u0131kta ger\u00e7ekle\u015fti. Sand\u0131klar oy verme s\u00fcreci bittikten sonra toplu olarak a\u00e7\u0131ld\u0131 ve oylar genel heyet divan liderinin \u00f6nc\u00fcl\u00fc\u011f\u00fcnde say\u0131ld\u0131.<\/p>\n<p>Kongrede lider adaylar\u0131ndan Ali Ko\u00e7 i\u00e7in beyaz, Sadettin Saran i\u00e7in ise sar\u0131 pusula kullan\u0131ld\u0131. Yap\u0131lan say\u0131m\u0131n akabinde Sadettin Saran, resmi olmayan sonu\u00e7lara nazaran Fenerbah\u00e7e&#8217;nin yeni lideri se\u00e7ildi.<\/p>\n<p>Y\u00fcksek Divan Kurulu Lideri \u015eekip Mosturo\u011flu, oy say\u0131m\u0131n\u0131n tamamlanmas\u0131n\u0131n akabinde yapt\u0131\u011f\u0131 a\u00e7\u0131klamada &#8220;E\u011fer itiraz olursa yar\u0131n saat 17.00\u2019den sonra sand\u0131k liderleri ile tekrardan say\u0131m yap\u0131lacak&#8221; dedi. <\/p>\n<p>Nefes kesen se\u00e7im yar\u0131\u015f\u0131 sonras\u0131 Fenerbah\u00e7e&#8217;nin yeni ba\u015fkan\u0131 se\u00e7ilen Saadettin Saran&#8217;\u0131n listesinde \u015fu isimler yer ald\u0131:<\/p>\n<p>&#8220;Adem K\u00f6z, Orhan Demirel, Taner S\u00f6nmezer, Ahmet Murat Emaneto\u011flu, \u0130lker Alkun, Bur\u00e7in G\u00f6zl\u00fckl\u00fc, Ali G\u00fcrb\u00fcz, Ertan Toruno\u011fullar\u0131, Murat Salar, Ufuk \u015eansal, Olcay Do\u011fan, Cem Cirit\u00e7i, Fazilet Sezer, Ozan Vural, Ertu\u011frul Eren Ergen, \u0130lyas Y\u0131lmaz, Orhan Orak\u00e7\u0131o\u011flu, G\u00f6khan Ta\u015fkaya, \u0130lker Arslan, Zeynep Yal\u0131m Uzun, Serhan Y\u0131lmaz.&#8221;<\/p>\n","protected":false},"excerpt":{"rendered":"<p>Fenerbah\u00e7e&#8217;de mevcut Lider Ali Ko\u00e7 ve Saadettin Saran&#8217;\u0131n ba\u015fkanl\u0131k i\u00e7in yar\u0131\u015ft\u0131\u011f\u0131 Harika Genel \u015eura Toplant\u0131s\u0131 sona erdi. Nefes kesen ba\u015fkanl\u0131k yar\u0131\u015f\u0131nda kazanan\u0131 257 oy fark belirledi.<\/p>\n","protected":false},"author":1,"featured_media":81196,"comment_status":"open","ping_status":"open","sticky":false,"template":"","format":"standard","meta":{"footnotes":""},"categories":[30],"tags":[32,8665],"class_list":["post-81195","post","type-post","status-publish","format-standard","has-post-thumbnail","hentry","category-spor","tag-baskan","tag-saran"],"_links":{"self":[{"href":"https:\/\/ikimisli.tr\/index.php\/wp-json\/wp\/v2\/posts\/81195","targetHints":{"allow":["GET"]}}],"collection":[{"href":"https:\/\/ikimisli.tr\/index.php\/wp-json\/wp\/v2\/posts"}],"about":[{"href":"https:\/\/ikimisli.tr\/index.php\/wp-json\/wp\/v2\/types\/post"}],"author":[{"embeddable":true,"href":"https:\/\/ikimisli.tr\/index.php\/wp-json\/wp\/v2\/users\/1"}],"replies":[{"embeddable":true,"href":"https:\/\/ikimisli.tr\/index.php\/wp-json\/wp\/v2\/comments?post=81195"}],"version-history":[{"count":1,"href":"https:\/\/ikimisli.tr\/index.php\/wp-json\/wp\/v2\/posts\/81195\/revisions"}],"predecessor-version":[{"id":81197,"href":"https:\/\/ikimisli.tr\/index.php\/wp-json\/wp\/v2\/posts\/81195\/revisions\/81197"}],"wp:featuredmedia":[{"embeddable":true,"href":"https:\/\/ikimisli.tr\/index.php\/wp-json\/wp\/v2\/media\/81196"}],"wp:attachment":[{"href":"https:\/\/ikimisli.tr\/index.php\/wp-json\/wp\/v2\/media?parent=81195"}],"wp:term":[{"taxonomy":"category","embeddable":true,"href":"https:\/\/ikimisli.tr\/index.php\/wp-json\/wp\/v2\/categories?post=81195"},{"taxonomy":"post_tag","embeddable":true,"href":"https:\/\/ikimisli.tr\/index.php\/wp-json\/wp\/v2\/tags?post=81195"}],"curies":[{"name":"wp","href":"https:\/\/api.w.org\/{rel}","templated":true}]}}