{"id":81289,"date":"2025-09-22T22:31:36","date_gmt":"2025-09-22T22:31:36","guid":{"rendered":"https:\/\/ikimisli.tr\/?p=81289"},"modified":"2025-09-22T22:31:36","modified_gmt":"2025-09-22T22:31:36","slug":"af-infaz-ev-hapsi-ve-umut-hakki-geliyor","status":"publish","type":"post","link":"https:\/\/ikimisli.tr\/index.php\/2025\/09\/22\/af-infaz-ev-hapsi-ve-umut-hakki-geliyor\/","title":{"rendered":"Af, infaz, ev hapsi ve umut hakk\u0131 geliyor"},"content":{"rendered":"<p>TBMM\u2019de 51 milletvekilinden olu\u015fan \u201cTer\u00f6rs\u00fcz T\u00fcrkiye Komisyonu\u201d 1 Ocak 2026\u2019ya kadar \u00e7al\u0131\u015fmay\u0131 planl\u0131yor. 24 Eyl\u00fcl\u2019de 11. sefer toplanacak komitede bug\u00fcne kadar ter\u00f6ristba\u015f\u0131 ve PKK\u2019l\u0131lara af, ana lisanda e\u011fitim, yeni anayasa, T\u00fcrk kavram\u0131n\u0131n d\u00fczenlenmesi \u00fczere bir\u00e7ok bahis tart\u0131\u015f\u0131ld\u0131.<\/p>\n<p>Komisyona gelen Hizbullah\u2019a yak\u0131n derne\u011fin temsilcileri olay \u00e7\u0131kar\u0131p T\u00fcrk askerini su\u00e7lad\u0131. Komitenin g\u00fcndeminde \u0130mral\u0131 ziyareti ve ter\u00f6ristba\u015f\u0131 \u00d6calan ile g\u00f6r\u00fc\u015fme de var. Kurulun \u201cAf, infaz, konut mahpusu, umut hakk\u0131\u201d \u00fczere hususlarda yasa teklifleri getirmesi bekleniyor.<\/p>\n<p><img decoding=\"async\" src=\"https:\/\/ikimisli.tr\/wp-content\/uploads\/2025\/09\/af-infaz-ev-hapsi-ve-umut-hakki-geliyor-0-XnUO9cQI.jpg\"\/><\/p>\n<p>\u0130Y\u0130 Parti d\u0131\u015f\u0131nda TBMM\u2019deki t\u00fcm partilerden olu\u015fan komite birinci toplant\u0131s\u0131n\u0131 5 A\u011fustos\u2019ta yapt\u0131. Bakanlar ve M\u0130T Ba\u015fkan\u0131 bilgi verdi. \u015eimdiye kadar 10 eski TBMM Ba\u015fkan\u0131, Barolar, T\u00dcS\u0130AD, TOBB, M\u00dcS\u0130AD; Cumartesi, Diyarbak\u0131r ve Bar\u0131\u015f Anneleri, \u015eehit ve Gazi Dernek ve Vak\u0131flar\u0131, akademisyenler, Do\u011fu-G\u00fcneydo\u011fu\u2019dan i\u015f insanlar\u0131 ile STK\u2019lar g\u00f6r\u00fc\u015flerini a\u00e7\u0131klad\u0131. Kurul bug\u00fcne kadar her kesitten bireyleri dinledi. \u00c7e\u015fitli g\u00f6r\u00fc\u015fler \u015f\u00f6yle \u015fekillendi: Prof. Havva K\u00f6k Arslan: B\u00f6l\u00fcn\u00fcrsek yok oluruz, b\u00f6l\u00fc\u015f\u00fcrsek tok oluruz. Fatih, Atat\u00fcrk, Selahattin Eyyubi. MHP\u2019li biri olarak s\u00f6yl\u00fcyorum \u00d6calan\u2019\u0131n yapt\u0131\u011f\u0131 ger\u00e7ek bir liderlik.<\/p>\n<p><strong>\u2018\u00d6Z\u00dcR D\u0130LENS\u0130N\u2019<\/strong><\/p>\n<p><strong>Prof. Sevtap Yoku\u015f Veznedaro\u011flu:<\/strong> Siyasi tutuklu ve mahkumlar\u0131n sal\u0131nabilmesi imkan\u0131na infaz kanunuyla ba\u015flanabilir. Mahall\u00ee idareler \u00f6zerklik ko\u015fulunun ger\u00e7ek manas\u0131nda uygulamas\u0131 sa\u011flanabilir. Prof. Deniz \u00dclke Kaynak: Hi\u00e7bir K\u00fcrt\u2019e sadece K\u00fcrt oldu\u011fu i\u00e7in rastgele bir \u015fey verilemez, hi\u00e7bir Alevi\u2019ye sadece Alevi oldu\u011fu i\u00e7in rastgele bir \u015fey verilemez fakat hepsine sadece T\u00fcrkiye Cumhuriyeti vatanda\u015f\u0131 olduklar\u0131 i\u00e7in b\u00fct\u00fcn haklar\u0131n verilmesi gerekir.<\/p>\n<p><strong>Rasim Aslan (Kadim A\u015firetler Federasyonu Ba\u015fkan\u0131):<\/strong> Farkl\u0131 toplumlara mensup \u015fahsiyetler, durumsal \u015fartlara kar\u015f\u0131 \u00e7\u0131kmalar\u0131 nedeniyle hain ilan edilmemeli. Prestijleri iade edilmeli, ders kitaplar\u0131ndan olumsuz ve a\u015fa\u011f\u0131lay\u0131c\u0131 s\u00f6zler kald\u0131r\u0131lmal\u0131.<\/p>\n<p><strong>\u015eahismail Bedirhano\u011flu (G\u00fcnsiad Ba\u015fkan\u0131):<\/strong> Art\u0131k, sivil siyasetin de bir anayasa yapabilece\u011fini g\u00f6stermek laz\u0131m.<\/p>\n<p><strong>\u00d6zlem Tanaman (Do\u011fukad Ba\u015fkan\u0131):<\/strong> T\u00fcrkiye tarihi bir yol ayr\u0131m\u0131nda, bar\u0131\u015f art\u0131k ertelenemez.<\/p>\n<p><strong>Abdullah Sa\u011f\u0131r (Mezopotamya \u0130slami Ara\u015ft\u0131rmalar Merkezi):<\/strong> Empati kurularak kanunlar d\u00fczeltilmeli, kusurlarla y\u00fczle\u015filmeli, gerekiyorsa \u00f6z\u00fcr dilenmeli.<\/p>\n<p><strong>Ay\u015feg\u00fcl Bi\u00e7er (Diyarbak\u0131r Annesi):<\/strong> 384 aileden 62\u2019si evlad\u0131na kavu\u015ftu. Temiz gen\u00e7ler ailelerine d\u00f6nebilmeli.<\/p>\n<p><strong>Burak Akkol (T\u0130SK Ba\u015fkan\u0131): <\/strong>B\u00f6lgede ki\u015fi ba\u015f\u0131na d\u00fc\u015fen gelir 20 y\u0131ld\u0131r birebir. Y\u00fczde 46 kay\u0131t d\u0131\u015f\u0131 istihdam var. Ter\u00f6rs\u00fcz \u00fclkeler, ter\u00f6rle gayret edenlere nazaran 5 kat\u0131 b\u00fcy\u00fcyor.<\/p>\n<p><strong>Ali Yal\u00e7\u0131n (Memur-Sen): <\/strong>Yeni ve sivil bir anayasa ile toplumun t\u00fcm b\u00f6l\u00fcm\u00fcn\u00fc kapsayan bir mukavele yap\u0131lmal\u0131.<\/p>\n<p><strong>Abdulkadir G\u00fcle\u00e7 (Diyarbak\u0131r Baro Ba\u015fkan\u0131):<\/strong> Cezaevlerinde tutulan binlerce ki\u015fi toplumsal ya\u015fama kat\u0131lmal\u0131 ve \u00f6zel bir yasa \u00e7\u0131kar\u0131lmal\u0131. Devlet K\u00fcrt\u00e7e ile de bar\u0131\u015fmal\u0131d\u0131r.<\/p>\n","protected":false},"excerpt":{"rendered":"<p>A\u00e7\u0131l\u0131m Kurulu, 1 Ocak 2026\u2019ya kadar \u00e7al\u0131\u015facak. Bug\u00fcne kadarki toplant\u0131larda lisana getirilen talepler ba\u015fl\u0131ktaki d\u00fczenlemelerin yap\u0131laca\u011f\u0131na i\u015faret ediyor.<\/p>\n","protected":false},"author":1,"featured_media":81290,"comment_status":"open","ping_status":"open","sticky":false,"template":"","format":"standard","meta":{"footnotes":""},"categories":[25],"tags":[39,147,163],"class_list":["post-81289","post","type-post","status-publish","format-standard","has-post-thumbnail","hentry","category-gundem","tag-baskani","tag-komisyon","tag-turk"],"_links":{"self":[{"href":"https:\/\/ikimisli.tr\/index.php\/wp-json\/wp\/v2\/posts\/81289","targetHints":{"allow":["GET"]}}],"collection":[{"href":"https:\/\/ikimisli.tr\/index.php\/wp-json\/wp\/v2\/posts"}],"about":[{"href":"https:\/\/ikimisli.tr\/index.php\/wp-json\/wp\/v2\/types\/post"}],"author":[{"embeddable":true,"href":"https:\/\/ikimisli.tr\/index.php\/wp-json\/wp\/v2\/users\/1"}],"replies":[{"embeddable":true,"href":"https:\/\/ikimisli.tr\/index.php\/wp-json\/wp\/v2\/comments?post=81289"}],"version-history":[{"count":1,"href":"https:\/\/ikimisli.tr\/index.php\/wp-json\/wp\/v2\/posts\/81289\/revisions"}],"predecessor-version":[{"id":81292,"href":"https:\/\/ikimisli.tr\/index.php\/wp-json\/wp\/v2\/posts\/81289\/revisions\/81292"}],"wp:featuredmedia":[{"embeddable":true,"href":"https:\/\/ikimisli.tr\/index.php\/wp-json\/wp\/v2\/media\/81290"}],"wp:attachment":[{"href":"https:\/\/ikimisli.tr\/index.php\/wp-json\/wp\/v2\/media?parent=81289"}],"wp:term":[{"taxonomy":"category","embeddable":true,"href":"https:\/\/ikimisli.tr\/index.php\/wp-json\/wp\/v2\/categories?post=81289"},{"taxonomy":"post_tag","embeddable":true,"href":"https:\/\/ikimisli.tr\/index.php\/wp-json\/wp\/v2\/tags?post=81289"}],"curies":[{"name":"wp","href":"https:\/\/api.w.org\/{rel}","templated":true}]}}