{"id":81545,"date":"2025-09-23T12:55:34","date_gmt":"2025-09-23T12:55:34","guid":{"rendered":"https:\/\/ikimisli.tr\/?p=81545"},"modified":"2025-09-23T12:55:34","modified_gmt":"2025-09-23T12:55:34","slug":"deprem-uzmani-olagandisi-diyerek-acikladi-sindirgida-buyuk-deprem-olacak-mi","status":"publish","type":"post","link":"https:\/\/ikimisli.tr\/index.php\/2025\/09\/23\/deprem-uzmani-olagandisi-diyerek-acikladi-sindirgida-buyuk-deprem-olacak-mi\/","title":{"rendered":"Deprem uzman\u0131 &#8216;ola\u011fand\u0131\u015f\u0131&#8217; diyerek a\u00e7\u0131klad\u0131: S\u0131nd\u0131rg\u0131&#8217;da b\u00fcy\u00fck deprem olacak m\u0131?"},"content":{"rendered":"<p>Bal\u0131kesir&#8217;in S\u0131nd\u0131rg\u0131 il\u00e7esinde 10 A\u011fustos 2025&#8217;te meydana gelen 6,1 b\u00fcy\u00fckl\u00fc\u011f\u00fcndeki sars\u0131nt\u0131n\u0131n akabinde il\u00e7e\u00a0gece 00.05&#8217;te 4,9 akabinde saat 12.02&#8217;de 4,5 b\u00fcy\u00fckl\u00fc\u011f\u00fcnde iki zelzele ile sars\u0131ld\u0131.<\/p>\n<p>Deprem \u0130stanbul ve \u0130zmir ba\u015fta olmak \u00fczere etraf vilayetlerden de hissedildi.<\/p>\n<p><b>DEPREMLER\u0130N AKAB\u0130NDE 3 \u0130HT\u0130MAL\u0130 SAYDI\u00a0<\/b><\/p>\n<p>NTV&#8217;ye konu\u015fan Prof. Dr. Okan T\u00fcys\u00fcz, b\u00f6lgede meydana gelen 10 bin 50 civar\u0131nda zelzelenin al\u0131\u015f\u0131lageldik bir say\u0131 olmad\u0131\u011f\u0131n\u0131 belirterek \u00fc\u00e7 ihtimal s\u0131ralad\u0131.<\/p>\n<p>&#8220;\u00d6zellikle S\u0131nd\u0131rg\u0131&#8217;n\u0131n g\u00fcneyinde bug\u00fcnk\u00fc zelzelenin de meydana geldi\u011fi alanda ya bizim y\u00fczeyde g\u00f6rmedi\u011fimiz bir kadro faylar var, ya burada jeotermal olarak s\u0131cak sular\u0131n bir hareketi var&#8221; diyen T\u00fcys\u00fcz, &#8220;Ya da magma hareketleri var&#8221; de\u011ferlendirmesinde bulundu.<\/p>\n<p><b>&#8220;YERALTI \u00c7ALI\u015eMALARINA GEREKS\u0130N\u0130M VAR&#8221;<\/b><\/p>\n<p>Bu durumun nedeninin anla\u015f\u0131labilmesi i\u00e7in b\u00f6lgenin detayl\u0131 olarak incelenmesi gerekti\u011fini kaydeden T\u00fcys\u00fcz, &#8220;Y\u00fczeyden yap\u0131lan \u00e7al\u0131\u015fmalarda burada etkin bir fay izlenemiyor. Yeralt\u0131 \u00e7al\u0131\u015fmalar\u0131na muhta\u00e7l\u0131k var.&#8221; s\u00f6zlerini kulland\u0131.<\/p>\n<p><b>&#8220;B\u0130RKA\u00c7 AY DAHA DEVAM EDECEKLER&#8221;<\/b><\/p>\n<p>Prof. Dr. T\u00fcys\u00fcz, &#8220;Daha b\u00fcy\u00fck sars\u0131nt\u0131 beklentisi var m\u0131?&#8221; sorusunu ise, &#8220;Olas\u0131l\u0131kla bunlar birka\u00e7 ay daha devam edecekler. Fakat b\u00f6lgede b\u00fcy\u00fck zelzele yaratacak bir fay olsayd\u0131, bu faylar y\u00fczeye \u00e7\u0131kar ve biz bunlar\u0131 belirlerdik&#8221; dedi.<\/p>\n<p>Prof Dr. T\u00fcys\u00fcz ayr\u0131ca, &#8220;Beklentimiz b\u00fcy\u00fck bir zelzele olmaks\u0131z\u0131n, bu sars\u0131nt\u0131lar\u0131n devam etmesidir. Burada 6,1&#8217;den daha b\u00fcy\u00fck bir zelzele ortaya \u00e7\u0131kaca\u011f\u0131 kanaatinde de\u011filim.&#8221; s\u00f6zlerini kulland\u0131.<\/p>\n","protected":false},"excerpt":{"rendered":"<p>Bal\u0131kesir&#8217;in S\u0131nd\u0131rg\u0131 il\u00e7esinde 10 A\u011fustos&#8217;ta meydana gelen 6,1&#8217;lik zelzelenin akabinde 40 g\u00fcnde 10 binden fazla art\u00e7\u0131 sars\u0131nt\u0131 meydana gelirken Prof. Dr. Okan T\u00fcys\u00fcz, &#8220;Daha b\u00fcy\u00fck zelzele olur mu?&#8221; sorusunu kar\u015f\u0131l\u0131k verdi. Prof. Dr. T\u00fcys\u00fcz ayr\u0131ca, &#8220;Yeralt\u0131 \u00e7al\u0131\u015fmalar\u0131na muhta\u00e7l\u0131k var&#8221; dedi.<\/p>\n","protected":false},"author":1,"featured_media":81546,"comment_status":"open","ping_status":"open","sticky":false,"template":"","format":"standard","meta":{"footnotes":""},"categories":[25],"tags":[285,9213],"class_list":["post-81545","post","type-post","status-publish","format-standard","has-post-thumbnail","hentry","category-gundem","tag-deprem","tag-tuysuz"],"_links":{"self":[{"href":"https:\/\/ikimisli.tr\/index.php\/wp-json\/wp\/v2\/posts\/81545","targetHints":{"allow":["GET"]}}],"collection":[{"href":"https:\/\/ikimisli.tr\/index.php\/wp-json\/wp\/v2\/posts"}],"about":[{"href":"https:\/\/ikimisli.tr\/index.php\/wp-json\/wp\/v2\/types\/post"}],"author":[{"embeddable":true,"href":"https:\/\/ikimisli.tr\/index.php\/wp-json\/wp\/v2\/users\/1"}],"replies":[{"embeddable":true,"href":"https:\/\/ikimisli.tr\/index.php\/wp-json\/wp\/v2\/comments?post=81545"}],"version-history":[{"count":1,"href":"https:\/\/ikimisli.tr\/index.php\/wp-json\/wp\/v2\/posts\/81545\/revisions"}],"predecessor-version":[{"id":81547,"href":"https:\/\/ikimisli.tr\/index.php\/wp-json\/wp\/v2\/posts\/81545\/revisions\/81547"}],"wp:featuredmedia":[{"embeddable":true,"href":"https:\/\/ikimisli.tr\/index.php\/wp-json\/wp\/v2\/media\/81546"}],"wp:attachment":[{"href":"https:\/\/ikimisli.tr\/index.php\/wp-json\/wp\/v2\/media?parent=81545"}],"wp:term":[{"taxonomy":"category","embeddable":true,"href":"https:\/\/ikimisli.tr\/index.php\/wp-json\/wp\/v2\/categories?post=81545"},{"taxonomy":"post_tag","embeddable":true,"href":"https:\/\/ikimisli.tr\/index.php\/wp-json\/wp\/v2\/tags?post=81545"}],"curies":[{"name":"wp","href":"https:\/\/api.w.org\/{rel}","templated":true}]}}