{"id":81548,"date":"2025-09-23T13:07:40","date_gmt":"2025-09-23T13:07:40","guid":{"rendered":"https:\/\/ikimisli.tr\/?p=81548"},"modified":"2025-09-23T13:07:40","modified_gmt":"2025-09-23T13:07:40","slug":"toptanci-halinde-patlama-olu-ve-yaralilar-var","status":"publish","type":"post","link":"https:\/\/ikimisli.tr\/index.php\/2025\/09\/23\/toptanci-halinde-patlama-olu-ve-yaralilar-var\/","title":{"rendered":"Toptanc\u0131 halinde patlama! \u00d6l\u00fc ve yaral\u0131lar var"},"content":{"rendered":"<p>Antalya\u2019n\u0131n Demre il\u00e7esinde bulunan zerzevat meyve toptanc\u0131 halinde saat 15.00 s\u0131ralar\u0131nda patlama meydana geldi. \u015eimdi nedeni bilinmeyen patlaman\u0131n akabinde b\u00f6lgeye polis, itfaiye ve s\u0131hhat tak\u0131mlar\u0131 sevk edildi.<\/p>\n<p>Sa\u011fl\u0131k tak\u0131mlar\u0131nca yap\u0131lan birinci m\u00fcdahalenin akabinde yaral\u0131lar hastaneye kald\u0131r\u0131ld\u0131. Patlamada i\u015f yerinde ve etraftaki birtak\u0131m ara\u00e7larda da hasar meydana geldi.<\/p>\n<p><img decoding=\"async\" src=\"https:\/\/ikimisli.tr\/wp-content\/uploads\/2025\/09\/toptanci-halinde-patlama-olu-ve-yaralilar-var-0-3Yny1sCw.jpg\"\/><\/p>\n<p><img decoding=\"async\" src=\"https:\/\/ikimisli.tr\/wp-content\/uploads\/2025\/09\/toptanci-halinde-patlama-olu-ve-yaralilar-var-1-5RnFnVke.jpg\"\/><\/p>\n<p><b>BA\u015eKAN DURAN: 3 YARALI 1 KAYBIMIZ VAR<\/b><\/p>\n<p>Demre Belediye Ba\u015fkan\u0131 Fahri Duran, &#8220;Bir patlama oldu. 3 yaral\u0131, 1 kayb\u0131m\u0131z var. Sebebini \u015fimdi biz de bilmiyoruz. Patlama halin ardiyeler k\u0131sm\u0131nda ger\u00e7ekle\u015fti&#8221; dedi.<\/p>\n<p>Patlaman\u0131n kesin nedeninin belirlenmesi i\u00e7in incelemeler s\u00fcr\u00fcyor.<\/p>\n","protected":false},"excerpt":{"rendered":"<p>Antalya\u2019n\u0131n Demre il\u00e7esindeki zerzevat meyve toptanc\u0131 halinde \u015fimdi bilinmeyen nedenle meydana gelen patlamada 3 ki\u015fi yaraland\u0131, 1 ki\u015fi hayat\u0131n\u0131 kaybetti. \u0130\u015f yerinde ve etrafta hasar olu\u015ftu.<\/p>\n","protected":false},"author":1,"featured_media":81549,"comment_status":"open","ping_status":"open","sticky":false,"template":"","format":"standard","meta":{"footnotes":""},"categories":[25],"tags":[300],"class_list":["post-81548","post","type-post","status-publish","format-standard","has-post-thumbnail","hentry","category-gundem","tag-patlama"],"_links":{"self":[{"href":"https:\/\/ikimisli.tr\/index.php\/wp-json\/wp\/v2\/posts\/81548","targetHints":{"allow":["GET"]}}],"collection":[{"href":"https:\/\/ikimisli.tr\/index.php\/wp-json\/wp\/v2\/posts"}],"about":[{"href":"https:\/\/ikimisli.tr\/index.php\/wp-json\/wp\/v2\/types\/post"}],"author":[{"embeddable":true,"href":"https:\/\/ikimisli.tr\/index.php\/wp-json\/wp\/v2\/users\/1"}],"replies":[{"embeddable":true,"href":"https:\/\/ikimisli.tr\/index.php\/wp-json\/wp\/v2\/comments?post=81548"}],"version-history":[{"count":1,"href":"https:\/\/ikimisli.tr\/index.php\/wp-json\/wp\/v2\/posts\/81548\/revisions"}],"predecessor-version":[{"id":81552,"href":"https:\/\/ikimisli.tr\/index.php\/wp-json\/wp\/v2\/posts\/81548\/revisions\/81552"}],"wp:featuredmedia":[{"embeddable":true,"href":"https:\/\/ikimisli.tr\/index.php\/wp-json\/wp\/v2\/media\/81549"}],"wp:attachment":[{"href":"https:\/\/ikimisli.tr\/index.php\/wp-json\/wp\/v2\/media?parent=81548"}],"wp:term":[{"taxonomy":"category","embeddable":true,"href":"https:\/\/ikimisli.tr\/index.php\/wp-json\/wp\/v2\/categories?post=81548"},{"taxonomy":"post_tag","embeddable":true,"href":"https:\/\/ikimisli.tr\/index.php\/wp-json\/wp\/v2\/tags?post=81548"}],"curies":[{"name":"wp","href":"https:\/\/api.w.org\/{rel}","templated":true}]}}