{"id":81556,"date":"2025-09-23T13:31:34","date_gmt":"2025-09-23T13:31:34","guid":{"rendered":"https:\/\/ikimisli.tr\/?p=81556"},"modified":"2025-09-23T13:31:34","modified_gmt":"2025-09-23T13:31:34","slug":"bursada-sarallar-suc-orgutu-davasinda-35-sanigin-yargilanmasi-suruyor","status":"publish","type":"post","link":"https:\/\/ikimisli.tr\/index.php\/2025\/09\/23\/bursada-sarallar-suc-orgutu-davasinda-35-sanigin-yargilanmasi-suruyor\/","title":{"rendered":"Bursa&#8217;da &#8220;Sarallar&#8221; su\u00e7 \u00f6rg\u00fct\u00fc davas\u0131nda 35 san\u0131\u011f\u0131n yarg\u0131lanmas\u0131 s\u00fcr\u00fcyor"},"content":{"rendered":"<p>Bursa 4. A\u011f\u0131r Ceza Mahkemesindeki duru\u015fmaya birtak\u0131m tutuksuz san\u0131klar ile taraf avukatlar\u0131 kat\u0131ld\u0131. San\u0131klardan kimileri da duru\u015fmaya Ses ve Manzara Bili\u015fim Sistemi (SEGB\u0130S) arac\u0131l\u0131\u011f\u0131yla ba\u011fland\u0131.<\/p>\n<p>Duru\u015fmaya SEGB\u0130S\u2019le ba\u011flanan tutuksuz san\u0131k Ali \u0130stek A, tez edildi\u011fi formda c\u00fcr\u00fcm i\u015flemedi\u011fini, san\u0131klardan F\u0131rat E\u2019yi hem\u015fehrisi olmas\u0131 sebebiyle tan\u0131d\u0131\u011f\u0131n\u0131 s\u00f6z etti.<\/p>\n<p>Kendisine i\u015f bulmas\u0131n\u0131 istedi\u011fini ve Bursa\u2019ya geldi\u011fini, fakat i\u015f bulamay\u0131nca memleketine d\u00f6nd\u00fc\u011f\u00fcn\u00fc ileri s\u00fcren san\u0131k, \u201cSadece birka\u00e7 kere telefon g\u00f6r\u00fc\u015fmesi yapt\u0131\u011f\u0131m i\u00e7in 11 ay tutuklu kald\u0131m. Benim olaylarla ilgim yoktur, hatas\u0131z\u0131m.\u201d diye konu\u015ftu.<\/p>\n<p>Tutuksuz san\u0131k \u0130brahim Tar\u0131k A. da sav edildi\u011fi \u00fczere m\u00fc\u015fteki Taner B\u2019ye kar\u015f\u0131 ya\u011fma kast\u0131yla harekette bulunmad\u0131\u011f\u0131n\u0131 belirtti.<\/p>\n<p>\u0130ddianamede elinde silah oldu\u011fu belirtildi\u011fini an\u0131msatan san\u0131k, iddiay\u0131 reddederek beraatini istedi.<\/p>\n<p>M\u00fc\u015fteki olarak dinlenen polis memuru Y.B, olay tarihinde \u00f6rg\u00fctle ilgili teknik ve fiziki takip s\u00fcre\u00e7leri yap\u0131ld\u0131\u011f\u0131n\u0131 anlatt\u0131.<\/p>\n<p>Onur Y\u2019nin galerisinden silah al\u0131nd\u0131ktan sonra ak\u0131n yap\u0131laca\u011f\u0131 bilgisi \u00fczerine i\u015f yerine gittiklerini, bir m\u00fchlet sonra ayr\u0131ld\u0131klar\u0131n\u0131 ve bir kafe \u00f6n\u00fcnde su\u00e7a husus arac\u0131 g\u00f6rd\u00fcklerini belirten Y.B, \u015f\u00f6yle konu\u015ftu:<\/p>\n<p>\u201cF\u0131rat E\u2019nin burada oldu\u011funu g\u00f6rd\u00fck. Merkeze d\u00f6nmeye karar verdik. Yoldayken bu arac\u0131n bizi takip etti\u011fini, selekt\u00f6r yapt\u0131\u011f\u0131n\u0131 g\u00f6rd\u00fck. De\u015fifre olmamak i\u00e7in devam ettik fakat \u00f6n\u00fcm\u00fcz\u00fc kesti. Kadir S. tabanca alarak yan\u0131m\u0131za yakla\u015ft\u0131 kap\u0131m\u0131 a\u00e7arak, &#8216;Siz kimi kolluyordunuz?&#8217; diyerek silah\u0131 bana do\u011frulttu. Polis oldu\u011fumuzu s\u00f6yleyerek silah\u0131 b\u0131rakmas\u0131n\u0131 s\u00f6yledim, Kadir ka\u00e7maya ba\u015flad\u0131. Bu s\u0131rada bana yanl\u0131\u015fs\u0131z 3-4 el ate\u015f a\u00e7t\u0131.\u201d tabirlerini kulland\u0131.<\/p>\n<p>Bir m\u00fchlet kovalad\u0131ktan sonra san\u0131\u011f\u0131n ka\u00e7mas\u0131 \u00fczerine araca hakikat d\u00f6nd\u00fc\u011f\u00fcn\u00fc ve ba\u015fka arac\u0131n F\u0131rat E\u2019yi al\u0131p geldi\u011fini g\u00f6rd\u00fc\u011f\u00fcn\u00fc belirten Y.B, \u201cAra\u00e7ta g\u00f6rd\u00fc\u011f\u00fcm F\u0131rat E. bize hakikat ate\u015f etmeye ba\u015flay\u0131nca oradaki motosikleti siper yapt\u0131k. 10-11 el tabancayla ate\u015f etti. Mermiler motosiklete isabet etti, daha sonra olay yerinden ka\u00e7t\u0131lar.\u201d dedi.<\/p>\n<p>\u015eikayet\u00e7i oldu\u011funu belirten polis M.R.D. de olay g\u00fcn\u00fc Arda O&#8217;nun kendisine hakikat ate\u015f etti\u011fini, daha sonra gelen F\u0131rat E&#8217;nin polis olduklar\u0131n\u0131 belirtmelerine kar\u015f\u0131n tekrar kendilerine ate\u015f etti\u011fini anlatt\u0131.<\/p>\n<p>SEGB\u0130S&#8217;le ba\u011flanarak savunmas\u0131n\u0131 yapan tutuklu san\u0131k Hakk\u0131 S, yaln\u0131zca Okay A\u2019dan kiral\u0131k ara\u00e7 ald\u0131\u011f\u0131n\u0131 belirterek, &#8220;1,5 y\u0131ld\u0131r tutukluyum. Psikolojim bozuldu. Tahliyemi talep ederim.&#8221; dedi.<\/p>\n<p>Su\u00e7lamalar\u0131 reddeden \u00dcmit S. ise &#8220;Abimin benimle ilgisi yoktur. Kendisi 60 ya\u015f\u0131ndad\u0131r. \u015eayet bu t\u00fcrl\u00fc bir c\u00fcr\u00fcm i\u015fleyecek olsa bu ya\u015fa kadar i\u015flerdi.&#8221; s\u00f6zlerini kulland\u0131.<\/p>\n<p>Di\u011fer san\u0131klar\u0131 ve avukatlar\u0131n taleplerini de dinleyen mahkeme heyeti, tutuklu san\u0131klardan Zafer S, Abdulsamet S. ve Ahmet Berkan \u015e&#8217;nin tahliyesine karar vererek duru\u015fmay\u0131 kas\u0131m ay\u0131na erteledi.<\/p>\n<p>&#8211; \u0130ddianameden<\/p>\n<p>Bursa Cumhuriyet Ba\u015fsavc\u0131l\u0131\u011f\u0131nca, kamuoyunda &#8220;Sarallar&#8221; olarak bilinen organize hata \u00f6rg\u00fct\u00fcn\u00fcn 2023 y\u0131l\u0131n\u0131n kas\u0131m ay\u0131ndan itibaren Bursa&#8217;daki faaliyetlerine y\u00f6nelik soru\u015fturma ba\u015flat\u0131lm\u0131\u015ft\u0131.<\/p>\n<p>Daha sonra 35 san\u0131k hakk\u0131nda haz\u0131rlanan iddianamede, soru\u015fturma kapsam\u0131nda birtak\u0131m san\u0131klar hakk\u0131nda irtibat\u0131n tespiti, dinlenmesi ve kayda al\u0131nmas\u0131 \u00f6nlemi uyguland\u0131\u011f\u0131, birtak\u0131m irtibat kay\u0131tlar\u0131na nazaran &#8220;Sarallar&#8221; olarak bilinen c\u00fcr\u00fcm \u00f6rg\u00fct\u00fcn\u00fcn, Bursa&#8217;daki aksiyonlar\u0131n\u0131n y\u00f6neticisi Okay A&#8217;n\u0131n y\u00f6netimindeki \u00f6rg\u00fct \u00fcyelerince y\u00fcr\u00fct\u00fcld\u00fc\u011f\u00fc, Okay A&#8217;n\u0131n Sarallar&#8217;\u0131n eleba\u015flar\u0131 Hakk\u0131 S. ve \u00dcmit S. ile ba\u011flant\u0131da oldu\u011fu, san\u0131klar\u0131n \u00f6rg\u00fct\u00fcn ismini bilhassa m\u00fc\u015ftekilere ve ma\u011fdurlara kar\u015f\u0131 korkutucu ve sindirici g\u00fc\u00e7 olarak kulland\u0131klar\u0131, bu formda n\u00fcfuz olu\u015fturmaya \u00e7al\u0131\u015ft\u0131klar\u0131 belirtilmi\u015fti.<\/p>\n<p>Cumhuriyet savc\u0131s\u0131, \u00f6rg\u00fct eleba\u015f\u0131 \u00dcmit S. ve Hakk\u0131 S. ile \u00f6rg\u00fct y\u00f6neticileri F\u0131rat E, Emrah D, Fahri G, Okay A&#8217;n\u0131n, &#8220;i\u015f yeri dokunulmazl\u0131\u011f\u0131n\u0131 ihlal etme&#8221; c\u00fcrm\u00fcnden 1 y\u0131la, &#8220;ki\u015fiyi h\u00fcrriyetinden mahrum k\u0131lma&#8221; c\u00fcrm\u00fcnden 5 y\u0131la, &#8220;var olan yahut var say\u0131lan c\u00fcr\u00fcm \u00f6rg\u00fctlerinin olu\u015fturduklar\u0131 korkutucu g\u00fc\u00e7ten yararlan\u0131larak, yol kesmek suretiyle silahla birden fazla ki\u015fi ile ya\u011fma&#8221; kabahatinden 15 y\u0131la, &#8220;ba\u015fkas\u0131n\u0131 bir mal\u0131n teslimi yahut mal\u0131n al\u0131nmas\u0131na kar\u015f\u0131 koymamaya mecbur k\u0131lmak suretiyle ya\u011fma&#8221; hatas\u0131ndan 10 y\u0131la, &#8220;cebir tehdit yahut hile kullanarak ki\u015fiyi h\u00fcrriyetinden mahrum k\u0131lma&#8221; c\u00fcrm\u00fcnden 7 y\u0131la, &#8220;cebir yahut tehdit kullan\u0131lmak suretiyle i\u015f yeri dokunulmazl\u0131\u011f\u0131n\u0131 ihlal etme&#8221; hatas\u0131ndan 3 y\u0131la, &#8220;basit yaralama&#8221; hatas\u0131ndan 1 y\u0131la, &#8220;su\u00e7 i\u015flemek gayesiyle silahl\u0131 \u00f6rg\u00fct kurmak&#8221; kabahatinden 12 y\u0131la kadar, ayr\u0131yeten &#8220;yerine getirdi\u011fi kamu misyonu nedeniyle bir ki\u015fiyi \u00f6ld\u00fcrme&#8221; kabahatinden a\u011f\u0131rla\u015ft\u0131r\u0131lm\u0131\u015f m\u00fcebbet mahpusla cezaland\u0131r\u0131lmalar\u0131n\u0131 istemi\u015fti.<\/p>\n<p>\u00d6rg\u00fct \u00fcyesi oldu\u011fu \u00f6ne s\u00fcr\u00fclen ba\u015fka 29 san\u0131\u011f\u0131n ise emsal c\u00fcr\u00fcmlerden de\u011fi\u015fen m\u00fcddetlerde mahpusla cezaland\u0131r\u0131lmalar\u0131 talep edilmi\u015fti.<\/p>\n","protected":false},"excerpt":{"rendered":"<p>Kamuoyunda &#8220;Sarallar&#8221; olarak bilinen organize kabahat \u00f6rg\u00fct\u00fcn\u00fcn Bursa&#8217;daki faaliyetlerine y\u00f6nelik haklar\u0131nda dava a\u00e7\u0131lan \u00f6rg\u00fct\u00fcn eleba\u015f\u0131, y\u00f6netici ve \u00fcyesi 35 san\u0131\u011f\u0131n yarg\u0131lanmas\u0131na devam edildi.<\/p>\n","protected":false},"author":1,"featured_media":81557,"comment_status":"open","ping_status":"open","sticky":false,"template":"","format":"standard","meta":{"footnotes":""},"categories":[25],"tags":[524,418,2029,97,6450],"class_list":["post-81556","post","type-post","status-publish","format-standard","has-post-thumbnail","hentry","category-gundem","tag-is","tag-orgut","tag-saniklar","tag-suc","tag-yila"],"_links":{"self":[{"href":"https:\/\/ikimisli.tr\/index.php\/wp-json\/wp\/v2\/posts\/81556","targetHints":{"allow":["GET"]}}],"collection":[{"href":"https:\/\/ikimisli.tr\/index.php\/wp-json\/wp\/v2\/posts"}],"about":[{"href":"https:\/\/ikimisli.tr\/index.php\/wp-json\/wp\/v2\/types\/post"}],"author":[{"embeddable":true,"href":"https:\/\/ikimisli.tr\/index.php\/wp-json\/wp\/v2\/users\/1"}],"replies":[{"embeddable":true,"href":"https:\/\/ikimisli.tr\/index.php\/wp-json\/wp\/v2\/comments?post=81556"}],"version-history":[{"count":1,"href":"https:\/\/ikimisli.tr\/index.php\/wp-json\/wp\/v2\/posts\/81556\/revisions"}],"predecessor-version":[{"id":81558,"href":"https:\/\/ikimisli.tr\/index.php\/wp-json\/wp\/v2\/posts\/81556\/revisions\/81558"}],"wp:featuredmedia":[{"embeddable":true,"href":"https:\/\/ikimisli.tr\/index.php\/wp-json\/wp\/v2\/media\/81557"}],"wp:attachment":[{"href":"https:\/\/ikimisli.tr\/index.php\/wp-json\/wp\/v2\/media?parent=81556"}],"wp:term":[{"taxonomy":"category","embeddable":true,"href":"https:\/\/ikimisli.tr\/index.php\/wp-json\/wp\/v2\/categories?post=81556"},{"taxonomy":"post_tag","embeddable":true,"href":"https:\/\/ikimisli.tr\/index.php\/wp-json\/wp\/v2\/tags?post=81556"}],"curies":[{"name":"wp","href":"https:\/\/api.w.org\/{rel}","templated":true}]}}