{"id":81572,"date":"2025-09-23T14:31:32","date_gmt":"2025-09-23T14:31:32","guid":{"rendered":"https:\/\/ikimisli.tr\/?p=81572"},"modified":"2025-09-23T14:31:32","modified_gmt":"2025-09-23T14:31:32","slug":"tbf-ile-turkcell-arasinda-sponsorluk-anlasmasi-imzalandi","status":"publish","type":"post","link":"https:\/\/ikimisli.tr\/index.php\/2025\/09\/23\/tbf-ile-turkcell-arasinda-sponsorluk-anlasmasi-imzalandi\/","title":{"rendered":"TBF ile Turkcell aras\u0131nda sponsorluk anla\u015fmas\u0131 imzaland\u0131"},"content":{"rendered":"<p>Yap\u0131lan mutabakata nazaran Turkcell, 5 y\u0131l boyunca ulusal kadrolar ana sponsorlu\u011fu ile Basketbol Geli\u015fim Merkezi&#8217;nin (BGM) isim sponsorlu\u011funu \u00fcstlenecek. Sponsorluk muahedesi m\u00fcnasebetiyle BGM&#8217;de ger\u00e7ekle\u015ftirilen imza merasimine TBF Lideri Hidayet T\u00fcrko\u011flu ve y\u00f6netim kurulu \u00fcyeleri, Turkcell Genel M\u00fcd\u00fcr\u00fc Ali Taha Ko\u00e7 ile davetliler kat\u0131ld\u0131. \u0130mza merasiminde a\u00e7\u0131klamalarda bulunan Hidayet T\u00fcrko\u011flu, Turkcell ile T\u00fcrk basketbolu i\u00e7in tarihi bir i\u015f birli\u011fine gittiklerini belirterek, \u015fu s\u00f6zleri kulland\u0131:<\/p>\n<p>&#8220;Bu i\u015f birli\u011fi, hem T\u00fcrk basketbolunun gelece\u011fine hem de \u0130stanbul&#8217;un toplumsal ve k\u00fclt\u00fcrel hayat\u0131na b\u00fcy\u00fck katk\u0131 sa\u011flayacak. T\u00fcrk basketbolunu en \u00e7a\u011fda\u015f imkanlarla bulu\u015fturmak i\u00e7in \u00e7al\u0131\u015f\u0131yoruz. Bu vizyonun en somut \u00f6rneklerinden biri, ge\u00e7en y\u0131l a\u00e7t\u0131\u011f\u0131m\u0131z Basketbol Geli\u015fim Merkezi. Kul\u00fcplerimiz Avrupa&#8217;n\u0131n en itibarl\u0131 ma\u00e7lar\u0131n\u0131 burada oynad\u0131. Binlerce gencimiz hayallerine ula\u015fmak i\u00e7in burada ter d\u00f6kt\u00fc. Bu merkezin bir kesimi olan Basketbol Lisesi ise ayr\u0131yeten gurur kayna\u011f\u0131m\u0131z. Burada gen\u00e7ler hem kaliteli e\u011fitim al\u0131yor hem de profesyonel basketbol altyap\u0131s\u0131yla yeti\u015fiyor. Bu b\u00fcy\u00fck vizyonun ger\u00e7ekle\u015fmesinde en k\u0131ymetli destek\u00e7ilerimizden Say\u0131n Cumhurba\u015fkan\u0131m\u0131za en i\u00e7ten \u015f\u00fckranlar\u0131m\u0131z\u0131 sunuyoruz. Ayr\u0131yeten projeyi birinci g\u00fcnden beri yak\u0131ndan takip eden ve her evresinde yan\u0131m\u0131zda olan Gen\u00e7lik ve Spor Bakan\u0131m\u0131z Say\u0131n Osman A\u015fk\u0131n Bak&#8217;a te\u015fekk\u00fcr ediyorum.&#8221;<\/p>\n<p><b>&#8216;BGM, \u0130stanbul&#8217;un bulu\u015fmas\u0131 noktas\u0131 olacak&#8217;<\/b><\/p>\n<p>Ba\u015fkan T\u00fcrko\u011flu, Basketbol Geli\u015fim Merkezi&#8217;ni spor tesisinin yan\u0131 s\u0131ra toplumsal ve k\u00fclt\u00fcrel etkinliklere de konut sahipli\u011fi yapacak hayat merkezi haline d\u00f6n\u00fc\u015ft\u00fcreceklerini aktard\u0131. BGM&#8217;nin \u0130stanbul&#8217;un bulu\u015fma noktas\u0131 olaca\u011f\u0131n\u0131 vurgulayan Hidayet T\u00fcrko\u011flu, \u015funlar\u0131 kaydetti: &#8220;Bu merkezi yaln\u0131zca spor tesisi olmaktan \u00e7\u0131kar\u0131p bir hayat merkezine d\u00f6n\u00fc\u015ft\u00fcr\u00fcyoruz. BGM, \u0130stanbul&#8217;un toplumsal ile k\u00fclt\u00fcrel hayat\u0131na b\u00fcy\u00fck katk\u0131 sa\u011flayacakt\u0131r. Turkcell, y\u0131llard\u0131r spora, k\u00fclt\u00fcre ve sanata dayanak veriyor. Art\u0131k de ulusal kadrolar\u0131n ana sponsoru ve Basketbol Geli\u015fim Merkezi&#8217;nin isim sponsoru olarak yan\u0131m\u0131zda. Bu dayanak yaln\u0131zca bir isim sponsorlu\u011fu de\u011fil T\u00fcrk basketbolunun tesisle\u015fmesine, altyap\u0131s\u0131na ve k\u00fclt\u00fcrel geli\u015fimine uzun vadeli bir yat\u0131r\u0131md\u0131r. Turkcell Basketbol Geli\u015fim Merkezi, yaln\u0131zca basketbol de\u011fil toplumsal etkinliklerle de dopdolu olacakt\u0131r. Gen\u00e7ler, aileler ve taraftarlar burada sporu ve sanat\u0131 bir ortada ya\u015fayacakt\u0131r. Bu i\u015f birli\u011finin ger\u00e7ekle\u015fmesinde \u00e7ok pahal\u0131 katk\u0131larda bulunan \u015eenol Yarar\u0131 ve Ali Taha Ko\u00e7&#8217;a te\u015fekk\u00fcr ediyorum. Bu tarihi muahedenin T\u00fcrk basketboluna ve Turkcell&#8217;e iyi olmas\u0131n\u0131 diliyorum.&#8221;<\/p>\n","protected":false},"excerpt":{"rendered":"<p>T\u00fcrkiye Basketbol Federasyonu (TBF) ile Turkcell ortas\u0131nda sponsorluk mutabakat\u0131 imzaland\u0131.<\/p>\n","protected":false},"author":1,"featured_media":81573,"comment_status":"open","ping_status":"open","sticky":false,"template":"","format":"standard","meta":{"footnotes":""},"categories":[30],"tags":[9216,1536,231,9217,6313],"class_list":["post-81572","post","type-post","status-publish","format-standard","has-post-thumbnail","hentry","category-spor","tag-kulture","tag-merkezi","tag-spor","tag-turk-basketbolu","tag-turkcell"],"_links":{"self":[{"href":"https:\/\/ikimisli.tr\/index.php\/wp-json\/wp\/v2\/posts\/81572","targetHints":{"allow":["GET"]}}],"collection":[{"href":"https:\/\/ikimisli.tr\/index.php\/wp-json\/wp\/v2\/posts"}],"about":[{"href":"https:\/\/ikimisli.tr\/index.php\/wp-json\/wp\/v2\/types\/post"}],"author":[{"embeddable":true,"href":"https:\/\/ikimisli.tr\/index.php\/wp-json\/wp\/v2\/users\/1"}],"replies":[{"embeddable":true,"href":"https:\/\/ikimisli.tr\/index.php\/wp-json\/wp\/v2\/comments?post=81572"}],"version-history":[{"count":1,"href":"https:\/\/ikimisli.tr\/index.php\/wp-json\/wp\/v2\/posts\/81572\/revisions"}],"predecessor-version":[{"id":81574,"href":"https:\/\/ikimisli.tr\/index.php\/wp-json\/wp\/v2\/posts\/81572\/revisions\/81574"}],"wp:featuredmedia":[{"embeddable":true,"href":"https:\/\/ikimisli.tr\/index.php\/wp-json\/wp\/v2\/media\/81573"}],"wp:attachment":[{"href":"https:\/\/ikimisli.tr\/index.php\/wp-json\/wp\/v2\/media?parent=81572"}],"wp:term":[{"taxonomy":"category","embeddable":true,"href":"https:\/\/ikimisli.tr\/index.php\/wp-json\/wp\/v2\/categories?post=81572"},{"taxonomy":"post_tag","embeddable":true,"href":"https:\/\/ikimisli.tr\/index.php\/wp-json\/wp\/v2\/tags?post=81572"}],"curies":[{"name":"wp","href":"https:\/\/api.w.org\/{rel}","templated":true}]}}