{"id":81578,"date":"2025-09-23T14:55:32","date_gmt":"2025-09-23T14:55:32","guid":{"rendered":"https:\/\/ikimisli.tr\/?p=81578"},"modified":"2025-09-23T14:55:32","modified_gmt":"2025-09-23T14:55:32","slug":"abdnin-ankara-buyukelcisi-barrackdan-kritik-baris-aciklamasi","status":"publish","type":"post","link":"https:\/\/ikimisli.tr\/index.php\/2025\/09\/23\/abdnin-ankara-buyukelcisi-barrackdan-kritik-baris-aciklamasi\/","title":{"rendered":"ABD&#8217;nin Ankara B\u00fcy\u00fckel\u00e7isi Barrack&#8217;dan kritik &#8216;Bar\u0131\u015f&#8217; a\u00e7\u0131klamas\u0131"},"content":{"rendered":"<p>Barrack, \u0130srail&#8217;in i\u015fgal alt\u0131nda tuttu\u011fu be\u015f hudut noktas\u0131ndan \u00e7ekilmeyece\u011fini a\u00e7\u0131k\u00e7a tabir ederek, \u201cBa\u015fbakan Netanyahu, \u0130srail kendini tehdit alt\u0131nda hissederse ne hudut tan\u0131r ne k\u0131rm\u0131z\u0131 \u00e7izgi. \u0130srail, g\u00fcvenli\u011fi i\u00e7in her t\u00fcrl\u00fc ad\u0131m\u0131 atmaktan \u00e7ekinmeyecektir\u201d dedi.<\/p>\n<p>ABD\u2019li diplomat, Hizbullah\u2019\u0131n kimli\u011fi a\u00e7\u0131klanmayan kaynaklardan ayl\u0131k 60 milyon dolar fon ald\u0131\u011f\u0131na dair istihbarat bulundu\u011funu \u00f6ne s\u00fcrd\u00fc. \u00d6rg\u00fct\u00fcn bu kaynaklarla tekrar yap\u0131lanma s\u00fcrecine girdi\u011fini arg\u00fcman eden Barrack, \u201cBu durum s\u0131rf L\u00fcbnan\u2019\u0131 de\u011fil, b\u00f6lge g\u00fcvenli\u011fini tehdit ediyor\u201d diye konu\u015ftu.<\/p>\n<p>ABD\u2019nin direkt Hizbullah\u2019a y\u00f6nelik askeri bir m\u00fcdahale planlamad\u0131\u011f\u0131n\u0131 belirten Barrack, sorumlulu\u011fun L\u00fcbnan idaresinde oldu\u011funu vurgulayarak, \u201cL\u00fcbnan h\u00fck\u00fcmeti harekete ge\u00e7meli, zira ulusal egemenli\u011fi ve i\u00e7 istikrar\u0131 tehdit alt\u0131nda\u201d tabirlerini kulland\u0131.<\/p>\n<p><b>&#8220;BARI\u015e B\u0130R \u0130LL\u00dcZYONDUR&#8221;<\/b><\/p>\n<p>R\u00f6portaj\u0131n en dikkat \u00e7eken k\u0131sm\u0131 ise Barrack\u2019\u0131n bar\u0131\u015fa dair yapt\u0131\u011f\u0131 \u00e7arp\u0131c\u0131 yorumlar oldu. Ortado\u011fu\u2019da kal\u0131c\u0131 bir bar\u0131\u015f\u0131n m\u00fcmk\u00fcn olmad\u0131\u011f\u0131n\u0131 savunan Barrack, \u201cBar\u0131\u015f bir ill\u00fczyondur. Hi\u00e7bir vakit hakikaten bar\u0131\u015f olmad\u0131, muhtemelen hi\u00e7bir vakit da olmayacak,\u201d dedi.<\/p>\n<p>Barrack, kelamlar\u0131n\u0131 \u015f\u00f6yle s\u00fcrd\u00fcrd\u00fc: \u201cBu co\u011frafyada biri hakimiyet kurmak istiyorsa, ba\u015fkas\u0131n\u0131n boyun e\u011fmesi gerekir. Lakin Arap toplumlar\u0131nda &#8216;boyun e\u011fmek&#8217; kavram\u0131 yok. Zihin d\u00fcnyalar\u0131nda bu m\u00fcmk\u00fcnl\u00fck yer alm\u0131yor. Bu da uzla\u015fmay\u0131 imkans\u0131z hale getiriyor.\u201d<\/p>\n","protected":false},"excerpt":{"rendered":"<p>ABD\u2019nin Suriye \u00d6zel Temsilcisi ve Ankara B\u00fcy\u00fckel\u00e7isi Tom Barrack, L\u00fcbnan-\u0130srail hududundaki artan tansiyona ait dikkat \u00e7eken de\u011ferlendirmelerde bulundu. Sky News Arabia\u2019ya konu\u015fan Barrack, L\u00fcbnan h\u00fck\u00fcmetini \u201cger\u00e7ek bir ad\u0131m atmamakla\u201d ele\u015ftirirken, Hizbullah\u2019a y\u00f6nelik tezleri ve b\u00f6lgedeki bar\u0131\u015f ihtimaline dair karamsar yakla\u015f\u0131m\u0131yla g\u00fcndem yaratt\u0131.<\/p>\n","protected":false},"author":1,"featured_media":81579,"comment_status":"open","ping_status":"open","sticky":false,"template":"","format":"standard","meta":{"footnotes":""},"categories":[43],"tags":[254,7572],"class_list":["post-81578","post","type-post","status-publish","format-standard","has-post-thumbnail","hentry","category-dunya","tag-baris","tag-barrack"],"_links":{"self":[{"href":"https:\/\/ikimisli.tr\/index.php\/wp-json\/wp\/v2\/posts\/81578","targetHints":{"allow":["GET"]}}],"collection":[{"href":"https:\/\/ikimisli.tr\/index.php\/wp-json\/wp\/v2\/posts"}],"about":[{"href":"https:\/\/ikimisli.tr\/index.php\/wp-json\/wp\/v2\/types\/post"}],"author":[{"embeddable":true,"href":"https:\/\/ikimisli.tr\/index.php\/wp-json\/wp\/v2\/users\/1"}],"replies":[{"embeddable":true,"href":"https:\/\/ikimisli.tr\/index.php\/wp-json\/wp\/v2\/comments?post=81578"}],"version-history":[{"count":1,"href":"https:\/\/ikimisli.tr\/index.php\/wp-json\/wp\/v2\/posts\/81578\/revisions"}],"predecessor-version":[{"id":81580,"href":"https:\/\/ikimisli.tr\/index.php\/wp-json\/wp\/v2\/posts\/81578\/revisions\/81580"}],"wp:featuredmedia":[{"embeddable":true,"href":"https:\/\/ikimisli.tr\/index.php\/wp-json\/wp\/v2\/media\/81579"}],"wp:attachment":[{"href":"https:\/\/ikimisli.tr\/index.php\/wp-json\/wp\/v2\/media?parent=81578"}],"wp:term":[{"taxonomy":"category","embeddable":true,"href":"https:\/\/ikimisli.tr\/index.php\/wp-json\/wp\/v2\/categories?post=81578"},{"taxonomy":"post_tag","embeddable":true,"href":"https:\/\/ikimisli.tr\/index.php\/wp-json\/wp\/v2\/tags?post=81578"}],"curies":[{"name":"wp","href":"https:\/\/api.w.org\/{rel}","templated":true}]}}