{"id":81602,"date":"2025-09-23T16:19:32","date_gmt":"2025-09-23T16:19:32","guid":{"rendered":"https:\/\/ikimisli.tr\/?p=81602"},"modified":"2025-09-23T16:19:32","modified_gmt":"2025-09-23T16:19:32","slug":"saglikta-goce-bagimli-hale-geliyorlar","status":"publish","type":"post","link":"https:\/\/ikimisli.tr\/index.php\/2025\/09\/23\/saglikta-goce-bagimli-hale-geliyorlar\/","title":{"rendered":"Sa\u011fl\u0131kta g\u00f6\u00e7e ba\u011f\u0131ml\u0131 hale geliyorlar"},"content":{"rendered":"<p>DS\u00d6&#8217;n\u00fcn datalar\u0131na nazaran, 2014-2023 y\u0131llar\u0131 ortas\u0131nda Avrupa s\u0131hhat i\u015f g\u00fcc\u00fcne yeni kat\u0131lan doktor say\u0131s\u0131 \u00fc\u00e7 kat\u0131na, hem\u015fire say\u0131s\u0131 ise be\u015f kat\u0131na \u00e7\u0131kt\u0131. Bu art\u0131\u015fta en dikkat cazip olan ise, bu yeni \u00e7al\u0131\u015fanlar\u0131n k\u0131ymetli bir k\u0131sm\u0131n\u0131n yurtd\u0131\u015f\u0131nda e\u011fitim alm\u0131\u015f olmas\u0131.<\/p>\n<p>Yabanc\u0131 e\u011fitimli doktor say\u0131s\u0131 bu s\u00fcre\u00e7te y\u00fczde 58, hem\u015fire say\u0131s\u0131 ise y\u00fcde 67 oran\u0131nda artt\u0131. 2023 prestijiyle Avrupa\u2019daki yeni hekimlerin y\u00fczde 60\u2019\u0131, hem\u015firelerin ise y\u00fczde 72\u2019si farkl\u0131 \u00fclkelerde e\u011fitim g\u00f6rm\u00fc\u015f durumda. Bu art\u0131\u015f\u0131n b\u00fcy\u00fck k\u0131sm\u0131n\u0131 Almanya ve \u0130ngiltere \u00fczere Bat\u0131 Avrupa \u00fclkeleri olu\u015fturuyor.<\/p>\n<p><b>TABLO DENGES\u0130Z<\/b><\/p>\n<p>Raporda, s\u0131hhat \u00e7al\u0131\u015fan\u0131n\u0131n g\u00f6\u00e7\u00fc nedeniyle Avrupa genelinde istikrars\u0131z bir tablo olu\u015ftu\u011fu vurguland\u0131. Do\u011fu ve G\u00fcney Avrupa \u00fclkeleri, yeti\u015ftirdikleri s\u0131hhat \u00e7al\u0131\u015fanlar\u0131n\u0131 Bat\u0131 ve Kuzey Avrupa\u2019ya kapt\u0131r\u0131rken, bu durum kimi b\u00f6lgelerde kritik a\u00e7\u0131klar yarat\u0131yor.<\/p>\n<p>DS\u00d6 Avrupa B\u00f6lgesi S\u0131hhat Siyasetleri ve Sistemleri Grubu Lideri Dr. Natasha Azzopardi-Muscat, \u201cG\u00f6\u00e7 eden her doktor ya da hem\u015firenin arkas\u0131nda bir f\u0131rsat k\u0131ssas\u0131 oldu\u011fu kadar, geride b\u0131rakt\u0131klar\u0131 ulusal s\u0131hhat sistemleri \u00fczerinde olu\u015fan bask\u0131 da var\u201d diyerek bu durumun s\u0131rf say\u0131larla a\u00e7\u0131klanamayaca\u011f\u0131n\u0131 belirtti.<\/p>\n<p><b>N\u00dcFUS YA\u015eLANIYOR, TALEP ARTIYOR<\/b><\/p>\n<p>DS\u00d6\u2019n\u00fcn ikaz\u0131na nazaran, ya\u015flanan n\u00fcfusun s\u0131hhat hizmetlerine olan gereksiniminin artmas\u0131 ve mevcut s\u0131hhat \u00e7al\u0131\u015fanlar\u0131n\u0131n emekli olmaya ba\u015flamas\u0131, \u00f6n\u00fcm\u00fczdeki y\u0131llarda Avrupa s\u0131hhat sistemlerini daha da zorlayacak. Kimi \u00fclkelerde hekimlerin y\u00fczde 40\u2019\u0131ndan fazlas\u0131 55 ya\u015f\u0131n \u00fczerinde.<\/p>\n<p>Bu ger\u00e7ek, memleketler aras\u0131 i\u015fe al\u0131m bask\u0131s\u0131n\u0131 ka\u00e7\u0131n\u0131lmaz hale getiriyor. DS\u00d6, \u00fclkeleri s\u0131rf i\u015fe al\u0131m de\u011fil, birebir vakitte mevcut \u00e7al\u0131\u015fan\u0131n elde tutulmas\u0131na y\u00f6nelik siyasetler geli\u015ftirmeye \u00e7a\u011f\u0131r\u0131yor.<\/p>\n<p><b>&#8216;YEN\u0130 S\u0130YASETLER \u015eART&#8217;<\/b><\/p>\n<p>Rapor, gelece\u011fe y\u00f6nelik i\u015f g\u00fcc\u00fc planlamas\u0131n\u0131n; k\u0131sa m\u00fcddetli mukaveleler, uzun m\u00fcddetli yer de\u011fi\u015fiklikleri ve hudut \u00f6tesi \u00e7al\u0131\u015fmalar\u0131 da kapsayan daha kapsaml\u0131 bir yakla\u015f\u0131m\u0131 gerektirdi\u011fini vurguluyor.<\/p>\n<p>Azzopardi-Muscat, \u201cSa\u011fl\u0131k \u00e7al\u0131\u015fan\u0131 g\u00f6\u00e7\u00fc, Avrupa&#8217;n\u0131n birbirine ba\u011fl\u0131 i\u015f g\u00fcc\u00fc piyasas\u0131n\u0131n bir ger\u00e7e\u011fidir ve bu s\u00fcrecin daha adil ve s\u00fcrd\u00fcr\u00fclebilir halde y\u00f6netilmesi gerekiyor\u201d diyerek siyaset yap\u0131c\u0131lar\u0131n \u00f6n\u00fcnde b\u00fcy\u00fck bir sorumluluk oldu\u011funu belirtti.<\/p>\n","protected":false},"excerpt":{"rendered":"<p>D\u00fcnya S\u0131hhat \u00d6rg\u00fct\u00fc&#8217;n\u00fcn (DS\u00d6) yay\u0131mlad\u0131\u011f\u0131 yeni rapor, Avrupa&#8217;n\u0131n s\u0131hhat \u00e7al\u0131\u015fan\u0131 a\u00e7\u0131\u011f\u0131n\u0131 kapatmak i\u00e7in giderek artan oranda yabanc\u0131 e\u011fitimli doktor ve hem\u015firelere y\u00f6neldi\u011fini ortaya koydu. 2030 y\u0131l\u0131na kadar Avrupa ve Orta Asya\u2019y\u0131 kapsayan b\u00f6lgede yakla\u015f\u0131k 950 bin s\u0131hhat \u00e7al\u0131\u015fan\u0131 a\u00e7\u0131\u011f\u0131 ya\u015fanaca\u011f\u0131 kestirim ediliyor.<\/p>\n","protected":false},"author":1,"featured_media":81603,"comment_status":"open","ping_status":"open","sticky":false,"template":"","format":"standard","meta":{"footnotes":""},"categories":[43],"tags":[435,1915,524,150],"class_list":["post-81602","post","type-post","status-publish","format-standard","has-post-thumbnail","hentry","category-dunya","tag-avrupa","tag-doktor","tag-is","tag-saglik"],"_links":{"self":[{"href":"https:\/\/ikimisli.tr\/index.php\/wp-json\/wp\/v2\/posts\/81602","targetHints":{"allow":["GET"]}}],"collection":[{"href":"https:\/\/ikimisli.tr\/index.php\/wp-json\/wp\/v2\/posts"}],"about":[{"href":"https:\/\/ikimisli.tr\/index.php\/wp-json\/wp\/v2\/types\/post"}],"author":[{"embeddable":true,"href":"https:\/\/ikimisli.tr\/index.php\/wp-json\/wp\/v2\/users\/1"}],"replies":[{"embeddable":true,"href":"https:\/\/ikimisli.tr\/index.php\/wp-json\/wp\/v2\/comments?post=81602"}],"version-history":[{"count":1,"href":"https:\/\/ikimisli.tr\/index.php\/wp-json\/wp\/v2\/posts\/81602\/revisions"}],"predecessor-version":[{"id":81604,"href":"https:\/\/ikimisli.tr\/index.php\/wp-json\/wp\/v2\/posts\/81602\/revisions\/81604"}],"wp:featuredmedia":[{"embeddable":true,"href":"https:\/\/ikimisli.tr\/index.php\/wp-json\/wp\/v2\/media\/81603"}],"wp:attachment":[{"href":"https:\/\/ikimisli.tr\/index.php\/wp-json\/wp\/v2\/media?parent=81602"}],"wp:term":[{"taxonomy":"category","embeddable":true,"href":"https:\/\/ikimisli.tr\/index.php\/wp-json\/wp\/v2\/categories?post=81602"},{"taxonomy":"post_tag","embeddable":true,"href":"https:\/\/ikimisli.tr\/index.php\/wp-json\/wp\/v2\/tags?post=81602"}],"curies":[{"name":"wp","href":"https:\/\/api.w.org\/{rel}","templated":true}]}}