{"id":81608,"date":"2025-09-23T16:43:31","date_gmt":"2025-09-23T16:43:31","guid":{"rendered":"https:\/\/ikimisli.tr\/?p=81608"},"modified":"2025-09-23T16:43:31","modified_gmt":"2025-09-23T16:43:31","slug":"tutuklu-sanik-emir-arasin-ev-anahtari-bir-baska-tutuklu-sanik-avukatinda-cikti","status":"publish","type":"post","link":"https:\/\/ikimisli.tr\/index.php\/2025\/09\/23\/tutuklu-sanik-emir-arasin-ev-anahtari-bir-baska-tutuklu-sanik-avukatinda-cikti\/","title":{"rendered":"Tutuklu san\u0131k Emir Aras\u2019\u0131n ev anahtar\u0131 bir ba\u015fka tutuklu san\u0131k avukat\u0131nda \u00e7\u0131kt\u0131"},"content":{"rendered":"<p>Bolu Kartalkaya\u2019da bulunan Grand Kartal Otel\u2019de 21 Ocak\u2019ta 78 ki\u015finin \u00f6mr\u00fcn\u00fc yitirdi\u011fi, 133 ki\u015finin yaraland\u0131\u011f\u0131 yang\u0131n facias\u0131na ait, 19\u2019u tutuklu toplam 32 san\u0131\u011f\u0131n yarg\u0131land\u0131\u011f\u0131 davan\u0131n ikinci duru\u015fmas\u0131 Bolu 1. A\u011f\u0131r Ceza Mahkemesi\u2019nde g\u00f6r\u00fcl\u00fcyor.<\/p>\n<p>Bug\u00fcnk\u00fc duru\u015fmada m\u00fc\u015fteki avukat\u0131 Onur F\u0131rat Kaynun kelam alarak, \u201cOtelin teknik g\u00f6revlilerinden Tahsin Pekcan\u2019\u0131n avukat\u0131 \u00d6zge Okan, Buyruk Aras\u2019\u0131n 30 Temmuz\u2019daki konut aramas\u0131na kat\u0131lm\u0131\u015ft\u0131r. Biz burada \u00e7\u0131kar \u00e7at\u0131\u015fmas\u0131 ya da kolektif bir savunman\u0131n \u00f6r\u00fcld\u00fc\u011f\u00fcn\u00fc d\u00fc\u015f\u00fcn\u00fcyoruz. Mahkemenin bu durumu de\u011ferlendirmesini istiyoruz\u201d dedi. Mahkeme, duru\u015fman\u0131n akabinde avukat \u00d6zge Okan&#8217;\u0131n davaya vekil olarak devam edip etmeyece\u011fini karara ba\u011flayacak.<\/p>\n<p><b>&#8220;F\u0130\u0130L\u0130 OLARAK OARADA DE\u011e\u0130LD\u0130M&#8221;<\/b><\/p>\n<p>Ard\u0131ndan kelam alan avukat Okan, \u201c\u0130ddia edildi\u011fi \u00fczere ben arama esnas\u0131nda fiili olarak orada de\u011fildim. \u0130mza at\u0131lacakt\u0131, yaln\u0131zca onu att\u0131m\u201d dedi.<\/p>\n<p>ANKA Haber Ajans\u0131 kelam konusu tutana\u011fa ula\u015ft\u0131. Tutanakta, \u201cBolu 1. A\u011f\u0131r Ceza Mahkemesinin yaz\u0131s\u0131na istinaden grup arac\u0131 ile mahkeme evrak\u0131ndaki adrese gidildi\u011finde adresin kapal\u0131 oldu\u011fu g\u00f6r\u00fclm\u00fc\u015f, site idaresi ile yap\u0131lan g\u00f6r\u00fc\u015fmede bahse husus ikamette Buyruk Aras\u2019\u0131n e\u015fi ve bir \u00e7ocu\u011fu ile bir arada oturdu\u011fu lakin Buyruk Aras\u2019\u0131n ve e\u015finin cezaevinde oldu\u011fu, \u00e7ocuklar\u0131n\u0131n ise Buyruk Aras\u2019\u0131n ablas\u0131nda kald\u0131\u011f\u0131 bilgisi edinilmi\u015f, ard\u0131ndan adrese gelen ve ikamet adresinin anahtar\u0131na hamil olan Avukat \u00d6zge Okan evde Buyruk Aras\u2019a ili\u015fkin rastgele bir telefon olmad\u0131\u011f\u0131n\u0131 beyan etmi\u015f ve taraf\u0131m\u0131za teslim yap\u0131lmam\u0131\u015ft\u0131r\u201d s\u00f6zleri yer ald\u0131.<\/p>\n","protected":false},"excerpt":{"rendered":"<p>Bolu Kartalkaya\u2019da bulunan Grand Kartal Otel\u2019de meydana gelen ve 78 ki\u015finin hayat\u0131n\u0131 yitirdi\u011fi yang\u0131na ait davada tutuklu san\u0131k Buyruk Aras\u2019\u0131n 30 Temmuz\u2019daki konut aramas\u0131nda konut anahtar\u0131n\u0131n bir \u00f6b\u00fcr tutuklu san\u0131k avukat\u0131nda oldu\u011fu ortaya \u00e7\u0131kt\u0131.<\/p>\n","protected":false},"author":1,"featured_media":81609,"comment_status":"open","ping_status":"open","sticky":false,"template":"","format":"standard","meta":{"footnotes":""},"categories":[25],"tags":[793,7517,151],"class_list":["post-81608","post","type-post","status-publish","format-standard","has-post-thumbnail","hentry","category-gundem","tag-avukat","tag-emir","tag-mahkeme"],"_links":{"self":[{"href":"https:\/\/ikimisli.tr\/index.php\/wp-json\/wp\/v2\/posts\/81608","targetHints":{"allow":["GET"]}}],"collection":[{"href":"https:\/\/ikimisli.tr\/index.php\/wp-json\/wp\/v2\/posts"}],"about":[{"href":"https:\/\/ikimisli.tr\/index.php\/wp-json\/wp\/v2\/types\/post"}],"author":[{"embeddable":true,"href":"https:\/\/ikimisli.tr\/index.php\/wp-json\/wp\/v2\/users\/1"}],"replies":[{"embeddable":true,"href":"https:\/\/ikimisli.tr\/index.php\/wp-json\/wp\/v2\/comments?post=81608"}],"version-history":[{"count":1,"href":"https:\/\/ikimisli.tr\/index.php\/wp-json\/wp\/v2\/posts\/81608\/revisions"}],"predecessor-version":[{"id":81610,"href":"https:\/\/ikimisli.tr\/index.php\/wp-json\/wp\/v2\/posts\/81608\/revisions\/81610"}],"wp:featuredmedia":[{"embeddable":true,"href":"https:\/\/ikimisli.tr\/index.php\/wp-json\/wp\/v2\/media\/81609"}],"wp:attachment":[{"href":"https:\/\/ikimisli.tr\/index.php\/wp-json\/wp\/v2\/media?parent=81608"}],"wp:term":[{"taxonomy":"category","embeddable":true,"href":"https:\/\/ikimisli.tr\/index.php\/wp-json\/wp\/v2\/categories?post=81608"},{"taxonomy":"post_tag","embeddable":true,"href":"https:\/\/ikimisli.tr\/index.php\/wp-json\/wp\/v2\/tags?post=81608"}],"curies":[{"name":"wp","href":"https:\/\/api.w.org\/{rel}","templated":true}]}}