{"id":81619,"date":"2025-09-23T17:19:32","date_gmt":"2025-09-23T17:19:32","guid":{"rendered":"https:\/\/ikimisli.tr\/?p=81619"},"modified":"2025-09-23T17:19:32","modified_gmt":"2025-09-23T17:19:32","slug":"geleneksel-toren-guvenlik-gerekcesiyle-iptal-edildi","status":"publish","type":"post","link":"https:\/\/ikimisli.tr\/index.php\/2025\/09\/23\/geleneksel-toren-guvenlik-gerekcesiyle-iptal-edildi\/","title":{"rendered":"Geleneksel t\u00f6ren g\u00fcvenlik gerek\u00e7esiyle iptal edildi"},"content":{"rendered":"<p>Karar\u0131, \u0130htilal Muhaf\u0131zlar\u0131 Ordusu\u2019ndan \u00fcst seviye bir kumandan, devlet televizyonuna ba\u011fl\u0131 Gen\u00e7 Gazeteciler Kul\u00fcb\u00fc\u2019ne verdi\u011fi deme\u00e7te duyurdu.<\/p>\n<p>Komutan, iptale ait a\u00e7\u0131klamas\u0131nda, \u201cHer y\u0131l Kutsal Savunma Haftas\u0131\u2019n\u0131n birinci g\u00fcn\u00fcnde silahl\u0131 kuvvetlerimizin g\u00fcc\u00fcn\u00fc sergilemek hedefiyle ge\u00e7it merasimi d\u00fczenliyorduk. Lakin bu y\u0131l ortaya \u00e7\u0131kan tehditler nedeniyle kalabal\u0131k toplant\u0131lardan ka\u00e7\u0131n\u0131lmas\u0131 taraf\u0131nda karar al\u0131nd\u0131. T\u00fcm haz\u0131rl\u0131klar \u00fclke savunmas\u0131na ve beklenen senaryolara odaklanacak formda tekrar yap\u0131land\u0131r\u0131ld\u0131,\u201d tabirlerini kulland\u0131.<\/p>\n<p><b>KUTSAL SAVUNMA HAFTASI NED\u0130R?<\/b><\/p>\n<p>\u0130ran\u2019da 22 Eyl\u00fcl, 1980 y\u0131l\u0131nda ba\u015flayan \u0130ran-Irak Sava\u015f\u0131\u2019n\u0131n y\u0131ld\u00f6n\u00fcm\u00fcne denk geliyor. Bu tarih, \u00fclke genelinde \u201cKutsal Savunma Haftas\u0131\u201d ismi alt\u0131nda an\u0131l\u0131yor. Hafta boyunca askeri ge\u00e7it merasimleri, anma programlar\u0131 ve \u00e7e\u015fitli etkinliklerle \u0130ran\u2019\u0131n savunma g\u00fcc\u00fc kamuoyuna sunuluyor.<\/p>\n<p>Ancak bu y\u0131l, artan b\u00f6lgesel tansiyonlar ve i\u00e7 g\u00fcvenlik korkular\u0131 nedeniyle h\u00fck\u00fcmetin \u00f6nleyici bir ad\u0131m atarak merasimi iptal etti\u011fi belirtiliyor.<\/p>\n<p>Komutan\u0131n a\u00e7\u0131klamas\u0131nda dikkat \u00e7eken bir ba\u015fka \u00f6ge ise, ge\u00e7it merasiminin iptaliyle toplu tertiplerin riski vurgulanarak, askeri kuvvetlerin odak noktas\u0131n\u0131n g\u00f6rsel g\u00fc\u00e7 g\u00f6sterisinden, operasyonel haz\u0131rl\u0131klara kayd\u0131r\u0131lmas\u0131 oldu.<\/p>\n<p>Resm\u00ee makamlar taraf\u0131ndan ge\u00e7it merasiminin iptaline ait di\u011fer bir a\u00e7\u0131klama yap\u0131lmazken, \u0130ran idaresinin kamuya a\u00e7\u0131k merasim ve etkinliklere y\u00f6nelik temkinli tutumunun \u00f6n\u00fcm\u00fczdeki periyotta de s\u00fcrebilece\u011fi varsay\u0131m ediliyor.<\/p>\n","protected":false},"excerpt":{"rendered":"<p>\u0130ran, her y\u0131l d\u00fczenledi\u011fi Kutsal Savunma Haftas\u0131 kapsam\u0131ndaki klasik silahl\u0131 kuvvetler ge\u00e7it merasimini bu y\u0131l g\u00fcvenlik tehditleri nedeniyle iptal etti. Karar\u0131, \u0130htilal Muhaf\u0131zlar\u0131 Ordusu\u2019ndan \u00fcst seviye bir kumandan, devlet televizyonuna ba\u011fl\u0131 Gen\u00e7 Gazeteciler Kul\u00fcb\u00fc\u2019ne verdi\u011fi deme\u00e7te duyurdu.<\/p>\n","protected":false},"author":1,"featured_media":81620,"comment_status":"open","ping_status":"open","sticky":false,"template":"","format":"standard","meta":{"footnotes":""},"categories":[43],"tags":[1404,1155],"class_list":["post-81619","post","type-post","status-publish","format-standard","has-post-thumbnail","hentry","category-dunya","tag-savunma","tag-toren"],"_links":{"self":[{"href":"https:\/\/ikimisli.tr\/index.php\/wp-json\/wp\/v2\/posts\/81619","targetHints":{"allow":["GET"]}}],"collection":[{"href":"https:\/\/ikimisli.tr\/index.php\/wp-json\/wp\/v2\/posts"}],"about":[{"href":"https:\/\/ikimisli.tr\/index.php\/wp-json\/wp\/v2\/types\/post"}],"author":[{"embeddable":true,"href":"https:\/\/ikimisli.tr\/index.php\/wp-json\/wp\/v2\/users\/1"}],"replies":[{"embeddable":true,"href":"https:\/\/ikimisli.tr\/index.php\/wp-json\/wp\/v2\/comments?post=81619"}],"version-history":[{"count":1,"href":"https:\/\/ikimisli.tr\/index.php\/wp-json\/wp\/v2\/posts\/81619\/revisions"}],"predecessor-version":[{"id":81621,"href":"https:\/\/ikimisli.tr\/index.php\/wp-json\/wp\/v2\/posts\/81619\/revisions\/81621"}],"wp:featuredmedia":[{"embeddable":true,"href":"https:\/\/ikimisli.tr\/index.php\/wp-json\/wp\/v2\/media\/81620"}],"wp:attachment":[{"href":"https:\/\/ikimisli.tr\/index.php\/wp-json\/wp\/v2\/media?parent=81619"}],"wp:term":[{"taxonomy":"category","embeddable":true,"href":"https:\/\/ikimisli.tr\/index.php\/wp-json\/wp\/v2\/categories?post=81619"},{"taxonomy":"post_tag","embeddable":true,"href":"https:\/\/ikimisli.tr\/index.php\/wp-json\/wp\/v2\/tags?post=81619"}],"curies":[{"name":"wp","href":"https:\/\/api.w.org\/{rel}","templated":true}]}}