{"id":81672,"date":"2025-09-23T20:19:33","date_gmt":"2025-09-23T20:19:33","guid":{"rendered":"https:\/\/ikimisli.tr\/?p=81672"},"modified":"2025-09-23T20:19:33","modified_gmt":"2025-09-23T20:19:33","slug":"evlendikten-40-yil-sonra-dugun-yaptilar","status":"publish","type":"post","link":"https:\/\/ikimisli.tr\/index.php\/2025\/09\/23\/evlendikten-40-yil-sonra-dugun-yaptilar\/","title":{"rendered":"Evlendikten 40 y\u0131l sonra d\u00fc\u011f\u00fcn yapt\u0131lar"},"content":{"rendered":"<p>Denizciler Mahallesi&#8217;nde Orhan ile Halide Takmet \u00e7ifti 40 y\u0131l evvel evlendi. Orhan Takmet, evlendiklerinde d\u00fc\u011f\u00fcn yapmad\u0131\u011f\u0131 i\u00e7in e\u015fine bir g\u00fcn kesinlikle gelinlik hayalinin ger\u00e7ekle\u015fece\u011fini s\u00f6yledi.<\/p>\n<p><img decoding=\"async\" src=\"https:\/\/ikimisli.tr\/wp-content\/uploads\/2025\/09\/evlendikten-40-yil-sonra-dugun-yaptilar-0-Sx5BEPQ7.jpg\"\/><\/p>\n<p><b>HAYALLER\u0130 GER\u00c7EK OLDU<\/b><\/p>\n<p>\u00c7iftin bu hayali, \u00c7okoluk Yaylas\u0131&#8217;nda yap\u0131lan d\u00fc\u011f\u00fcnle 40 y\u0131l sonra ger\u00e7ek oldu.\u200b\u200b\u200b\u200b\u200b\u200b\u200b<\/p>\n<p>D\u00fc\u011f\u00fcne, \u00e7iftin \u00e7ocuklar\u0131 ve torunlar\u0131 da kat\u0131ld\u0131. Halide Takmet, gazetecilere, gelinlik giymeyi \u00e7ok istedi\u011fini s\u00f6yledi.<\/p>\n<p>Eksiksiz bir d\u00fc\u011f\u00fcn yap\u0131ld\u0131\u011f\u0131n\u0131 belirten Takmet, &#8220;40 y\u0131ll\u0131k hayalimdi, ger\u00e7ek oldu. K\u0131na ve d\u00fc\u011f\u00fcn yapt\u0131k, \u00e7ok ho\u015f oldu. Benim 3 o\u011flum, 1 k\u0131z\u0131m ve 9 torunum var. \u00c7ok keyifli oldum ve bu heyecan\u0131 daima birlikte ya\u015fad\u0131k.&#8221; dedi.<\/p>\n<p><img decoding=\"async\" src=\"https:\/\/ikimisli.tr\/wp-content\/uploads\/2025\/09\/evlendikten-40-yil-sonra-dugun-yaptilar-1-WHNVZrej.jpg\"\/><\/p>\n<p>Orhan Takmet ise &#8220;Benden evvel han\u0131m\u0131m \u00e7ok keyifli oldu. Zira her bayan\u0131n i\u00e7inde bir gelinlik giyme hayali vard\u0131r.&#8221; diye konu\u015ftu.<\/p>\n","protected":false},"excerpt":{"rendered":"<p>Mersin&#8217;in Bozyaz\u0131 il\u00e7esinde 40 y\u0131l evvel evlenen \u00e7ift, yapt\u0131klar\u0131 d\u00fc\u011f\u00fcnle hayallerini ger\u00e7ekle\u015ftirdi.<\/p>\n","protected":false},"author":1,"featured_media":81673,"comment_status":"open","ping_status":"open","sticky":false,"template":"","format":"standard","meta":{"footnotes":""},"categories":[25],"tags":[2896],"class_list":["post-81672","post","type-post","status-publish","format-standard","has-post-thumbnail","hentry","category-gundem","tag-dugun"],"_links":{"self":[{"href":"https:\/\/ikimisli.tr\/index.php\/wp-json\/wp\/v2\/posts\/81672","targetHints":{"allow":["GET"]}}],"collection":[{"href":"https:\/\/ikimisli.tr\/index.php\/wp-json\/wp\/v2\/posts"}],"about":[{"href":"https:\/\/ikimisli.tr\/index.php\/wp-json\/wp\/v2\/types\/post"}],"author":[{"embeddable":true,"href":"https:\/\/ikimisli.tr\/index.php\/wp-json\/wp\/v2\/users\/1"}],"replies":[{"embeddable":true,"href":"https:\/\/ikimisli.tr\/index.php\/wp-json\/wp\/v2\/comments?post=81672"}],"version-history":[{"count":1,"href":"https:\/\/ikimisli.tr\/index.php\/wp-json\/wp\/v2\/posts\/81672\/revisions"}],"predecessor-version":[{"id":81676,"href":"https:\/\/ikimisli.tr\/index.php\/wp-json\/wp\/v2\/posts\/81672\/revisions\/81676"}],"wp:featuredmedia":[{"embeddable":true,"href":"https:\/\/ikimisli.tr\/index.php\/wp-json\/wp\/v2\/media\/81673"}],"wp:attachment":[{"href":"https:\/\/ikimisli.tr\/index.php\/wp-json\/wp\/v2\/media?parent=81672"}],"wp:term":[{"taxonomy":"category","embeddable":true,"href":"https:\/\/ikimisli.tr\/index.php\/wp-json\/wp\/v2\/categories?post=81672"},{"taxonomy":"post_tag","embeddable":true,"href":"https:\/\/ikimisli.tr\/index.php\/wp-json\/wp\/v2\/tags?post=81672"}],"curies":[{"name":"wp","href":"https:\/\/api.w.org\/{rel}","templated":true}]}}