{"id":81700,"date":"2025-09-23T21:43:32","date_gmt":"2025-09-23T21:43:32","guid":{"rendered":"https:\/\/ikimisli.tr\/?p=81700"},"modified":"2025-09-23T21:43:32","modified_gmt":"2025-09-23T21:43:32","slug":"comezden-bakana-cennet-koy-uyarisi","status":"publish","type":"post","link":"https:\/\/ikimisli.tr\/index.php\/2025\/09\/23\/comezden-bakana-cennet-koy-uyarisi\/","title":{"rendered":"\u00c7\u00f6mez\u2019den, Bakan\u2019a cennet koy uyar\u0131s\u0131"},"content":{"rendered":"<p>Mu\u011fla\u2019n\u0131n Bodrum il\u00e7esinin en de\u011ferli koylar\u0131ndan Kisseb\u00fck\u00fc\u2019nde art\u0131k de antik kent oyunu ortaya \u00e7\u0131kt\u0131.<\/p>\n<p>Kisseb\u00fck\u00fc Koyu\u2019ndaki 95 bin metrekarelik arazi AKP iktidar\u0131n\u0131n ilk y\u0131llar\u0131nda Orman Bakanl\u0131\u011f\u0131 taraf\u0131ndan o d\u00f6nem \u015fimdi kabinede olmayan K\u00fclt\u00fcr ve Turizm Bakan\u0131 Mehmet Nuri Ersoy\u2019un \u015firketine tahsis edilmi\u015fti.<\/p>\n<p>Ersoy, bakan olunca da bu topraklar\u0131n 25 bin metrekaresi evvel Turizm Bakanl\u0131\u011f\u0131\u2019na sonra da kendi \u015fahsi \u015firketine aktar\u0131ld\u0131. Arazinin \u00e7abucak yan\u0131nda Bizans periyoduna ili\u015fkin Anastasiapolis antik kenti kal\u0131nt\u0131lar\u0131 bulunuyor. Ersoy, bu tarihi alan\u0131n onar\u0131m\u0131 i\u00e7in 800 milyon TL \u00f6denek ay\u0131rd\u0131 ve \u00f6dene\u011fin 55 milyonu kullan\u0131ld\u0131.<\/p>\n<p><strong>ANT\u0130K KENTL\u0130 PAKET TUR<\/strong><\/p>\n<p>\u201cBakan Bey Kiseb\u00fck\u00fc\u2019ne \u00e7\u00f6kt\u00fc\u201d diyen \u0130Y\u0130 Parti K\u00fcme Ba\u015fkanvekili Turhan \u00c7\u00f6mez, \u201cT\u00fcrkiye\u2019nin her yeri tarih f\u0131\u015fk\u0131r\u0131rken, neden Bakan Bey bilhassa kendisine tahsis edilmi\u015f arazinin \u00e7abucak taban\u0131ndaki Anastasiapolis antik kentine \u00f6denek ay\u0131rd\u0131?\u201d diye sordu ve \u015funlar\u0131 s\u00f6yledi:<\/p>\n<p>\u201c\u00c7\u00fcnk\u00fc bir m\u00fchlet sonra burada otel in\u015faat\u0131 ba\u015flarsa b\u00f6lge S\u0130T alan\u0131 ilan edilecek ve b\u00f6lgede \u00f6teki otel de yap\u0131lamayacak. Otelin yan\u0131 ba\u015f\u0131nda bir antik kent turistler i\u00e7in cazibe merkezi paket cins olarak sat\u0131lacak. Bir taraftan mavi t\u0131p, bir taraftan p\u0131r\u0131l p\u0131r\u0131l deniz, harika kumsallar, orman topraklar\u0131 ve yan\u0131 s\u0131ra Bizans periyoduna ili\u015fkin kal\u0131nt\u0131lar. Buran\u0131n pe\u015fke\u015f \u00e7ekilmemesi i\u00e7in elimden geleni yapaca\u011f\u0131m.\u201d<\/p>\n<p><b><span>ABD i\u00e7kileri ucuzlayacak m\u0131?<\/span><\/b><\/p>\n<p>\u0130Y\u0130 Partili Turhan \u00c7\u00f6mez, AKP\u2019li Cumhurba\u015fkan\u0131 Recep Tayyip Erdo\u011fan\u2019\u0131n, ABD men\u015feli eserlere uygulanan ek vergileri kald\u0131rmas\u0131na toplumsal medya hesab\u0131ndan reaksiyon g\u00f6sterdi. \u00c7\u00f6mez, \u201cT\u00fcrkiye\u2019nin g\u00f6z\u00fc ayd\u0131!\u201d diyerek, \u201cArt\u0131k ABD\u2019den ithal edilen votkalar, viskiler ucuzluyor. E do\u011fal olarak enflasyona da yans\u0131r tabi bu indirimler!\u201d tabirini kulland\u0131. \u00c7\u00f6mez, bildirisinde \u015f\u00f6yle yazd\u0131:<br \/>\u201cAdam randevuyu verdi ancak almaya devam ediyor. ABD men\u015feli eserlere uygulanan ek vergiler kald\u0131r\u0131ld\u0131. Alkoll\u00fc i\u00e7eceklerdeki %70\u2019lik ek vergiyi bile kald\u0131rd\u0131\u011f\u0131na nazaran, durum \u00f6nemli demek ki!\u201d<\/p>\n","protected":false},"excerpt":{"rendered":"<p>\u201cOtelin yan\u0131 ba\u015f\u0131ndaki antik kent turistler i\u00e7in paket cins olarak m\u0131 sat\u0131lacak? Buran\u0131n pe\u015fke\u015f \u00e7ekilmesine m\u00fcsaade vermeyece\u011fim.<\/p>\n","protected":false},"author":1,"featured_media":81701,"comment_status":"open","ping_status":"open","sticky":false,"template":"","format":"standard","meta":{"footnotes":""},"categories":[25],"tags":[9219,2155,262,856],"class_list":["post-81700","post","type-post","status-publish","format-standard","has-post-thumbnail","hentry","category-gundem","tag-antik-kent","tag-arazi","tag-bakan","tag-tur"],"_links":{"self":[{"href":"https:\/\/ikimisli.tr\/index.php\/wp-json\/wp\/v2\/posts\/81700","targetHints":{"allow":["GET"]}}],"collection":[{"href":"https:\/\/ikimisli.tr\/index.php\/wp-json\/wp\/v2\/posts"}],"about":[{"href":"https:\/\/ikimisli.tr\/index.php\/wp-json\/wp\/v2\/types\/post"}],"author":[{"embeddable":true,"href":"https:\/\/ikimisli.tr\/index.php\/wp-json\/wp\/v2\/users\/1"}],"replies":[{"embeddable":true,"href":"https:\/\/ikimisli.tr\/index.php\/wp-json\/wp\/v2\/comments?post=81700"}],"version-history":[{"count":1,"href":"https:\/\/ikimisli.tr\/index.php\/wp-json\/wp\/v2\/posts\/81700\/revisions"}],"predecessor-version":[{"id":81702,"href":"https:\/\/ikimisli.tr\/index.php\/wp-json\/wp\/v2\/posts\/81700\/revisions\/81702"}],"wp:featuredmedia":[{"embeddable":true,"href":"https:\/\/ikimisli.tr\/index.php\/wp-json\/wp\/v2\/media\/81701"}],"wp:attachment":[{"href":"https:\/\/ikimisli.tr\/index.php\/wp-json\/wp\/v2\/media?parent=81700"}],"wp:term":[{"taxonomy":"category","embeddable":true,"href":"https:\/\/ikimisli.tr\/index.php\/wp-json\/wp\/v2\/categories?post=81700"},{"taxonomy":"post_tag","embeddable":true,"href":"https:\/\/ikimisli.tr\/index.php\/wp-json\/wp\/v2\/tags?post=81700"}],"curies":[{"name":"wp","href":"https:\/\/api.w.org\/{rel}","templated":true}]}}