{"id":81877,"date":"2025-09-24T07:19:39","date_gmt":"2025-09-24T07:19:39","guid":{"rendered":"https:\/\/ikimisli.tr\/?p=81877"},"modified":"2025-09-24T07:19:39","modified_gmt":"2025-09-24T07:19:39","slug":"italya-hukumeti-filistini-tanimadi-sokaklar-karisti","status":"publish","type":"post","link":"https:\/\/ikimisli.tr\/index.php\/2025\/09\/24\/italya-hukumeti-filistini-tanimadi-sokaklar-karisti\/","title":{"rendered":"\u0130talya h\u00fck\u00fcmeti Filistin&#8217;i tan\u0131mad\u0131, sokaklar kar\u0131\u015ft\u0131"},"content":{"rendered":"<p>\u0130talya\u2019n\u0131n d\u00f6rt bir yan\u0131nda on binlerce ki\u015fi, Filistin i\u00e7in sokaklara d\u00f6k\u00fcld\u00fc. Okullar kapand\u0131, tren seferleri aksad\u0131, limanlar ve yollar bloke edildi.<\/p>\n<p>Bu \u015fovlar \u0130srail\u2019in Gazze\u2019deki ataklar\u0131na kar\u015f\u0131 Avrupa\u2019daki en b\u00fcy\u00fck hareket oldu. \u0130ngiltere&#8217;deki Filistin yanl\u0131s\u0131 aksiyonlar\u0131 g\u00f6lgede b\u0131rakt\u0131.<\/p>\n<p>Eylemler Fransa ve birka\u00e7 \u00fclkenin Birle\u015fmi\u015f Milletler\u2019de Filistin devletini tan\u0131maya haz\u0131rlanmas\u0131n\u0131n akabinde geldi. \u0130ngiltere, Avustralya, Portekiz ve Kanada hafta sonu tan\u0131ma karar\u0131n\u0131 a\u00e7\u0131klam\u0131\u015ft\u0131.<\/p>\n<p><img decoding=\"async\" src=\"https:\/\/ikimisli.tr\/wp-content\/uploads\/2025\/09\/italya-hukumeti-filistini-tanimadi-sokaklar-karisti-0-BMEezd6Q.jpg\"\/><\/p>\n<p>Roma h\u00fck\u00fcmeti ise Filistin&#8217;i tan\u0131may\u0131 reddetti. Ba\u015fbakan Giorgia Meloni daha evvel Filistin&#8217;i tan\u0131man\u0131n &#8220;yarardan \u00e7ok zarar\u0131&#8221; olabilece\u011fini s\u00f6ylemi\u015fti.<\/p>\n<p><img decoding=\"async\" src=\"https:\/\/ikimisli.tr\/wp-content\/uploads\/2025\/09\/italya-hukumeti-filistini-tanimadi-sokaklar-karisti-1-v7Y7RuY6.jpg\"\/><\/p>\n<p>Meloni, \u201cOrtada olmayan bir \u015fey ka\u011f\u0131t \u00fczerinde tan\u0131n\u0131rsa sorun \u00e7\u00f6z\u00fclm\u00fc\u015f \u00fczere g\u00f6r\u00fcnebilir lakin \u00e7\u00f6z\u00fclmez,\u201d dedi. Lakin bu a\u00e7\u0131klama, \u0130talya halk\u0131 i\u00e7in k\u00e2fi olmad\u0131.<\/p>\n<p>\u00dclke \u00e7ap\u0131nda ba\u011f\u0131ms\u0131z sendikalar pazartesi g\u00fcn\u00fc 24 saatlik genel grev daveti yapt\u0131. Emel Gazze halk\u0131yla dayan\u0131\u015fma g\u00f6stermekti.<\/p>\n<p><img decoding=\"async\" src=\"https:\/\/ikimisli.tr\/wp-content\/uploads\/2025\/09\/italya-hukumeti-filistini-tanimadi-sokaklar-karisti-2-RsWpQplN.jpg\"\/><\/p>\n<p>Gerek\u00e7e olarak \u0130talyan h\u00fck\u00fcmetinin ve Avrupa Birli\u011fi\u2019nin krize kar\u015f\u0131 hareketsizli\u011fi g\u00f6sterildi. Milano\u2019dan Palermo\u2019ya kadar en az 75 kentte kalabal\u0131klar topland\u0131.<\/p>\n<p>Cenova ve Livorno\u2019da liman personelleri \u0130talya\u2019n\u0131n \u0130srail\u2019e silah sevkiyat\u0131nda \u00fcs olarak kullan\u0131ld\u0131\u011f\u0131n\u0131 s\u00f6yleyerek \u00e7al\u0131\u015fmay\u0131 durdurdu, genel greve gitti.<\/p>\n<p><img decoding=\"async\" src=\"https:\/\/ikimisli.tr\/wp-content\/uploads\/2025\/09\/italya-hukumeti-filistini-tanimadi-sokaklar-karisti-3-i3iQwuDs.jpg\"\/><\/p>\n<p>Roma\u2019da Termini istasyonu \u00f6n\u00fcnde 20 binden fazla ki\u015fi topland\u0131. Kalabal\u0131k Filistin bayraklar\u0131 a\u00e7t\u0131 ve \u201c\u00f6zg\u00fcr Filistin\u201d slogan\u0131 att\u0131.<\/p>\n<p>&#8220;Her \u015feyi Durdural\u0131m\u201d slogan\u0131yla yap\u0131lan grevde h\u00fck\u00fcmete \u0130srail\u2019le ticari ve askeri i\u015fbirli\u011fini ask\u0131ya alma daveti yap\u0131ld\u0131.<\/p>\n<p><img decoding=\"async\" src=\"https:\/\/ikimisli.tr\/wp-content\/uploads\/2025\/09\/italya-hukumeti-filistini-tanimadi-sokaklar-karisti-4-OddIAlmM.jpg\"\/><\/p>\n<p>Kat\u0131l\u0131mc\u0131lar Gazze ablukas\u0131n\u0131 k\u0131rmay\u0131 hedefleyen Global Sumud Filosu\u2019na da dayanak verdi. Organizat\u00f6rler Milano\u2019da 50 bin ki\u015finin y\u00fcr\u00fcd\u00fc\u011f\u00fcn\u00fc a\u00e7\u0131klad\u0131.<\/p>\n<p>Bolonya\u2019da polis 10 binden fazla ki\u015fi oldu\u011funu s\u00f6yledi. Milano\u2019da tansiyon ya\u015fand\u0131. Siyah giyinen kimi g\u00f6stericiler tren gar\u0131n\u0131n giri\u015fini k\u0131rmaya \u00e7al\u0131\u015ft\u0131.\u00a0<\/p>\n<p><img decoding=\"async\" src=\"https:\/\/ikimisli.tr\/wp-content\/uploads\/2025\/09\/italya-hukumeti-filistini-tanimadi-sokaklar-karisti-5-6qc7rpS8.jpg\"\/><\/p>\n<p>Polisle \u00e7at\u0131\u015fmalarda sis bombalar\u0131, ta\u015flar ve \u015fi\u015feler at\u0131ld\u0131. Polis biber gaz\u0131 ve tazyikli suyla kar\u015f\u0131l\u0131k verdi.<\/p>\n<p>En az 10 ki\u015fi g\u00f6zalt\u0131na al\u0131nd\u0131, 60\u2019tan fazla polis yaraland\u0131. Meloni \u015fiddeti k\u0131nad\u0131. \u201c\u015eiddet ve y\u0131k\u0131m\u0131n dayan\u0131\u015fmayla ilgisi yok.<\/p>\n<p><img decoding=\"async\" src=\"https:\/\/ikimisli.tr\/wp-content\/uploads\/2025\/09\/italya-hukumeti-filistini-tanimadi-sokaklar-karisti-6-zMiT6cWw.jpg\"\/><\/p>\n<p>H\u00fck\u00fcmet ise protestolara reaksiyon g\u00f6sterdi. Meloni, &#8220;Bu \u015fiddet ve vandall\u0131k, Gazze\u2019deki insanlar\u0131n hayat\u0131n\u0131 de\u011fi\u015ftirmez,\u201d dedi.<\/p>\n<p>\u0130talyanlar ise farkl\u0131 bir bak\u0131\u015f a\u00e7\u0131s\u0131na sahip. Roma\u2019da protestolara kat\u0131lan 52 ya\u015f\u0131ndaki Federica Casino, The Guardian&#8217;a verdi\u011fi deme\u00e7te \u201c\u0130talya bug\u00fcn durmal\u0131. \u00c7ocuklar\u0131n \u00f6ld\u00fcr\u00fcld\u00fc\u011f\u00fc, hastanelerin y\u0131k\u0131ld\u0131\u011f\u0131 haberleri kar\u015f\u0131s\u0131nda sessiz kalamay\u0131z,\u201d diye konu\u015ftu.<\/p>\n<p><img decoding=\"async\" src=\"https:\/\/ikimisli.tr\/wp-content\/uploads\/2025\/09\/italya-hukumeti-filistini-tanimadi-sokaklar-karisti-7-kkMRMdwx.jpg\"\/><\/p>\n<p>H\u00fck\u00fcmet ise temkinli tutumunu korudu. Ula\u015ft\u0131rma Bakan\u0131 Matteo Salvini eylemleri \u201ca\u015f\u0131r\u0131 sol sendikac\u0131lar\u0131n politik seferberli\u011fi\u201d diye nitelendirdi olay\u0131n k\u00fclliyen sol odakl\u0131 oldu\u011funu s\u00f6yledi.<\/p>\n","protected":false},"excerpt":{"rendered":"<p>\u0130talya\u2019da on binlerce ki\u015fi Gazze i\u00e7in sokaklara \u00e7\u0131kt\u0131, \u00fclke genelinde okullar kapand\u0131 tren seferleri durdu limanlar bloke edildi. Roma h\u00fck\u00fcmeti Filistin\u2019i tan\u0131may\u0131 reddederken halk h\u00fck\u00fcmetin sessizli\u011fine reaksiyon g\u00f6sterdi ve \u0130srail\u2019le i\u015fbirli\u011finin sonland\u0131r\u0131lmas\u0131n\u0131 istedi.<\/p>\n","protected":false},"author":1,"featured_media":81878,"comment_status":"open","ping_status":"open","sticky":false,"template":"","format":"standard","meta":{"footnotes":""},"categories":[43],"tags":[1754,941,140],"class_list":["post-81877","post","type-post","status-publish","format-standard","has-post-thumbnail","hentry","category-dunya","tag-filistin","tag-hukumet","tag-italya"],"_links":{"self":[{"href":"https:\/\/ikimisli.tr\/index.php\/wp-json\/wp\/v2\/posts\/81877","targetHints":{"allow":["GET"]}}],"collection":[{"href":"https:\/\/ikimisli.tr\/index.php\/wp-json\/wp\/v2\/posts"}],"about":[{"href":"https:\/\/ikimisli.tr\/index.php\/wp-json\/wp\/v2\/types\/post"}],"author":[{"embeddable":true,"href":"https:\/\/ikimisli.tr\/index.php\/wp-json\/wp\/v2\/users\/1"}],"replies":[{"embeddable":true,"href":"https:\/\/ikimisli.tr\/index.php\/wp-json\/wp\/v2\/comments?post=81877"}],"version-history":[{"count":1,"href":"https:\/\/ikimisli.tr\/index.php\/wp-json\/wp\/v2\/posts\/81877\/revisions"}],"predecessor-version":[{"id":81887,"href":"https:\/\/ikimisli.tr\/index.php\/wp-json\/wp\/v2\/posts\/81877\/revisions\/81887"}],"wp:featuredmedia":[{"embeddable":true,"href":"https:\/\/ikimisli.tr\/index.php\/wp-json\/wp\/v2\/media\/81878"}],"wp:attachment":[{"href":"https:\/\/ikimisli.tr\/index.php\/wp-json\/wp\/v2\/media?parent=81877"}],"wp:term":[{"taxonomy":"category","embeddable":true,"href":"https:\/\/ikimisli.tr\/index.php\/wp-json\/wp\/v2\/categories?post=81877"},{"taxonomy":"post_tag","embeddable":true,"href":"https:\/\/ikimisli.tr\/index.php\/wp-json\/wp\/v2\/tags?post=81877"}],"curies":[{"name":"wp","href":"https:\/\/api.w.org\/{rel}","templated":true}]}}