{"id":82029,"date":"2025-09-24T14:55:30","date_gmt":"2025-09-24T14:55:30","guid":{"rendered":"https:\/\/ikimisli.tr\/?p=82029"},"modified":"2025-09-24T14:55:30","modified_gmt":"2025-09-24T14:55:30","slug":"14-yasindaki-cocuk-gurultu-yaptigi-gerekcesiyle-vuruldu-cani-komsu-tutuklandi","status":"publish","type":"post","link":"https:\/\/ikimisli.tr\/index.php\/2025\/09\/24\/14-yasindaki-cocuk-gurultu-yaptigi-gerekcesiyle-vuruldu-cani-komsu-tutuklandi\/","title":{"rendered":"14 ya\u015f\u0131ndaki \u00e7ocuk g\u00fcr\u00fclt\u00fc yapt\u0131\u011f\u0131 gerek\u00e7esiyle vuruldu: Cani kom\u015fu tutukland\u0131"},"content":{"rendered":"<p>Ankara&#8217;da 14 ya\u015f\u0131ndaki Hiranur \u015eim\u015fek&#8217;i, g\u00fcr\u00fclt\u00fc yapt\u0131\u011f\u0131 sav\u0131yla pompal\u0131 t\u00fcfekle vuran Hasan Polat (61), \u00e7\u0131kar\u0131ld\u0131\u011f\u0131 mahkemede tutukland\u0131. A\u011f\u0131r yaralanan Hiranur&#8217;un tedavisi ise a\u011f\u0131r bak\u0131mda s\u00fcr\u00fcyor.<\/p>\n<p>Olay, evvelki ak\u015fam Sincan il\u00e7esine ba\u011fl\u0131 Fatih Mahallesi\u2019ndeki bir sitede meydana geldi. Hasan Polat, bah\u00e7ede oynayan \u00e7ocuklara g\u00fcr\u00fclt\u00fc yapt\u0131klar\u0131 gerek\u00e7esiyle reaksiyon g\u00f6sterdi. Bir m\u00fchlet sonra g\u00fcr\u00fclt\u00fcn\u00fcn devam etti\u011fini \u00f6ne s\u00fcren Polat, balkona \u00e7\u0131k\u0131p pompal\u0131 t\u00fcfekle ate\u015f etti. Sa\u00e7malar\u0131n isabet etti\u011fi Hiranur \u015eim\u015fek yaraland\u0131. Etraftakilerin ihbar\u0131 \u00fczerine olay yerine polis ve s\u0131hhat tak\u0131mlar\u0131 sevk edildi. A\u011f\u0131r yaralanan \u015eim\u015fek, ambulansla Sincan Devlet Hastanesi\u2019ne g\u00f6t\u00fcr\u00fcld\u00fc, buradaki m\u00fcdahalenin akabinde da Etlik Kent Hastanesi\u2019ne sevk edildi.<\/p>\n<p>Polis taraf\u0131ndan g\u00f6zalt\u0131na al\u0131nan Hasan Polat, emniyetteki s\u00fcre\u00e7lerinin akabinde adliyeye sevk edildi. Polat, \u00e7\u0131kar\u0131ld\u0131\u011f\u0131 mahkemece tutuklanarak cezaevine g\u00f6nderildi.<\/p>\n<p>Hiranur \u015eim\u015fek&#8217;in a\u011f\u0131r bak\u0131m \u00fcnitesinde tedavisi s\u00fcr\u00fcyor.<\/p>\n","protected":false},"excerpt":{"rendered":"<p>Ankara&#8217;da 14 ya\u015f\u0131ndaki Hiranur \u015eim\u015fek&#8217;i, g\u00fcr\u00fclt\u00fc yapt\u0131\u011f\u0131 sav\u0131yla pompal\u0131 t\u00fcfekle vuran ku\u015fkulu tutukland\u0131.<\/p>\n","protected":false},"author":1,"featured_media":82030,"comment_status":"open","ping_status":"open","sticky":false,"template":"","format":"standard","meta":{"footnotes":""},"categories":[25],"tags":[1596],"class_list":["post-82029","post","type-post","status-publish","format-standard","has-post-thumbnail","hentry","category-gundem","tag-polat"],"_links":{"self":[{"href":"https:\/\/ikimisli.tr\/index.php\/wp-json\/wp\/v2\/posts\/82029","targetHints":{"allow":["GET"]}}],"collection":[{"href":"https:\/\/ikimisli.tr\/index.php\/wp-json\/wp\/v2\/posts"}],"about":[{"href":"https:\/\/ikimisli.tr\/index.php\/wp-json\/wp\/v2\/types\/post"}],"author":[{"embeddable":true,"href":"https:\/\/ikimisli.tr\/index.php\/wp-json\/wp\/v2\/users\/1"}],"replies":[{"embeddable":true,"href":"https:\/\/ikimisli.tr\/index.php\/wp-json\/wp\/v2\/comments?post=82029"}],"version-history":[{"count":1,"href":"https:\/\/ikimisli.tr\/index.php\/wp-json\/wp\/v2\/posts\/82029\/revisions"}],"predecessor-version":[{"id":82031,"href":"https:\/\/ikimisli.tr\/index.php\/wp-json\/wp\/v2\/posts\/82029\/revisions\/82031"}],"wp:featuredmedia":[{"embeddable":true,"href":"https:\/\/ikimisli.tr\/index.php\/wp-json\/wp\/v2\/media\/82030"}],"wp:attachment":[{"href":"https:\/\/ikimisli.tr\/index.php\/wp-json\/wp\/v2\/media?parent=82029"}],"wp:term":[{"taxonomy":"category","embeddable":true,"href":"https:\/\/ikimisli.tr\/index.php\/wp-json\/wp\/v2\/categories?post=82029"},{"taxonomy":"post_tag","embeddable":true,"href":"https:\/\/ikimisli.tr\/index.php\/wp-json\/wp\/v2\/tags?post=82029"}],"curies":[{"name":"wp","href":"https:\/\/api.w.org\/{rel}","templated":true}]}}