{"id":82066,"date":"2025-09-24T17:07:35","date_gmt":"2025-09-24T17:07:35","guid":{"rendered":"https:\/\/ikimisli.tr\/?p=82066"},"modified":"2025-09-24T17:07:35","modified_gmt":"2025-09-24T17:07:35","slug":"sehit-polis-memuru-seyda-yilmazin-adi-sivasta-yasatilacak","status":"publish","type":"post","link":"https:\/\/ikimisli.tr\/index.php\/2025\/09\/24\/sehit-polis-memuru-seyda-yilmazin-adi-sivasta-yasatilacak\/","title":{"rendered":"\u015eehit Polis Memuru \u015eeyda Y\u0131lmaz\u2019\u0131n ad\u0131 Sivas\u2019ta ya\u015fat\u0131lacak"},"content":{"rendered":"<p>Sivas Belediyesi taraf\u0131ndan E\u011frik\u00f6pr\u00fc Mahallesi\u2019nde in\u015fa edilen, 13 bin metrekare alana sahip parkta spor alanlar\u0131, \u00e7ocuk oyun k\u00fcmeleri, dinlenme alanlar\u0131 ve 150 a\u011fa\u00e7 yer al\u0131yor. Parka, 23 Eyl\u00fcl 2024\u2019te \u0130stanbul\u2019da misyon ba\u015f\u0131nda \u015fehit edilen polis memuru \u015eeyda Y\u0131lmaz\u2019\u0131n ismi verildi.<\/p>\n<p>T\u00f6rene Sivas Valisi Y\u0131lmaz \u015eim\u015fek, Belediye Ba\u015fkan\u0131 Adem Uzun, \u0130l Emniyet M\u00fcd\u00fcr\u00fc Ahmet Alaa\u011fa\u00e7l\u0131, \u015eehit Aileleri ve Gaziler Derne\u011fi Ba\u015fkan\u0131 Fatih Deveci, \u015fehidin ailesi ile \u00e7ok say\u0131da vatanda\u015f kat\u0131ld\u0131. Program, h\u00fcrmet duru\u015fu, \u0130stiklal Mar\u015f\u0131 ve \u015eeyda Y\u0131lmaz\u2019\u0131n \u00f6zge\u00e7mi\u015finin okunmas\u0131yla ba\u015flad\u0131.<\/p>\n<p><img decoding=\"async\" src=\"https:\/\/ikimisli.tr\/wp-content\/uploads\/2025\/09\/sehit-polis-memuru-seyda-yilmazin-adi-sivasta-yasatilacak-0-t4tBgOCN.jpeg\"\/><\/p>\n<p><b>&#8220;KUTSAL B\u0130R BOR\u00c7&#8221;<\/b><\/p>\n<p>T\u00f6rende konu\u015fan Sivas Valisi Y\u0131lmaz \u015eim\u015fek, \u015eeyda Y\u0131lmaz\u2019\u0131n isminin parka verilmesinin bir vefa \u00f6rne\u011fi oldu\u011funu belirterek \u015funlar\u0131 s\u00f6yledi:<\/p>\n<p>\u201cKahraman \u015fehidimiz \u015eeyda Y\u0131lmaz\u2019\u0131 rahmetle an\u0131yor, ismini ta\u015f\u0131yacak bu park\u0131n a\u00e7\u0131l\u0131\u015f\u0131n\u0131 b\u00fcy\u00fck bir manayla ger\u00e7ekle\u015ftiriyoruz. \u015eehitlerimiz, bu topraklar\u0131n en b\u00fcy\u00fck kahramanlar\u0131d\u0131r. Onlar\u0131n an\u0131lar\u0131n\u0131 ya\u015fatmak, yaln\u0131zca misyon de\u011fil, kutsal bir bor\u00e7tur. Bu park yaln\u0131zca bir ye\u015fil alan de\u011fil, gelecek jenerasyonlara vatan sevgisini aktaran bir k\u0131ymet olacakt\u0131r.\u201d<\/p>\n<p>Sivas Belediye Ba\u015fkan\u0131 Adem Uzun ise konu\u015fmas\u0131nda, \u015fehidin ismini ya\u015fatmak i\u00e7in verdikleri kelam\u0131 tuttuklar\u0131n\u0131 tabir etti:<\/p>\n<p>\u201cBir y\u0131l evvel b\u00fcy\u00fck bir ac\u0131 ya\u015fam\u0131\u015ft\u0131k. O g\u00fcn kelam verdik, bug\u00fcn yerine getiriyoruz. Bu parkta yaln\u0131zca ye\u015fillik de\u011fil, bir vefa ya\u015fat\u0131l\u0131yor. \u015eeyda karde\u015fimizin ismi bu ho\u015f alanda ya\u015fat\u0131lacak. Bu devrimizde \u015fehit olan t\u00fcm karde\u015flerimizin isimlerini da kentimizde ya\u015fat\u0131yoruz. T\u0131pk\u0131 vakitte Garnizon \u015eehitli\u011fi\u2019ni de kentimize yak\u0131\u015f\u0131r hale getiriyoruz.\u201d<\/p>\n<p><img decoding=\"async\" src=\"https:\/\/ikimisli.tr\/wp-content\/uploads\/2025\/09\/sehit-polis-memuru-seyda-yilmazin-adi-sivasta-yasatilacak-1-HDZe4NAh.jpeg\"\/><\/p>\n<p><b>ABLA FATMA AY: &#8220;ONUR DUYUYORUZ&#8221;<\/b><\/p>\n<p>\u015eehit \u015eeyda Y\u0131lmaz\u2019\u0131n ablas\u0131 Fatma Ay, karde\u015finin isminin parkta ya\u015fat\u0131lmas\u0131n\u0131n aileleri i\u00e7in b\u00fcy\u00fck bir mana ta\u015f\u0131d\u0131\u011f\u0131n\u0131 belirterek eme\u011fi ge\u00e7en herkese te\u015fekk\u00fcr etti.<\/p>\n<p>T\u00f6renin sonunda kurdele kesilerek \u015eehit Polis Memuru \u015eeyda Y\u0131lmaz Park\u0131 resmen a\u00e7\u0131ld\u0131. \u0130\u015ftirak\u00e7iler park\u0131 gezerek, \u015fehit an\u0131s\u0131na olu\u015fturulan bilgi panosunu inceledi.<\/p>\n","protected":false},"excerpt":{"rendered":"<p>\u0130stanbul \u00dcmraniye\u2019de ge\u00e7en y\u0131l misyonu ba\u015f\u0131nda \u015fehit edilen polis memuru \u015eeyda Y\u0131lmaz\u2019\u0131n ismi, memleketi Sivas\u2019ta bir parka verildi. \u015eehadetinin birinci y\u0131l d\u00f6n\u00fcm\u00fcnde ger\u00e7ekle\u015ftirilen park a\u00e7\u0131l\u0131\u015f merasimine ailesi ve protokol \u00fcyeleri kat\u0131ld\u0131.<\/p>\n","protected":false},"author":1,"featured_media":82067,"comment_status":"open","ping_status":"open","sticky":false,"template":"","format":"standard","meta":{"footnotes":""},"categories":[25],"tags":[428,181,164,9241],"class_list":["post-82066","post","type-post","status-publish","format-standard","has-post-thumbnail","hentry","category-gundem","tag-alan","tag-park","tag-sehit","tag-seyda-yilmaz"],"_links":{"self":[{"href":"https:\/\/ikimisli.tr\/index.php\/wp-json\/wp\/v2\/posts\/82066","targetHints":{"allow":["GET"]}}],"collection":[{"href":"https:\/\/ikimisli.tr\/index.php\/wp-json\/wp\/v2\/posts"}],"about":[{"href":"https:\/\/ikimisli.tr\/index.php\/wp-json\/wp\/v2\/types\/post"}],"author":[{"embeddable":true,"href":"https:\/\/ikimisli.tr\/index.php\/wp-json\/wp\/v2\/users\/1"}],"replies":[{"embeddable":true,"href":"https:\/\/ikimisli.tr\/index.php\/wp-json\/wp\/v2\/comments?post=82066"}],"version-history":[{"count":1,"href":"https:\/\/ikimisli.tr\/index.php\/wp-json\/wp\/v2\/posts\/82066\/revisions"}],"predecessor-version":[{"id":82070,"href":"https:\/\/ikimisli.tr\/index.php\/wp-json\/wp\/v2\/posts\/82066\/revisions\/82070"}],"wp:featuredmedia":[{"embeddable":true,"href":"https:\/\/ikimisli.tr\/index.php\/wp-json\/wp\/v2\/media\/82067"}],"wp:attachment":[{"href":"https:\/\/ikimisli.tr\/index.php\/wp-json\/wp\/v2\/media?parent=82066"}],"wp:term":[{"taxonomy":"category","embeddable":true,"href":"https:\/\/ikimisli.tr\/index.php\/wp-json\/wp\/v2\/categories?post=82066"},{"taxonomy":"post_tag","embeddable":true,"href":"https:\/\/ikimisli.tr\/index.php\/wp-json\/wp\/v2\/tags?post=82066"}],"curies":[{"name":"wp","href":"https:\/\/api.w.org\/{rel}","templated":true}]}}