{"id":8209,"date":"2025-02-01T06:00:08","date_gmt":"2025-02-01T06:00:08","guid":{"rendered":"https:\/\/ikimisli.tr\/?p=8209"},"modified":"2025-02-01T06:00:08","modified_gmt":"2025-02-01T06:00:08","slug":"turkiyede-her-3-kisiden-1i-obez","status":"publish","type":"post","link":"https:\/\/ikimisli.tr\/index.php\/2025\/02\/01\/turkiyede-her-3-kisiden-1i-obez\/","title":{"rendered":"T\u00fcrkiye&#8217;de her 3 ki\u015fiden 1&#8217;i obez"},"content":{"rendered":"<p>T\u00fcrk Obezite Cerrahisi Vakf\u0131 Lideri Prof. Dr. Oktay Banl\u0131, Kayseri&#8217;de 5\u2019incisi d\u00fczenlenen Obezite Te\u015fhis ve Tedavisinde Multidisipliner Yakla\u015f\u0131m Sempozyumu&#8217;na kat\u0131lmak i\u00e7in geldi\u011fi kentte DHA\u2019ya \u00f6zel a\u00e7\u0131klamalarda bulundu.<\/p>\n<p>T\u00fcrkiye&#8217;nin obezitede Avrupa&#8217;n\u0131n doru\u011funda yer ald\u0131\u011f\u0131n\u0131 s\u00f6yleyen Banl\u0131, dikkat edilmedi\u011fi takdirde obezitenin \u00f6nemli s\u0131hhat meselelerine yol a\u00e7abilece\u011fini belirtti.\u00a0<\/p>\n<p><b>&#8216;OBEZ OLMAMAK HER \u015eEYDEN EVVEL \u00c7OK \u00d6NEML\u0130&#8217;<\/b><\/p>\n<p>Obezite ile \u00e7aba de d\u00fczg\u00fcn beslenmenin de\u011ferli oldu\u011funu kaydeden Prof. Dr. Oktay Banl\u0131, &#8220;Obezite \u00e7ok yeni bir husus. Toplumun 3&#8217;te 1&#8217;i obez. 3 \u015fah\u0131stan 1&#8217;si obez ve herkes de kilo vermek istiyor. Bunun i\u00e7in ameliyatlar, ameliyat d\u0131\u015f\u0131 metotlar ve bununla ne yaparsan\u0131z sonu\u00e7lar\u0131 \u00e7ok \u00f6nemli bir haber bedeli oluyor. Komplikasyonlar\u0131 haber k\u0131ymeti oluyor.<\/p>\n<p>B\u00fct\u00fcn i\u015f \u015fu; obez olmamak her \u015feyden evvel \u00e7ok de\u011ferli. O y\u00fczden ilkokuldan, ortaokuldan itibaren istikrarl\u0131 ve sa\u011fl\u0131kl\u0131 beslenmeyi ve hareketi hayata sokmak laz\u0131m. Obez olduktan sonra da yanda\u015f hastal\u0131klar geli\u015fmeden, \u00f6nemli diyabet, uyku apnesi, hipertansiyon, diz a\u011fr\u0131lar\u0131, bel a\u011fr\u0131lar\u0131 ve psikososyal s\u0131k\u0131nt\u0131lar\u0131 ya\u015famadan bunun \u00f6n\u00fcn\u00fc almak, tedavi etmek laz\u0131m&#8221; diye konu\u015ftu.<\/p>\n<p><b>&#8216;OBEZLER, OLA\u011eAN \u0130NSANLARDAN 12-13 YIL DAHA AZ YA\u015eIYORLAR&#8217;<\/b><\/p>\n<p>Do\u011fru hastaya yap\u0131lan ameliyatlar\u0131n hayat kurtar\u0131c\u0131 oldu\u011funu belirten Prof. Dr. Banl\u0131, &#8220;Obezler, ola\u011fan insanlardan 12-13 y\u0131l daha az ya\u015f\u0131yorlar. Ya\u015fad\u0131klar\u0131 hayat da \u00e7ok kaliteli bir hayat de\u011fil. Bu insanlara obezite cerrahisi, bu hastal\u0131klardan kurtulma, daha kaliteli, daha sa\u011fl\u0131kl\u0131 bir hayat sunabilir. O y\u00fczden inan\u00e7l\u0131 bir halde yap\u0131lan, hakikat bir bi\u00e7imde yap\u0131lan, hakikat hastaya yap\u0131lan obezite cerrahisi hem hayat kurtar\u0131c\u0131 hem hayat kalitesini \u00e7ok art\u0131ran bir s\u00fcre\u00e7.<\/p>\n<p>Bu ameliyatlar \u00fclkemizde 100 bine yakla\u015ft\u0131. Y\u0131lda 100 bine yak\u0131n ameliyat yap\u0131l\u0131yor. Bu ameliyatlar\u0131n inan\u00e7l\u0131 yap\u0131lmas\u0131n\u0131 sa\u011flamak i\u00e7in buraday\u0131z. E\u011fitim alm\u0131\u015f cerrahlar\u0131n bu ameliyat\u0131 yapmas\u0131 i\u00e7in buraday\u0131z. Hastan\u0131n ba\u015f\u0131na ameliyat sonras\u0131 bir sorun geldi\u011fi vakit, o hastanenin b\u00fct\u00fcn bu komplikasyonlar\u0131 ba\u015f edebilecek donan\u0131ma sahip olmas\u0131 gerekti\u011fini d\u00fc\u015f\u00fcn\u00fcyoruz. Bunu sa\u011flamak i\u00e7in buraday\u0131z&#8221; dedi.\u00a0<\/p>\n<p><b>&#8216;B\u0130L\u0130M KURULU OLU\u015eMASI \u0130\u00c7\u0130N BAKANLI\u011eA B\u0130R TEKL\u0130F\u0130M\u0130Z OLDU&#8217;<\/b><\/p>\n<p>Prof. Dr. Oktay Banl\u0131, &#8220;Buna ili\u015fkin y\u00f6netmelik, genelgeler, \u00e7al\u0131\u015fmalar ediyor. Bakanl\u0131k da bizle yak\u0131n temas halinde. Dernekler ve vak\u0131f olarak bu \u00e7al\u0131\u015fmalar\u0131n i\u00e7inde bulunuyoruz. Gayemiz, inan\u00e7l\u0131 obezite cerrahisi yapmak. Olmas\u0131 gereken hastalar\u0131n ameliyat olmas\u0131n\u0131 sa\u011flamak. Yeterli hastanelerde ve e\u011fitim alm\u0131\u015f cerrahlar taraf\u0131ndan bu ameliyat\u0131n yap\u0131lmas\u0131n\u0131 sa\u011flamak istiyoruz. B\u00fct\u00fcn u\u011fra\u015f\u0131m\u0131z, emelimiz bu. Bu hususta reg\u00fclasyonu yapabilecek, ameliyatlar\u0131 d\u00fczenleyecek, merkezleri denetleyecek, karar verecek, yetkileri olacak, sorumluluklar\u0131 olacak bir bilim kurulu olu\u015fmas\u0131 i\u00e7in bakanl\u0131\u011fa bir teklifimiz oldu.<\/p>\n<p>Olumlu kar\u015f\u0131land\u0131. Vakit i\u00e7erisinde bu t\u00fcrl\u00fc bir \u015fura olacakt\u0131r diye d\u00fc\u015f\u00fcn\u00fcyorum. Gibisi zira transaminasyon i\u00e7in yap\u0131lm\u0131\u015ft\u0131. Bir bilim kurulu olu\u015fmu\u015ftu. T\u00fcrkiye&#8217;de sahiden nakiller bir disiplin i\u00e7inde yap\u0131l\u0131yor. Birebir disiplinin obezite ameliyatlar\u0131 i\u00e7in de yap\u0131lmas\u0131n\u0131 d\u00fc\u015f\u00fcn\u00fcyoruz. Bunun \u015fartlar\u0131n\u0131n nas\u0131l sa\u011flayaca\u011f\u0131n\u0131, nas\u0131l yap\u0131laca\u011f\u0131n\u0131 da bir bilim kurulu olu\u015fturarak, yap\u0131lmas\u0131 gerekti\u011fini d\u00fc\u015f\u00fcn\u00fcyoruz. Tekliflerimizi sunduk. \u015eu an yetki, sorumluluk ve adaylar\u0131 se\u00e7mek bakanl\u0131\u011f\u0131m\u0131z\u0131n karar\u0131nda&#8221; diye konu\u015ftu.<\/p>\n","protected":false},"excerpt":{"rendered":"<p>T\u00fcrk Obezite Cerrahisi Vakf\u0131 Lideri Prof. Dr. Oktay Banl\u0131, &#8220;Obezite \u00e7ok yeni bir husus. Toplumun 3&#8217;te 1&#8217;i obez. 3 \u015fah\u0131stan 1&#8217;si obez ve herkes de kilo vermek istiyor. O y\u00fczden ilkokuldan, ortaokuldan itibaren istikrarl\u0131 ve sa\u011fl\u0131kl\u0131 beslenmeyi ve hareketi hayata sokmak laz\u0131m&#8221; dedi.<\/p>\n","protected":false},"author":1,"featured_media":8210,"comment_status":"open","ping_status":"open","sticky":false,"template":"","format":"standard","meta":{"footnotes":""},"categories":[29],"tags":[780,1007,55,2008,2007],"class_list":["post-8209","post","type-post","status-publish","format-standard","has-post-thumbnail","hentry","category-saglik","tag-ameliyat","tag-hayat","tag-kurul","tag-obez","tag-obezite"],"_links":{"self":[{"href":"https:\/\/ikimisli.tr\/index.php\/wp-json\/wp\/v2\/posts\/8209","targetHints":{"allow":["GET"]}}],"collection":[{"href":"https:\/\/ikimisli.tr\/index.php\/wp-json\/wp\/v2\/posts"}],"about":[{"href":"https:\/\/ikimisli.tr\/index.php\/wp-json\/wp\/v2\/types\/post"}],"author":[{"embeddable":true,"href":"https:\/\/ikimisli.tr\/index.php\/wp-json\/wp\/v2\/users\/1"}],"replies":[{"embeddable":true,"href":"https:\/\/ikimisli.tr\/index.php\/wp-json\/wp\/v2\/comments?post=8209"}],"version-history":[{"count":1,"href":"https:\/\/ikimisli.tr\/index.php\/wp-json\/wp\/v2\/posts\/8209\/revisions"}],"predecessor-version":[{"id":8211,"href":"https:\/\/ikimisli.tr\/index.php\/wp-json\/wp\/v2\/posts\/8209\/revisions\/8211"}],"wp:featuredmedia":[{"embeddable":true,"href":"https:\/\/ikimisli.tr\/index.php\/wp-json\/wp\/v2\/media\/8210"}],"wp:attachment":[{"href":"https:\/\/ikimisli.tr\/index.php\/wp-json\/wp\/v2\/media?parent=8209"}],"wp:term":[{"taxonomy":"category","embeddable":true,"href":"https:\/\/ikimisli.tr\/index.php\/wp-json\/wp\/v2\/categories?post=8209"},{"taxonomy":"post_tag","embeddable":true,"href":"https:\/\/ikimisli.tr\/index.php\/wp-json\/wp\/v2\/tags?post=8209"}],"curies":[{"name":"wp","href":"https:\/\/api.w.org\/{rel}","templated":true}]}}