{"id":82218,"date":"2025-09-25T01:19:29","date_gmt":"2025-09-25T01:19:29","guid":{"rendered":"https:\/\/ikimisli.tr\/?p=82218"},"modified":"2025-09-25T01:19:29","modified_gmt":"2025-09-25T01:19:29","slug":"balikesir-depremlerinin-neden-durmadigini-sener-usumezsoy-acikladi","status":"publish","type":"post","link":"https:\/\/ikimisli.tr\/index.php\/2025\/09\/25\/balikesir-depremlerinin-neden-durmadigini-sener-usumezsoy-acikladi\/","title":{"rendered":"Bal\u0131kesir depremlerinin neden durmad\u0131\u011f\u0131n\u0131 \u015eener \u00dc\u015f\u00fcmezsoy a\u00e7\u0131klad\u0131"},"content":{"rendered":"<p>Bal\u0131kesir&#8217;de 10 A\u011fustos&#8217;ta meydana gelen ve etraf vilayetlerde de hissedilerek b\u00fcy\u00fck pani\u011fe neden olan 6.1 b\u00fcy\u00fckl\u00fc\u011f\u00fcndeki sars\u0131nt\u0131n\u0131n akabinde d\u00fcn gece 00.05 S\u0131nd\u0131rg\u0131&#8217;da 5.0 b\u00fcy\u00fckl\u00fc\u011f\u00fcnde zelzele meydana geldi.<\/p>\n<p>D\u00fcn \u00f6\u011flen saatlerinde ise 4.5 b\u00fcy\u00fckl\u00fc\u011f\u00fcnde bir sars\u0131nt\u0131 daha meydana gelirken bu gece saatlerinde ise 4.5 b\u00fcy\u00fckl\u00fc\u011f\u00fcnde yeni bir art\u00e7\u0131 meydana geldi.<\/p>\n<p>Depremler devam ederken S\u00d6ZC\u00dc TV&#8217;de Para Siyaset Program\u0131&#8217;nda gazeteci Hasret G\u00fcrses&#8217;e konu\u015fan Prof. Dr. \u015eener \u00dc\u015f\u00fcmezsoy, sars\u0131nt\u0131lar\u0131n durmamas\u0131n\u0131n nedenini a\u00e7\u0131klad\u0131:<\/p>\n<p><b>&#8220;200 K\u0130LOMETREL\u0130K Y\u00dcZEY YIRTILDI&#8221;<\/b><\/p>\n<p>&#8220;Beklenmeyen bir b\u00f6lge olmas\u0131na ra\u011fmen daha evvel Bal\u0131kesir S\u0131nd\u0131rg\u0131\u2019y\u0131 alt\u0131n\u0131 \u00e7izerek i\u015faret etmi\u015ftim.<\/p>\n<p>S\u0131nd\u0131rg\u0131&#8217;daki sars\u0131nt\u0131lar neden bitmiyor s\u00f6yleyeyim. Bu b\u00f6lgenin 600 metre kadar g\u00fcneyinde bir da\u011f var.<\/p>\n<p>Bu da\u011f\u0131n \u00fcst\u00fcnde bir fay var.<\/p>\n<p>Ge\u00e7en ay meydana gelen 6.1&#8217;lik sars\u0131nt\u0131da yakla\u015f\u0131k 200 kilometrelik bir y\u00fczey y\u0131rt\u0131ld\u0131.<\/p>\n<p>Bu alan \u00fcst\u00fcnde k\u00fc\u00e7\u00fck fay \u00e7izgileri mevcut.<\/p>\n<p>Olan bu sars\u0131nt\u0131lar\u0131n sebebi o fay s\u0131n\u0131rlar\u0131ndan kaynaklan\u0131yor.&#8221;<\/p>\n","protected":false},"excerpt":{"rendered":"<p>Bal\u0131kesir&#8217;de 10 A\u011fustos&#8217;ta meydana gelen 6.1 b\u00fcy\u00fckl\u00fc\u011f\u00fcndeki zelzelenin akabinde kentte art\u00e7\u0131 sars\u0131nt\u0131lar devam ederken gece saatlerinde 4.5 b\u00fcy\u00fckl\u00fc\u011f\u00fcnde yeni bir art\u00e7\u0131 meydana geldi.  Prof. Dr. \u015eener \u00dc\u015f\u00fcmezsoy S\u00d6ZC\u00dc TV&#8217;de yapt\u0131\u011f\u0131 a\u00e7\u0131klamada sars\u0131nt\u0131lar\u0131n durmamas\u0131n\u0131n nedenini a\u00e7\u0131klad\u0131.<\/p>\n","protected":false},"author":1,"featured_media":82219,"comment_status":"open","ping_status":"open","sticky":false,"template":"","format":"standard","meta":{"footnotes":""},"categories":[25],"tags":[285,4984],"class_list":["post-82218","post","type-post","status-publish","format-standard","has-post-thumbnail","hentry","category-gundem","tag-deprem","tag-meydana"],"_links":{"self":[{"href":"https:\/\/ikimisli.tr\/index.php\/wp-json\/wp\/v2\/posts\/82218","targetHints":{"allow":["GET"]}}],"collection":[{"href":"https:\/\/ikimisli.tr\/index.php\/wp-json\/wp\/v2\/posts"}],"about":[{"href":"https:\/\/ikimisli.tr\/index.php\/wp-json\/wp\/v2\/types\/post"}],"author":[{"embeddable":true,"href":"https:\/\/ikimisli.tr\/index.php\/wp-json\/wp\/v2\/users\/1"}],"replies":[{"embeddable":true,"href":"https:\/\/ikimisli.tr\/index.php\/wp-json\/wp\/v2\/comments?post=82218"}],"version-history":[{"count":1,"href":"https:\/\/ikimisli.tr\/index.php\/wp-json\/wp\/v2\/posts\/82218\/revisions"}],"predecessor-version":[{"id":82220,"href":"https:\/\/ikimisli.tr\/index.php\/wp-json\/wp\/v2\/posts\/82218\/revisions\/82220"}],"wp:featuredmedia":[{"embeddable":true,"href":"https:\/\/ikimisli.tr\/index.php\/wp-json\/wp\/v2\/media\/82219"}],"wp:attachment":[{"href":"https:\/\/ikimisli.tr\/index.php\/wp-json\/wp\/v2\/media?parent=82218"}],"wp:term":[{"taxonomy":"category","embeddable":true,"href":"https:\/\/ikimisli.tr\/index.php\/wp-json\/wp\/v2\/categories?post=82218"},{"taxonomy":"post_tag","embeddable":true,"href":"https:\/\/ikimisli.tr\/index.php\/wp-json\/wp\/v2\/tags?post=82218"}],"curies":[{"name":"wp","href":"https:\/\/api.w.org\/{rel}","templated":true}]}}