{"id":82318,"date":"2025-09-27T01:55:32","date_gmt":"2025-09-27T01:55:32","guid":{"rendered":"https:\/\/ikimisli.tr\/?p=82318"},"modified":"2025-09-27T01:55:32","modified_gmt":"2025-09-27T01:55:32","slug":"gram-altin-almak-isteyen-120-tl-fazla-odeyecek","status":"publish","type":"post","link":"https:\/\/ikimisli.tr\/index.php\/2025\/09\/27\/gram-altin-almak-isteyen-120-tl-fazla-odeyecek\/","title":{"rendered":"Gram alt\u0131n almak isteyen 120 TL fazla \u00f6deyecek"},"content":{"rendered":"<p>Alt\u0131n piyasas\u0131 uzmanlar\u0131 T\u00fcrkiye\u2019de alt\u0131n fiyat\u0131n\u0131n, global fiyatlara k\u0131yasla kilogram baz\u0131nda 3.000 dolar daha de\u011ferli oldu\u011funu belirterek, bu d\u00fczeyin daha da b\u00fcy\u00fcmesinden kayg\u0131 duyuyor.<\/p>\n<p><img decoding=\"async\" src=\"https:\/\/ikimisli.tr\/wp-content\/uploads\/2025\/09\/gram-altin-almak-isteyen-120-tl-fazla-odeyecek-0-7qrSvzr5.jpg\"\/><\/p>\n<p>Alt\u0131n ve para piyasas\u0131 uzman\u0131 Mehmet Ali Y\u0131ld\u0131r\u0131mt\u00fcrk, yurt i\u00e7i ile milletleraras\u0131 alt\u0131n fiyatlar\u0131 ortas\u0131ndaki makas\u0131n iki ay evvel 100 dolar, bir ay evvel ise 700 dolar oldu\u011funu belirterek \u201c\u015eu anda fark kilogram baz\u0131nda 2.800-3.000 dolar\u201d dedi.<\/p>\n<p><img decoding=\"async\" src=\"https:\/\/ikimisli.tr\/wp-content\/uploads\/2025\/09\/gram-altin-almak-isteyen-120-tl-fazla-odeyecek-1-FS6WZDZr.jpg\"\/><\/p>\n<p><strong>GRAMDA 120 TL FARK VAR<\/strong><\/p>\n<p>Alt\u0131n uzman\u0131 Hasan H\u00fcseyin Deniz de yurt i\u00e7inde alt\u0131n\u0131n daha de\u011ferli oldu\u011funu belirterek \u201c1 gram alt\u0131ndaki fiyat fark\u0131 2.75 dolar. Yani yakla\u015f\u0131k 120 lira fark var\u201d yorumunu yapt\u0131. Fiyat fark\u0131n\u0131n nedenleri olarak hem alt\u0131n ithalat\u0131na getirilen kotay\u0131 hem de rekor d\u00fczeydeki fiyatlara kar\u015f\u0131n d\u00fc\u015fmeyen talebi g\u00f6steren Deniz, \u201cFiziki alt\u0131n k\u0131tl\u0131\u011f\u0131 var, alt\u0131n ihracat\u00e7\u0131s\u0131 g\u00fc\u00e7 durumda, alt\u0131n ka\u00e7ak\u00e7\u0131l\u0131\u011f\u0131 hortlad\u0131\u201d s\u00f6z\u00fcn\u00fc kulland\u0131.<\/p>\n","protected":false},"excerpt":{"rendered":"<p>Rekor serisini s\u00fcrd\u00fcren alt\u0131nda talepteki kesintisiz art\u0131\u015f, i\u00e7 ve d\u0131\u015f piyasada fiyat makas\u0131n\u0131n a\u00e7\u0131lmas\u0131na neden olurken, ka\u00e7ak\u00e7\u0131l\u0131k riskini g\u00fcndeme ta\u015f\u0131d\u0131. Alt\u0131n piyasas\u0131 uzmanlar\u0131, fiziki alt\u0131n almak isteyenlerin gram ba\u015f\u0131na 120 TL fazla \u00f6demek zorunda oldu\u011funa dikkat \u00e7ekti.<\/p>\n","protected":false},"author":1,"featured_media":82319,"comment_status":"open","ping_status":"open","sticky":false,"template":"","format":"standard","meta":{"footnotes":""},"categories":[24],"tags":[782,155,1662,394],"class_list":["post-82318","post","type-post","status-publish","format-standard","has-post-thumbnail","hentry","category-ekonomi","tag-altin","tag-dolar","tag-fark","tag-fiyat"],"_links":{"self":[{"href":"https:\/\/ikimisli.tr\/index.php\/wp-json\/wp\/v2\/posts\/82318","targetHints":{"allow":["GET"]}}],"collection":[{"href":"https:\/\/ikimisli.tr\/index.php\/wp-json\/wp\/v2\/posts"}],"about":[{"href":"https:\/\/ikimisli.tr\/index.php\/wp-json\/wp\/v2\/types\/post"}],"author":[{"embeddable":true,"href":"https:\/\/ikimisli.tr\/index.php\/wp-json\/wp\/v2\/users\/1"}],"replies":[{"embeddable":true,"href":"https:\/\/ikimisli.tr\/index.php\/wp-json\/wp\/v2\/comments?post=82318"}],"version-history":[{"count":1,"href":"https:\/\/ikimisli.tr\/index.php\/wp-json\/wp\/v2\/posts\/82318\/revisions"}],"predecessor-version":[{"id":82322,"href":"https:\/\/ikimisli.tr\/index.php\/wp-json\/wp\/v2\/posts\/82318\/revisions\/82322"}],"wp:featuredmedia":[{"embeddable":true,"href":"https:\/\/ikimisli.tr\/index.php\/wp-json\/wp\/v2\/media\/82319"}],"wp:attachment":[{"href":"https:\/\/ikimisli.tr\/index.php\/wp-json\/wp\/v2\/media?parent=82318"}],"wp:term":[{"taxonomy":"category","embeddable":true,"href":"https:\/\/ikimisli.tr\/index.php\/wp-json\/wp\/v2\/categories?post=82318"},{"taxonomy":"post_tag","embeddable":true,"href":"https:\/\/ikimisli.tr\/index.php\/wp-json\/wp\/v2\/tags?post=82318"}],"curies":[{"name":"wp","href":"https:\/\/api.w.org\/{rel}","templated":true}]}}