{"id":82472,"date":"2025-09-27T11:07:31","date_gmt":"2025-09-27T11:07:31","guid":{"rendered":"https:\/\/ikimisli.tr\/?p=82472"},"modified":"2025-09-27T11:07:31","modified_gmt":"2025-09-27T11:07:31","slug":"abd-buyukelcisi-mesruiyet-dedi-turkiyede-yer-yerinden-oynadi","status":"publish","type":"post","link":"https:\/\/ikimisli.tr\/index.php\/2025\/09\/27\/abd-buyukelcisi-mesruiyet-dedi-turkiyede-yer-yerinden-oynadi\/","title":{"rendered":"ABD B\u00fcy\u00fckel\u00e7isi &#8216;me\u015fruiyet&#8217; dedi, T\u00fcrkiye&#8217;de yer yerinden oynad\u0131"},"content":{"rendered":"<p>Tart\u0131\u015fmal\u0131 a\u00e7\u0131klamalar\u0131yla g\u00fcndemden d\u00fc\u015fmeyen B\u00fcy\u00fckel\u00e7i Barrack, Erdo\u011fan-Trump tepesi \u00f6ncesi skandal bir a\u00e7\u0131klamada bulunmu\u015ftu.\u00a0<\/p>\n<p>Barrack, T\u00fcrkiye- ABD m\u00fcnasebetlerine ait, &#8220;[Erdo\u011fan] 71 ya\u015f\u0131na geldi. [T\u00fcrkiye] bir demokrasi lakin otoriter \u00fczere. Lider Trump dahice bir bi\u00e7imde &#8216;\u00e7\u00f6z\u00fcm olarak ona me\u015fruiyet vermeliyim&#8217; dedi. \u015eu an bu oluyor. Bence bunun sonucunda b\u00fcy\u00fck de\u011fi\u015fiklikler g\u00f6receksiniz.&#8221; s\u00f6zlerini kullanm\u0131\u015ft\u0131.<\/p>\n<p><b>S\u0130YAS\u0130LERDEN ORTAK MESAJ<\/b><\/p>\n<p>Barrack&#8217;\u0131n bu a\u00e7\u0131klamalar\u0131na k\u0131sa m\u00fcddette siyasetten sert kar\u015f\u0131l\u0131klar geldi.\u00a0<\/p>\n<p>CHP Genel Ba\u015fkan\u0131 \u00d6zg\u00fcr \u00d6zel, Ekrem \u0130mamo\u011flu&#8217;nun yarg\u0131land\u0131\u011f\u0131 dava sonras\u0131 Silivri&#8217;de yapt\u0131\u011f\u0131 a\u00e7\u0131klamada, &#8220;Kar\u015f\u0131da me\u015fruiyet me\u015fruiyet veriyormu\u015f. Me\u015fruiyet milletten al\u0131n\u0131r. Se\u00e7ime girersin, kazan\u0131rs\u0131n, legal se\u00e7ilmi\u015f iktidar olursun. Me\u015fruiyet demokratik idareyle s\u00fcrer. \u0130\u00e7eride antidemokratik davran\u0131\u015flar. Me\u015fruiyet tart\u0131\u015fmal\u0131&#8221; s\u00f6zlerini kulland\u0131.<\/p>\n<p>CHP&#8217;nin Cumhurba\u015fkan\u0131 aday\u0131 ve tutuklu \u0130BB Ba\u015fkan\u0131 Ekrem \u0130mamo\u011flu, yarg\u0131land\u0131\u011f\u0131 eksper davas\u0131ndaki savunmas\u0131nda ABD B\u00fcy\u00fckel\u00e7isine, &#8220;Me\u015fruiyet milletten al\u0131n\u0131r&#8221; diyerek seslendi.<\/p>\n<p>CHP D\u0131\u015f Siyaset Koordinat\u00f6r\u00fc Prof. Dr. \u0130han Uzgel, B\u00fcy\u00fckel\u00e7i Barrack&#8217;\u0131n a\u00e7\u0131klamalar\u0131na toplumsal medya hesab\u0131 \u00fczerinden reaksiyon g\u00f6stererek, &#8220;Bize nazaran me\u015fruiyetin kayna\u011f\u0131 milletimizin ta kendisi. Trump de\u011fil, Amerika Birle\u015fik Devletleri de\u011fil, Trump\u2019la verilecek foto\u011fraflar de\u011fil&#8221; s\u00f6zlerini kullanm\u0131\u015ft\u0131.\u00a0<\/p>\n<p><b>KURTULMU\u015e&#8217;TAN &#8216;ME\u015eRU\u0130YET&#8217; A\u00c7IKLAMASI<\/b><\/p>\n<p>CHP&#8217;li Muharrem \u0130nce ise, &#8220;T\u00fcrkiye Cumhuriyeti Cumhurba\u015fkan\u0131 me\u015fruiyetini T\u00fcrk Milleti\u2019nden al\u0131r. ABD B\u00fcy\u00fckel\u00e7isi, Trump\u2019\u0131n Erdo\u011fan\u2019a me\u015fruiyet verdi\u011fini s\u00f6yl\u00fcyor. Bu a\u00e7\u0131klama derhal k\u0131nanmal\u0131 ve ABD B\u00fcy\u00fckel\u00e7isi izaha \u00e7a\u011fr\u0131lmal\u0131d\u0131r&#8221; a\u00e7\u0131klamas\u0131nda bulunurken TBMM Ba\u015fkan\u0131 Numan Kurtulmu\u015f, 28. Devir 3. Yasama Y\u0131l\u0131 K\u0131ymetlendirme Toplant\u0131s\u0131\u2019nda yapt\u0131\u011f\u0131 a\u00e7\u0131klamada <strong>\u015funlar\u0131 kaydetti:<\/strong><\/p>\n<p>&#8220;T\u00fcrkiye&#8217;de me\u015fruiyetin bir kayna\u011f\u0131 var, millet iradesi. Millet iradesinden di\u011fer hi\u00e7bir i\u00e7 ya da d\u0131\u015f oda\u011f\u0131n T\u00fcrk siyasetine me\u015fruiyet sa\u011flamas\u0131 m\u00fcmk\u00fcn de\u011fil&#8221;<\/p>\n<p><b>&#8220;ME\u015eRU\u0130YET KAVRAMINDA KASIT SAYGI&#8221;<\/b><\/p>\n<p>B\u00fcy\u00fckel\u00e7i Tom Barrack medyada \u00e7ok tart\u0131\u015f\u0131lan bu kelamlara a\u00e7\u0131kl\u0131k getirdi.<\/p>\n<p>DW T\u00fcrk\u00e7e&#8217;nin bahse ait sorusunu yan\u0131tlayan Tom Barrack, me\u015fruiyet s\u00f6z\u00fcyle &#8220;siyasi bir ba\u011flam\u0131 de\u011fil sayg\u0131y\u0131 kastetti\u011fini&#8221; vurgulayarak,\u00a0&#8220;Ben s\u0131k\u0131nt\u0131y\u0131 \u015f\u00f6yle g\u00f6r\u00fcyorum. Genel olarak bizim en b\u00fcy\u00fck m\u00fcttefiklerimizden biri olan bir T\u00fcrkiye var. Fakat ne vakit T\u00fcrkiye&#8217;yi g\u00f6r\u00fc\u015fsek bizim en b\u00fcy\u00fck NATO m\u00fcttefikimiz diyoruz. NATO&#8217;nun hedefi Avrupa&#8217;y\u0131 Rusya&#8217;dan korumak. Onlar (T\u00fcrkiye) ittifak i\u00e7inde en b\u00fcy\u00fck ikinci asker ve ekipman sa\u011flay\u0131c\u0131s\u0131. Avrupa Birli\u011fi ise onlar\u0131 (\u00fcye olarak) alm\u0131yor. Bu \u00e7ok hudut bozucu de\u011fil mi? Bu sayg\u0131s\u0131zl\u0131k&#8221; diye konu\u015ftu.<\/p>\n<p>ABD B\u00fcy\u00fckel\u00e7isi, &#8220;Ba\u015fkan\u0131m\u0131z T\u00fcrkiye&#8217;nin bizim ve NATO i\u00e7in yapt\u0131\u011f\u0131 her \u015feye hayran. Bu nedenle me\u015fruiyet kavram\u0131ndan kas\u0131t h\u00fcrmet. ABD Lideri&#8217;nin h\u00fcrmet g\u00f6stererek onu davet edip meseleleriniz nelerdir anlat\u0131n demesi. T\u00fcrk halk\u0131na nas\u0131l yard\u0131mc\u0131 olabilirim? Bu karma\u015f\u0131k b\u00f6lgede h\u00fcrmet temelinde nas\u0131l birlikte istikrar olu\u015fturabiliriz? Me\u015fruiyet derken rastgele bir siyasi manas\u0131 de\u011fil sayg\u0131y\u0131 kastettim&#8221; s\u00f6zlerini kulland\u0131.<\/p>\n<p>\u00a0<\/p>\n","protected":false},"excerpt":{"rendered":"<p>ABD&#8217;nin Ankara b\u00fcy\u00fckel\u00e7isi ve Suriye \u00d6zel Temsilcisi Tom Barrack&#8217;\u0131n &#8216;me\u015fruiyet&#8217; kelamlar\u0131na siyasetten tek ve ortak bir cevap var: &#8216;Me\u015fruiyet milletten al\u0131n\u0131r&#8217;<\/p>\n","protected":false},"author":1,"featured_media":82473,"comment_status":"open","ping_status":"open","sticky":false,"template":"","format":"standard","meta":{"footnotes":""},"categories":[25],"tags":[7572,1783,9272,9273,163],"class_list":["post-82472","post","type-post","status-publish","format-standard","has-post-thumbnail","hentry","category-gundem","tag-barrack","tag-buyukelci","tag-mesruiyet","tag-saygi","tag-turk"],"_links":{"self":[{"href":"https:\/\/ikimisli.tr\/index.php\/wp-json\/wp\/v2\/posts\/82472","targetHints":{"allow":["GET"]}}],"collection":[{"href":"https:\/\/ikimisli.tr\/index.php\/wp-json\/wp\/v2\/posts"}],"about":[{"href":"https:\/\/ikimisli.tr\/index.php\/wp-json\/wp\/v2\/types\/post"}],"author":[{"embeddable":true,"href":"https:\/\/ikimisli.tr\/index.php\/wp-json\/wp\/v2\/users\/1"}],"replies":[{"embeddable":true,"href":"https:\/\/ikimisli.tr\/index.php\/wp-json\/wp\/v2\/comments?post=82472"}],"version-history":[{"count":1,"href":"https:\/\/ikimisli.tr\/index.php\/wp-json\/wp\/v2\/posts\/82472\/revisions"}],"predecessor-version":[{"id":82474,"href":"https:\/\/ikimisli.tr\/index.php\/wp-json\/wp\/v2\/posts\/82472\/revisions\/82474"}],"wp:featuredmedia":[{"embeddable":true,"href":"https:\/\/ikimisli.tr\/index.php\/wp-json\/wp\/v2\/media\/82473"}],"wp:attachment":[{"href":"https:\/\/ikimisli.tr\/index.php\/wp-json\/wp\/v2\/media?parent=82472"}],"wp:term":[{"taxonomy":"category","embeddable":true,"href":"https:\/\/ikimisli.tr\/index.php\/wp-json\/wp\/v2\/categories?post=82472"},{"taxonomy":"post_tag","embeddable":true,"href":"https:\/\/ikimisli.tr\/index.php\/wp-json\/wp\/v2\/tags?post=82472"}],"curies":[{"name":"wp","href":"https:\/\/api.w.org\/{rel}","templated":true}]}}