{"id":82549,"date":"2025-09-27T15:19:32","date_gmt":"2025-09-27T15:19:32","guid":{"rendered":"https:\/\/ikimisli.tr\/?p=82549"},"modified":"2025-09-27T15:19:32","modified_gmt":"2025-09-27T15:19:32","slug":"meteoroloji-tarih-vererek-uyardi-bu-iki-gune-dikkat-sonbahar-etkisini-gostermeye-basladi","status":"publish","type":"post","link":"https:\/\/ikimisli.tr\/index.php\/2025\/09\/27\/meteoroloji-tarih-vererek-uyardi-bu-iki-gune-dikkat-sonbahar-etkisini-gostermeye-basladi\/","title":{"rendered":"Meteoroloji tarih vererek uyard\u0131: Bu iki g\u00fcne dikkat! &#8216;Sonbahar etkisini g\u00f6stermeye ba\u015flad\u0131&#8217;"},"content":{"rendered":"<p>Meteoroloji Genel M\u00fcd\u00fcrl\u00fc\u011f\u00fc (MGM) iddialar\u0131na nazaran, yurt genelinde hafta sonunun ya\u011f\u0131\u015fs\u0131z ve serin ge\u00e7mesi bekleniyor; lakin haftan\u0131n birinci g\u00fcnleri ya\u011f\u0131\u015fl\u0131 ge\u00e7ebilir.<\/p>\n<p>\u00c7evre, \u015eehircilik ve \u0130klim De\u011fi\u015fikli\u011fi Bakanl\u0131\u011f\u0131 Meteoroloji Genel M\u00fcd\u00fcrl\u00fc\u011f\u00fc Hava Kestirim Uzman\u0131 Cengiz \u00c7elik, hava durumuna ait de\u011ferlendirmelerde bulundu.<\/p>\n<p>\u00c7elik, hafta sonu yurt genelinde s\u0131cakl\u0131klarda az da olsa d\u00fc\u015f\u00fc\u015f ya\u015fanaca\u011f\u0131n\u0131 belirterek, bilhassa kuzey b\u00f6lgelerde s\u0131caklar\u0131n yer yer mevsim normallerinin biraz alt\u0131nda, ba\u015fka kesitlerde ise mevsim normalleri civar\u0131nda seyretmeye devam edece\u011fini s\u00f6yledi.<\/p>\n<p>Ya\u011f\u0131\u015flar\u0131n ise hafta sonunda alansal olarak az g\u00f6r\u00fclece\u011fini aktaran \u00c7elik, yaln\u0131zca Marmara&#8217;n\u0131n do\u011fusunda ve Do\u011fu Karadeniz&#8217;de ya\u011f\u0131\u015f beklendi\u011fini belirtti.<\/p>\n<p><img decoding=\"async\" src=\"https:\/\/ikimisli.tr\/wp-content\/uploads\/2025\/09\/meteoroloji-tarih-vererek-uyardi-bu-iki-gune-dikkat-sonbahar-etkisini-gostermeye-basladi-0-rt8mR4HV.jpg\"\/><\/p>\n<p>\u00c7elik, pazar g\u00fcn\u00fc Antalya etraflar\u0131nda ise k\u0131sa periyodik bir ya\u011f\u0131\u015f ge\u00e7i\u015fi g\u00f6r\u00fclece\u011fi bilgisini verdi.<\/p>\n<p>\u00c7elik, yurdun yeni hafta ile birlikte ya\u011f\u0131\u015fl\u0131 sistemin tesiri alt\u0131na girece\u011fini lisana getirerek, bilhassa kuzey ve i\u00e7 b\u00f6lgelerde pazartesi ve sal\u0131 g\u00fcn\u00fc ya\u011f\u0131\u015fl\u0131 havan\u0131n hakim olaca\u011f\u0131n\u0131 kaydetti.<\/p>\n<p><img decoding=\"async\" src=\"https:\/\/ikimisli.tr\/wp-content\/uploads\/2025\/09\/meteoroloji-tarih-vererek-uyardi-bu-iki-gune-dikkat-sonbahar-etkisini-gostermeye-basladi-1-uCd8ucRa.png\"\/><\/p>\n<p><em>Bu ortada MGM&#8217;nin be\u015f g\u00fcnl\u00fck hava kestirim raporunda, pazartesi g\u00fcn\u00fc i\u00e7in 44 ile \u015fiddetli ya\u011f\u0131\u015f ihtar\u0131nda bulunuldu.<\/em><\/p>\n<p><em>Bu g\u00fcnlerde \u00fc\u00e7 b\u00fcy\u00fck kent \u0130stanbul, Ankara ve \u0130zmir&#8217;de de ya\u011f\u0131\u015f bekleniyor.<\/em><\/p>\n<p><b>&#8216;SONBAHAR TES\u0130R\u0130N\u0130 G\u00d6STERMEYE BA\u015eLADI&#8217;<\/b><\/p>\n<p>Sonbahar\u0131n tesirini g\u00f6stermeye ba\u015flad\u0131\u011f\u0131n\u0131 ve ya\u011f\u0131\u015flarla i\u00e7 k\u0131s\u0131mlardaki s\u0131caklar\u0131n 18 ila 20 derecelere kadar d\u00fc\u015ft\u00fc\u011f\u00fcn\u00fc s\u00f6yleyen \u00c7elik, en y\u00fcksek s\u0131cakl\u0131klar\u0131n kuzey kesitlerde 20 ila 22 derece oldu\u011funu aktard\u0131.<\/p>\n<p>\u00c7elik, i\u00e7 b\u00f6l\u00fcmlerde ise bilhassa gece saatlerindeki s\u0131cakl\u0131klar\u0131n yer yer 5 derecenin alt\u0131na d\u00fc\u015ft\u00fc\u011f\u00fcn\u00fc bildirdi.<\/p>\n<p>\u00dc\u00e7 b\u00fcy\u00fck\u015fehirde hafta sonunun ya\u011f\u0131\u015fs\u0131z ge\u00e7ece\u011fini lakin yeni haftada ya\u011f\u0131\u015f beklentileri oldu\u011funu vurgulayan \u00c7elik, s\u0131cakl\u0131klar\u0131n Ankara&#8217;da 24 ila 25, \u0130stanbul&#8217;da 22 ila 23 ve \u0130zmir&#8217;de ise 28 ila 30 derecelerde seyredece\u011fini belirtti.<\/p>\n<p>\u00c7elik, Marmara B\u00f6lgesi&#8217;nin genelinde ve Kuzey Ege&#8217;de tesirini s\u00fcrd\u00fcren r\u00fczgar\u0131n ise pazar g\u00fcn\u00fcnden itibaren tesirini kaybedece\u011fini kaydetti.<\/p>\n","protected":false},"excerpt":{"rendered":"<p>Yaz s\u0131caklar\u0131n\u0131 geride b\u0131rakan yurtta sonbahar tesirini yava\u015f yava\u015f g\u00f6stermeye ba\u015flarken Meteoroloji, hava kestirimlerini payla\u015ft\u0131. Yurt genelinde serin ve ya\u011f\u0131\u015fs\u0131z bir hava beklenirken pazartesi ve sal\u0131 g\u00fcn\u00fc bir\u00e7ok kentte ya\u011f\u0131\u015f g\u00f6r\u00fclecek.<\/p>\n","protected":false},"author":1,"featured_media":82550,"comment_status":"open","ping_status":"open","sticky":false,"template":"","format":"standard","meta":{"footnotes":""},"categories":[25],"tags":[2970,5669,1921,1191],"class_list":["post-82549","post","type-post","status-publish","format-standard","has-post-thumbnail","hentry","category-gundem","tag-celik","tag-etkisi","tag-ila","tag-yagis"],"_links":{"self":[{"href":"https:\/\/ikimisli.tr\/index.php\/wp-json\/wp\/v2\/posts\/82549","targetHints":{"allow":["GET"]}}],"collection":[{"href":"https:\/\/ikimisli.tr\/index.php\/wp-json\/wp\/v2\/posts"}],"about":[{"href":"https:\/\/ikimisli.tr\/index.php\/wp-json\/wp\/v2\/types\/post"}],"author":[{"embeddable":true,"href":"https:\/\/ikimisli.tr\/index.php\/wp-json\/wp\/v2\/users\/1"}],"replies":[{"embeddable":true,"href":"https:\/\/ikimisli.tr\/index.php\/wp-json\/wp\/v2\/comments?post=82549"}],"version-history":[{"count":1,"href":"https:\/\/ikimisli.tr\/index.php\/wp-json\/wp\/v2\/posts\/82549\/revisions"}],"predecessor-version":[{"id":82553,"href":"https:\/\/ikimisli.tr\/index.php\/wp-json\/wp\/v2\/posts\/82549\/revisions\/82553"}],"wp:featuredmedia":[{"embeddable":true,"href":"https:\/\/ikimisli.tr\/index.php\/wp-json\/wp\/v2\/media\/82550"}],"wp:attachment":[{"href":"https:\/\/ikimisli.tr\/index.php\/wp-json\/wp\/v2\/media?parent=82549"}],"wp:term":[{"taxonomy":"category","embeddable":true,"href":"https:\/\/ikimisli.tr\/index.php\/wp-json\/wp\/v2\/categories?post=82549"},{"taxonomy":"post_tag","embeddable":true,"href":"https:\/\/ikimisli.tr\/index.php\/wp-json\/wp\/v2\/tags?post=82549"}],"curies":[{"name":"wp","href":"https:\/\/api.w.org\/{rel}","templated":true}]}}