{"id":82582,"date":"2025-09-27T16:31:31","date_gmt":"2025-09-27T16:31:31","guid":{"rendered":"https:\/\/ikimisli.tr\/?p=82582"},"modified":"2025-09-27T16:31:31","modified_gmt":"2025-09-27T16:31:31","slug":"cocuklarin-suyu-bile-yandas-muteahhidi-rahatsiz-etti","status":"publish","type":"post","link":"https:\/\/ikimisli.tr\/index.php\/2025\/09\/27\/cocuklarin-suyu-bile-yandas-muteahhidi-rahatsiz-etti\/","title":{"rendered":"\u00c7ocuklar\u0131n suyu bile yanda\u015f m\u00fcteahhidi rahats\u0131z etti"},"content":{"rendered":"<p>Y\u0131llarca \u0130stanbul&#8217;da AKP devrinde milyarl\u0131k ihalelerle semirtilen, \u0130BB&#8217;nin el de\u011fi\u015ftirmesiyle muslu\u011fu kapanan m\u00fcteahhit Veysel Demirci, CHP lideri \u00d6zg\u00fcr \u00d6zel&#8217;in Elaz\u0131\u011f&#8217;da yapt\u0131\u011f\u0131 konu\u015fmaya toplumsal medya hesab\u0131ndan sald\u0131rd\u0131. Demirci, \u00e7ocuklar\u0131n e\u015fitsiz kurallarda e\u011fitim ald\u0131\u011f\u0131na dikkat \u00e7eken ve kantinden su alamayan \u00f6\u011frencilerin tuvalet muslu\u011fundan su i\u00e7mek zorunda kald\u0131\u011f\u0131n\u0131 anlatan \u00d6zel\u2019in kelamlar\u0131n\u0131 \u00e7arp\u0131tt\u0131.<\/p>\n<p><b>\u0130HALELER B\u0130TT\u0130, TAARRUZ BA\u015eLADI<\/b><\/p>\n<p>Demirci, toplumsal medya payla\u015f\u0131m\u0131nda \u015fu tabirleri kulland\u0131:<\/p>\n<p>&#8211; Siyaset milletin g\u00f6nl\u00fcne hitap etmeli, milletini a\u015fa\u011f\u0131layan s\u00f6zlerle de\u011fil! \u00d6zg\u00fcr \u00d6zel\u2019in Elaz\u0131\u011f\u2019da sarf etti\u011fi kelamlar yak\u0131\u015f\u0131ks\u0131z, sayg\u0131s\u0131z ve asla affedilemez. Kendi kelamlar\u0131na sahip \u00e7\u0131kamayan birinden \u00fclke idaresini nas\u0131l beklersiniz?<\/p>\n<p>Payla\u015f\u0131mlar\u0131na AKP\u2019yi ve Cumhurba\u015fkan\u0131 Erdo\u011fan\u2019\u0131 da etiketleyen Demirci, \u00d6zg\u00fcr \u00d6zel\u2019e maksat g\u00f6stermeyi ihmal etmedi.<\/p>\n<p><b>CHP L\u0130DER\u0130 NE DEM\u0130\u015eT\u0130?<\/b><\/p>\n<p>\u00d6zg\u00fcr \u00d6zel, Elaz\u0131\u011f\u2019daki a\u00e7\u0131l\u0131\u015fta \u015fu s\u00f6zlerle \u00fclkenin e\u011fitimdeki adaletsizli\u011fini g\u00f6zler \u00f6n\u00fcne sermi\u015fti:<\/p>\n<p>&#8211; Bug\u00fcn T\u00fcrkiye&#8217;de binlerce \u00f6\u011frencimiz sars\u0131nt\u0131ya dayan\u0131ks\u0131z, bak\u0131ms\u0131z, interneti, laboratuvar\u0131 bulunmayan okullarda e\u011fitim g\u00f6r\u00fcyor. Hijyen yok. \u00c7e\u015fmeden akan su i\u00e7ilemiyor. CHP\u2019li belediyeler ar\u0131tmal\u0131 su sistemleri kurmak istiyor lakin valilikler, m\u00fcd\u00fcrler m\u00fcsaade vermiyor. Ne oluyor? Zil \u00e7al\u0131nca \u00e7ocuklar d\u0131\u015far\u0131 ko\u015fuyor. Paras\u0131 olan kantinden su al\u0131yor. Gariban\u0131n \u00e7ocu\u011fu ise tuvalet \u00e7e\u015fmesine a\u011fz\u0131n\u0131 day\u0131yor. Bu e\u015fitsizli\u011fi bitirmek i\u00e7in iktidar olmak istiyoruz.<\/p>\n","protected":false},"excerpt":{"rendered":"<p>\u0130stanbul B\u00fcy\u00fck\u015fehir Belediyesi&#8217;nin CHP\u2019ye ge\u00e7mesinin akabinde kayna\u011f\u0131 kuruyan yanda\u015f m\u00fcteahhitler, h\u00fccumlar\u0131n\u0131 toplumsal medya \u00fczerinden s\u00fcrd\u00fcr\u00fcyor. Pazarl\u0131k adab\u0131yla kamu ihaleleri alan ve iktidar\u0131n besledi\u011fi isimlerden biri olan AKP\u2019li Veysel Demirci, bu kere de CHP Genel Ba\u015fkan\u0131 \u00d6zg\u00fcr \u00d6zel&#8217;in \u00e7ocuklar\u0131n pak suya eri\u015fimiyle ilgili a\u00e7\u0131klamalar\u0131n\u0131 \u00e7arp\u0131tarak maksat tahtas\u0131na oturttu.<\/p>\n","protected":false},"author":1,"featured_media":82583,"comment_status":"open","ping_status":"open","sticky":false,"template":"","format":"standard","meta":{"footnotes":""},"categories":[25],"tags":[6224],"class_list":["post-82582","post","type-post","status-publish","format-standard","has-post-thumbnail","hentry","category-gundem","tag-sozler"],"_links":{"self":[{"href":"https:\/\/ikimisli.tr\/index.php\/wp-json\/wp\/v2\/posts\/82582","targetHints":{"allow":["GET"]}}],"collection":[{"href":"https:\/\/ikimisli.tr\/index.php\/wp-json\/wp\/v2\/posts"}],"about":[{"href":"https:\/\/ikimisli.tr\/index.php\/wp-json\/wp\/v2\/types\/post"}],"author":[{"embeddable":true,"href":"https:\/\/ikimisli.tr\/index.php\/wp-json\/wp\/v2\/users\/1"}],"replies":[{"embeddable":true,"href":"https:\/\/ikimisli.tr\/index.php\/wp-json\/wp\/v2\/comments?post=82582"}],"version-history":[{"count":1,"href":"https:\/\/ikimisli.tr\/index.php\/wp-json\/wp\/v2\/posts\/82582\/revisions"}],"predecessor-version":[{"id":82584,"href":"https:\/\/ikimisli.tr\/index.php\/wp-json\/wp\/v2\/posts\/82582\/revisions\/82584"}],"wp:featuredmedia":[{"embeddable":true,"href":"https:\/\/ikimisli.tr\/index.php\/wp-json\/wp\/v2\/media\/82583"}],"wp:attachment":[{"href":"https:\/\/ikimisli.tr\/index.php\/wp-json\/wp\/v2\/media?parent=82582"}],"wp:term":[{"taxonomy":"category","embeddable":true,"href":"https:\/\/ikimisli.tr\/index.php\/wp-json\/wp\/v2\/categories?post=82582"},{"taxonomy":"post_tag","embeddable":true,"href":"https:\/\/ikimisli.tr\/index.php\/wp-json\/wp\/v2\/tags?post=82582"}],"curies":[{"name":"wp","href":"https:\/\/api.w.org\/{rel}","templated":true}]}}