{"id":83081,"date":"2025-09-28T20:55:28","date_gmt":"2025-09-28T20:55:28","guid":{"rendered":"https:\/\/ikimisli.tr\/?p=83081"},"modified":"2025-09-28T20:55:28","modified_gmt":"2025-09-28T20:55:28","slug":"borclu-belediyeden-diyanete-kiyak","status":"publish","type":"post","link":"https:\/\/ikimisli.tr\/index.php\/2025\/09\/28\/borclu-belediyeden-diyanete-kiyak\/","title":{"rendered":"Bor\u00e7lu belediyeden Diyanet\u2019e k\u0131yak"},"content":{"rendered":"<p>Dev b\u00fct\u00e7esi ile s\u0131k s\u0131k tart\u0131\u015fmalara bahis olan Diyanet \u0130\u015fleri Ba\u015fkanl\u0131\u011f\u0131, Ordu\u2019da 110 ku\u015f tipinin ya\u015fad\u0131\u011f\u0131 Melet Irma\u011f\u0131 kenar\u0131nda \u2018Dini \u0130htisas Merkezi\u2019 kuruyor. Merkezin masraf\u0131n\u0131 ise 3 milyar lira borcu olan AKP\u2019li Ordu Belediyesi \u00fcstleniyor. Ge\u00e7en hafta misyonu sona eren Ordu\u2019lu Lider Ali Erba\u015f periyodunda al\u0131nan karar uygulamaya konuldu. 748 milyon 115 bin liraya mal olacak merkezin yap\u0131m\u0131\u00a0 i\u015f\u00e7i maa\u015f\u0131n\u0131 \u00f6demekte zorlanan, mezar tahtas\u0131n\u0131 bile kredi ile alan ve 3 milyar lira da borcu olan AKP\u2019li Ordu B\u00fcy\u00fck\u015fehir Belediyesi taraf\u0131ndan kar\u015f\u0131lanacak.<\/p>\n<p><strong>FATURA VATANDA\u015eA<\/strong><\/p>\n<p>CHP Ordu Milletvekili Seyit Torun, eski Enerji Bakan\u0131 Hilmi G\u00fcler\u2019in ba\u015fkan\u0131 oldu\u011fu belediyenin, 130 milyar lira b\u00fct\u00e7esi olan Diyanet \u0130\u015fleri Ba\u015fkanl\u0131\u011f\u0131\u2019n\u0131n, \u2018Diyanet Akademisi Dini Y\u00fcksek \u0130htisas Merkezi\u2019 projesi i\u00e7in kontrat imzalad\u0131\u011f\u0131n\u0131 ve projeye para aktaraca\u011f\u0131n\u0131 s\u00f6yledi. Torun S\u00d6ZC\u00dc\u2019ye yapt\u0131\u011f\u0131 a\u00e7\u0131klamada \u201cBir teze nazaran de Ali Erba\u015f giderayak merkezin imal maliyetini Diyanet\u2019e aktarm\u0131\u015f. Mukaveleye nazaran maliyeti belediye kar\u015f\u0131layacak lakin yap\u0131ld\u0131\u011f\u0131 s\u00f6ylenen protokol ile Diyanet mi y\u00fck\u00fcml\u00fcl\u00fck ald\u0131, tam olarak a\u015fik\u00e2r de\u011fil. Sonu\u00e7ta fatura vatanda\u015fa \u00e7\u0131kacak \u201c diye konu\u015ftu.<\/p>\n<p><img decoding=\"async\" src=\"https:\/\/ikimisli.tr\/wp-content\/uploads\/2025\/09\/borclu-belediyeden-diyanete-kiyak-0-ZUy4GRe7.jpg\"\/><\/p>\n<p>Diyanet\u2019in e\u011fitim merkezi deniz kenar\u0131nda yap\u0131lacak.<\/p>\n<p><b><span>SUYU OLMAYAN \u0130L\u00c7ELER\u0130 VAR<\/span><\/b><\/p>\n<p>Ordu\u2019da suyu olmayan il\u00e7elerin oldu\u011funu hat\u0131rlatan CHP Ordu Milletvekili Seyit Torun, \u201cKokudan ya\u015fanmaz hale gelen mahalleler, asfalts\u0131z yollar var. \u0130\u015f\u00e7i maa\u015flar\u0131n\u0131 \u00f6deyemeyen, binalar\u0131n\u0131 sat\u0131\u015fa \u00e7\u0131karan belediye, halk\u0131n \u00f6ncelikli meselelerini \u00e7\u00f6zmek yerine Diyanet\u2019e b\u00fct\u00e7e aktar\u0131yor\u201d dedi.<\/p>\n","protected":false},"excerpt":{"rendered":"<p>Dev b\u00fct\u00e7esi ile s\u0131k s\u0131k tart\u0131\u015fmalara mevzu olan Diyanet \u0130\u015fleri Ba\u015fkanl\u0131\u011f\u0131, Ordu\u2019da 110 ku\u015f tipinin ya\u015fad\u0131\u011f\u0131 Melet Irma\u011f\u0131 kenar\u0131nda \u2018Dini \u0130htisas Merkezi\u2019 kuruyor. Merkezin masraf\u0131n\u0131 ise 3 milyar lira borcu olan AKP\u2019li Ordu Belediyesi \u00fcstleniyor. Ge\u00e7en &#8230;<\/p>\n","protected":false},"author":1,"featured_media":83082,"comment_status":"open","ping_status":"open","sticky":false,"template":"","format":"standard","meta":{"footnotes":""},"categories":[24],"tags":[40,401,1536,1886],"class_list":["post-83081","post","type-post","status-publish","format-standard","has-post-thumbnail","hentry","category-ekonomi","tag-belediye","tag-diyanet","tag-merkezi","tag-ordu"],"_links":{"self":[{"href":"https:\/\/ikimisli.tr\/index.php\/wp-json\/wp\/v2\/posts\/83081","targetHints":{"allow":["GET"]}}],"collection":[{"href":"https:\/\/ikimisli.tr\/index.php\/wp-json\/wp\/v2\/posts"}],"about":[{"href":"https:\/\/ikimisli.tr\/index.php\/wp-json\/wp\/v2\/types\/post"}],"author":[{"embeddable":true,"href":"https:\/\/ikimisli.tr\/index.php\/wp-json\/wp\/v2\/users\/1"}],"replies":[{"embeddable":true,"href":"https:\/\/ikimisli.tr\/index.php\/wp-json\/wp\/v2\/comments?post=83081"}],"version-history":[{"count":1,"href":"https:\/\/ikimisli.tr\/index.php\/wp-json\/wp\/v2\/posts\/83081\/revisions"}],"predecessor-version":[{"id":83084,"href":"https:\/\/ikimisli.tr\/index.php\/wp-json\/wp\/v2\/posts\/83081\/revisions\/83084"}],"wp:featuredmedia":[{"embeddable":true,"href":"https:\/\/ikimisli.tr\/index.php\/wp-json\/wp\/v2\/media\/83082"}],"wp:attachment":[{"href":"https:\/\/ikimisli.tr\/index.php\/wp-json\/wp\/v2\/media?parent=83081"}],"wp:term":[{"taxonomy":"category","embeddable":true,"href":"https:\/\/ikimisli.tr\/index.php\/wp-json\/wp\/v2\/categories?post=83081"},{"taxonomy":"post_tag","embeddable":true,"href":"https:\/\/ikimisli.tr\/index.php\/wp-json\/wp\/v2\/tags?post=83081"}],"curies":[{"name":"wp","href":"https:\/\/api.w.org\/{rel}","templated":true}]}}