{"id":83103,"date":"2025-09-28T22:07:28","date_gmt":"2025-09-28T22:07:28","guid":{"rendered":"https:\/\/ikimisli.tr\/?p=83103"},"modified":"2025-09-28T22:07:28","modified_gmt":"2025-09-28T22:07:28","slug":"biz-uretmezsek-turkiye-ac-kalir","status":"publish","type":"post","link":"https:\/\/ikimisli.tr\/index.php\/2025\/09\/28\/biz-uretmezsek-turkiye-ac-kalir\/","title":{"rendered":"Biz \u00fcretmezsek T\u00fcrkiye a\u00e7 kal\u0131r!"},"content":{"rendered":"<p><em><strong>Necati DO\u011eRU<\/strong><\/em><\/p>\n<p><strong>Otoyolda<\/strong> uzunluktan boya uzanan Marmara Denizi\u2019ni ge\u00e7tik. Gebze\u2019den ba\u015flay\u0131p \u0130zmit K\u00f6rfezi\u2019nde Kirazl\u0131yal\u0131\u2019ya d\u00f6n\u00fcnce fabrikalar, fabrikalar, fabrikalar birbiri s\u0131ra ba\u015flad\u0131.<\/p>\n<p><strong>\u00dcretimin kalbindeydik<\/strong>.<\/p>\n<p>\u2605\u2605\u2605<\/p>\n<p>Anadolu Otoyolu\u2019nun bu noktas\u0131nda trafikte TIR\u2019lar, tankerler, kamyonlar \u00e7o\u011funluktayd\u0131; hammadde ta\u015f\u0131yor, burada fabrikalarda emek\u00e7i eme\u011fi-al\u0131n teri ile hayat bulmu\u015f sanayi eserlerini y\u00fckleyip T\u00fcrkiye\u2019nin her noktas\u0131na, bir k\u0131sm\u0131n\u0131 de yurt d\u0131\u015f\u0131na ihracata g\u00f6t\u00fcr\u00fcyorlard\u0131.<\/p>\n<p><img decoding=\"async\" src=\"https:\/\/ikimisli.tr\/wp-content\/uploads\/2025\/09\/biz-uretmezsek-turkiye-ac-kalir-0-Q3d9fiF3.jpg\"\/><\/p>\n<p>\u2605\u2605\u2605<\/p>\n<p>Trafik ans\u0131z\u0131n durdu.<\/p>\n<p>Bir TIR\u2019\u0131n \u00fczerine bindirilmi\u015f vin\u00e7, alt ge\u00e7idi t\u0131kam\u0131\u015ft\u0131. TIR\u2019\u0131n s\u00fcr\u00fcc\u00fcs\u00fc, ta\u015f\u0131d\u0131\u011f\u0131 y\u00fck\u00fcn uzunlu\u011fu ile alt ge\u00e7idin y\u00fcksekli\u011fini hesaplayamam\u0131\u015f, girmi\u015f \u00e7\u0131kam\u0131yordu.<\/p>\n<p>\u0130leri gidemiyor.<\/p>\n<p>Geri de gelemiyordu.<\/p>\n<p>\u2605\u2605\u2605<\/p>\n<p>Onlar\u0131 g\u00f6rmek, konu\u015fmak, dinlemek istedi\u011fim emek\u00e7iler, \u201c<strong>alt ge\u00e7itte s\u0131k\u0131\u015fm\u0131\u015f ne ileri giden ne geri \u00e7\u0131kabilen TIR \u00fcst\u00fcndeki vin\u00e7 durumuna\u201d<\/strong> d\u00fc\u015f\u00fcr\u00fclm\u00fc\u015flerdi.<\/p>\n<p><strong>Grev 86\u2019nc\u0131 g\u00fcn\u00fcndeydi.<\/strong><\/p>\n<p>\u2605\u2605\u2605<\/p>\n<p>\u00dcretim durmu\u015f, fabrika \u00e7al\u0131\u015fm\u0131yor, baca t\u00fctm\u00fcyor,<strong> \u201ci\u015f\u00e7ilerin fiyatlar\u0131n\u0131 art\u0131rmak i\u00e7in ba\u015fvurduklar\u0131 anayasal haklar\u0131 grevin etkisi\u201d <\/strong>g\u00f6zden, g\u00f6n\u00fclden, takviyeden uzak tutulmak, g\u00fcya unutturulmak isteniyordu.<\/p>\n<p>\u2605\u2605\u2605<\/p>\n<p>Petrol \u0130\u015f Sendikas\u0131 Kocaeli \u015eube Ba\u015fkan\u0131 Nesimi Yeti\u015fo\u011flu ile s\u00f6zle\u015fmi\u015f, fabrika avlusunda, grev \u00e7ad\u0131r\u0131 \u00f6n\u00fcnde emek\u00e7ilerle konu\u015fmay\u0131 kararla\u015ft\u0131rm\u0131\u015ft\u0131k.<\/p>\n<p>G\u00fcn geldi.<\/p>\n<p>Bulu\u015ftuk.<\/p>\n<p><img decoding=\"async\" src=\"https:\/\/ikimisli.tr\/wp-content\/uploads\/2025\/09\/biz-uretmezsek-turkiye-ac-kalir-1-K7y3kegZ.jpg\"\/><\/p>\n<p>Nesimi Yeti\u015fo\u011flu, Necati Do\u011fru\u2019ya anlatt\u0131.<\/p>\n<p>\u2605\u2605\u2605<\/p>\n<p>Hi\u00e7bir y\u00fcksekli\u011fe s\u0131\u011fd\u0131r\u0131lamayacak, unutulmayacak, unutturulamayacak, vazge\u00e7ilmeyecek bir ger\u00e7e\u011fi grev \u00e7ad\u0131r\u0131n\u0131n \u00f6n\u00fcne bir beyaz bez \u00fczerine b\u00fcy\u00fck harflerle yaz\u0131p asm\u0131\u015flard\u0131.<\/p>\n<p><strong>\u201cG\u00dcBRETA\u015e VATANDIR\u201d<\/strong><\/p>\n<p>\u2605\u2605\u2605<\/p>\n<p>G\u00dcBRETA\u015e, topra\u011f\u0131n kan\u0131 ve can\u0131 olan g\u00fcbreyi \u00fcretmek i\u00e7in T\u00fcrkiye\u2019de birinci kurulan fabrikayd\u0131. T\u00fcrkiye\u2019de tarlalar\u0131n, bah\u00e7elerin, bostanlar\u0131n, seralar\u0131n tar\u0131mda ileri ad\u0131m atmas\u0131n\u0131n birinci kap\u0131s\u0131 bu fabrikayd\u0131. 1950\u2019l\u0131 y\u0131llarda bu\u011fday, arpa, nohut, mercimek, \u015feker pancar\u0131, pamuk, meyve \u00fcretimini yaln\u0131zca \u201chayvan g\u00fcbresi ile art\u0131rmak\u201d art\u0131k T\u00fcrkiye\u2019yi ta\u015f\u0131yam\u0131yordu.<\/p>\n<p>G\u00dcBRETA\u015e kurulmal\u0131yd\u0131.<\/p>\n<p><strong>1952\u2019de kuruldu.<\/strong><\/p>\n<p><strong>1954\u2019te \u00fcretim ba\u015flad\u0131.<\/strong><\/p>\n<p><strong>G\u00dcBRETA\u015e VATAN oldu.<\/strong><\/p>\n<p><strong>Tar\u0131mda rand\u0131man artt\u0131.<\/strong><\/p>\n<p><strong>T\u00fcrkiye a\u00e7 kalmad\u0131.<\/strong><\/p>\n<p>\u2605\u2605\u2605<\/p>\n<p>G\u00fcbre Fabrikalar\u0131 T\u00fcrk Anonim \u015eirketi (G\u00dcBRETA\u015e) kurulu\u015funa devlet \u00f6nc\u00fcl\u00fck etti. T\u00fcrkiye Ziraat Bankas\u0131, T\u00fcrkiye \u015eeker Fabrikalar\u0131, T\u00fcrkiye Zirai Donat\u0131m Kurumu, S\u00fcmerbank kurucu oldular. <strong>O y\u0131llarda tar\u0131m, \u00fclke n\u00fcfusunun y\u00fczde 80\u2019inin ge\u00e7im kayna\u011f\u0131yd\u0131.<\/strong> Ankara Ziraat Fak\u00fcltesi\u2019nin hocalar\u0131 da \u201cg\u00fcbre olmadan \u00fcretim artmaz\u201c g\u00f6r\u00fc\u015f\u00fcn\u00fc lisana getirdiler. <strong>G\u00dcBRETA\u015e, T\u00fcrkiye\u2019nin g\u00fcbre a\u00e7\u0131\u011f\u0131n\u0131 kapatmak, zira\u00ee rand\u0131man\u0131 art\u0131rmak i\u00e7in birinci yol g\u00f6sterici oldu. <\/strong>\u0130lk \u00fcretim y\u0131llar\u0131nda k\u00f6yl\u00fcler; \u201cbu beyaz ta\u015f tozunu tarlaya at\u0131nca bu\u011fdaya-arpaya-pancara ne yarar\u0131 olacak\u201d diye ku\u015fkuyla kar\u015f\u0131lad\u0131lar. G\u00dcBRETA\u015e\u2019\u0131n m\u00fchendisleri \u015fahsen k\u00f6ylere da\u011f\u0131larak \u201cg\u00fcbrenin tarlada yaratt\u0131\u011f\u0131 rand\u0131man art\u0131\u015f\u0131n\u0131\u201d uygulamayla g\u00f6sterdiler.<\/p>\n<p><strong>Topra\u011fa g\u00fc\u00e7 geldi.<\/strong><\/p>\n<p><strong>Bereket k\u0131p\u0131rdad\u0131.<\/strong><\/p>\n<p><strong>Vatan, vatan oldu!<\/strong><\/p>\n<p><img decoding=\"async\" src=\"https:\/\/ikimisli.tr\/wp-content\/uploads\/2025\/09\/biz-uretmezsek-turkiye-ac-kalir-2-u5H1uOEm.jpg\"\/><\/p>\n<p>Necati Ger\u00e7ek personel annesi Aysel Serilmi\u015f\u2019i dinledi.<\/p>\n<p>\u2605\u2605\u2605<\/p>\n<p>Bu y\u00fczden 63 y\u0131l sonra bug\u00fcn personeller grev \u00e7ad\u0131r\u0131n\u0131n \u00f6n\u00fcne \u201cG\u00dcBRETA\u015e VATANDIR\u201d yazmakta hakl\u0131yd\u0131lar. Bence \u00e7al\u0131\u015fanlar\u0131n al\u0131m g\u00fcc\u00fcn\u00fc bu y\u0131k\u0131c\u0131 enflasyon kar\u015f\u0131nda korumak i\u00e7in <strong>\u201cgrev hakk\u0131n\u0131 kullanmalar\u0131\u201d annelerinin ak s\u00fct\u00fc \u00fczere helaldi. Onlar\u0131 dinlemeye geldim.<\/strong><\/p>\n<p>\u2605\u2605\u2605<\/p>\n<p><strong>\u201cBizi a\u00e7l\u0131kla esir almaya \u00e7al\u0131\u015f\u0131yorlar. Personeller g\u00fclecek. Bacalar t\u00fctecek. Muahedeye haz\u0131r\u0131z. A\u00e7l\u0131kla terbiye edilmeyece\u011fimiz bir art\u0131\u015f bekliyoruz\u201d <\/strong>diye kar\u015f\u0131lad\u0131lar.<\/p>\n<p>\u2605\u2605\u2605<\/p>\n<p>\u0130\u015f\u00e7i Serdar Din\u00e7er, meslek y\u00fcksekokulu mezunu fabrikada formen olarak \u00e7al\u0131\u015f\u0131yor ve i\u015f yeri temsilcisi misyonunu de y\u00fcr\u00fct\u00fcyor. <strong>\u201cAyda elime net 30-35 bin lira ge\u00e7iyor. Konutum kirada. Kocaeli T\u00fcrkiye\u2019de kiralar\u0131n en y\u00fcksek oldu\u011fu vilayetlerden biri. \u00dc\u00e7 \u00e7ocu\u011fum var. Bu fiyatla ge\u00e7inemiyoruz. Personel ald\u0131\u011f\u0131yla ge\u00e7inemezse \u00fcretim \u00f6ks\u00fcz kal\u0131r, i\u015fte biz greve \u00e7\u0131kt\u0131k ve \u00fcretim \u00f6ks\u00fcz kald\u0131\u201d <\/strong>diyor.<\/p>\n<p>\u2605\u2605\u2605<\/p>\n<p>\u0130\u015f\u00e7i Faruk Reis de 17 y\u0131ld\u0131r \u00e7al\u0131\u015f\u0131yor. <strong>\u201c17 y\u0131l\u0131n sonunda elime ayda net 35-40 bin lira lakin ge\u00e7iyor. \u0130ki \u00e7ocu\u011fumuz var, biri bebek, ba\u015fkas\u0131 okulda. Konut kira. \u00dc\u00e7 ayd\u0131r kiray\u0131 \u00f6deyemedim, bizi a\u00e7l\u0131\u011fa iterek grevi k\u0131rmak istiyorlar\u201d <\/strong>dedi.<\/p>\n<p>\u2605\u2605\u2605<\/p>\n<p>\u0130\u015f\u00e7i Necmettin \u00d6zg\u00fcl, 23 y\u0131ld\u0131r BA\u011eFA\u015e\u2019ta \u00e7al\u0131\u015f\u0131yor. <strong>\u201cAyda elime 40 bin lira ge\u00e7iyor\u201d diyor. <\/strong><\/p>\n<p><strong>Ev kendimin.<\/strong><\/p>\n<p><strong>Yine de yetmiyor.<\/strong><\/p>\n<p>\u2605\u2605\u2605<\/p>\n<p>\u0130\u015f\u00e7i S\u00fcleyman Soya\u015f da \u00fcniversitede \u00e7al\u0131\u015fma iktisad\u0131 okumu\u015f, mezun olmu\u015f. Emek\u00e7i olarak \u00e7al\u0131\u015f\u0131yor. <strong>\u201cG\u00dcBRETA\u015e\u2019\u0131n g\u00fcbresi \u00e7ift\u00e7inin tarlas\u0131yla birle\u015fmezse rand\u0131man \u00e7ok d\u00fc\u015fer. Ekmek 100 lira olur. \u0130thal etmek tahlil de\u011fil. Bu fiyat seviyesi ile emek\u00e7inin ailesiyle huzurlu bir hayat s\u00fcrd\u00fcrmesi m\u00fcmk\u00fcn olmuyor<\/strong>\u201d diye konu\u015fuyor.<\/p>\n<p>Di\u011fer personeller.<\/p>\n<p>Onu onayl\u0131yorlar.<\/p>\n<p>\u2605\u2605\u2605<\/p>\n<p>\u00dcniversite mezun personel deyince G\u00dcBRETA\u015e\u2019\u0131n 239 \u00e7al\u0131\u015fan\u0131n\u0131n e\u011fitim seviyesinin \u00e7ok y\u00fcksek oldu\u011funu anlatt\u0131lar. \u0130\u015f\u00e7ilerin yar\u0131s\u0131ndan fazlas\u0131 meslek okulu ve y\u00fcksek meslek okulu mezunlar\u0131ndan olu\u015fuyor. Son y\u0131llarda emek\u00e7i al\u0131mlar\u0131nda kimya k\u0131sm\u0131 mezunlar\u0131 \u00f6ne ge\u00e7mi\u015f. <strong>B\u00f6ylesine e\u011fitimli emek\u00e7iyi bir ortaya getirmek i\u00e7in y\u0131llara gereksinim var.<\/strong> Bu y\u00fcksek verimli, nitelikli olmu\u015f personeli ile BA\u011eFA\u015e, pandemi y\u0131l\u0131nda 850.000 ton olan \u00fcretim kapasitesini 875.000 tona \u00e7\u0131kard\u0131. Bunu ba\u015farabildi. Bu t\u00fcrl\u00fc bir fabrikan\u0131n emek\u00e7isi art\u0131k, fiyat gelirini y\u00fcksek enflasyondan korumak i\u00e7in \u201cgreve \u00e7\u0131kmak\u201d zorunda kald\u0131 ve d\u0131\u015far\u0131dan g\u00fcbre ithal eden T\u00fcrkiye\u2019de bu grev unutturulmaya yat\u0131r\u0131ld\u0131.<\/p>\n<p>\u2605\u2605\u2605<\/p>\n<p><strong>\u201cBenim dedem\u201d dedi.<\/strong><\/p>\n<p><strong>Bu fabrikada \u00e7al\u0131\u015ft\u0131.<\/strong><\/p>\n<p><strong>Babam da emek\u00e7iydi.<\/strong><\/p>\n<p><strong>\u0130\u015fte ben de bu BA\u011eFA\u015e\u2019ta \u00e7al\u0131\u015f\u0131yorum. Benim durumumda olan \u00e7ok arkada\u015f var. <\/strong><\/p>\n<p>\u2605\u2605\u2605<\/p>\n<p>Ad\u0131n ne?<\/p>\n<p>Yazay\u0131m dedim.<\/p>\n<p>Ad\u0131n\u0131 vermek istemedi. Birden fazla ismini vererek konu\u015fmaktan \u00e7ekiniyor ama duru\u015flar\u0131nda, bak\u0131\u015flar\u0131nda, y\u00fczlerinde; <strong>\u201chakk\u0131n\u0131 almak i\u00e7in greve \u00e7\u0131kmayan i\u015f\u00e7i, emek\u00e7i de\u011fildir\u201d <\/strong>ifadesi var. Dayan\u0131yorlar. Haklar\u0131n\u0131 istiyorlar.<\/p>\n<p>\u2605\u2605\u2605<\/p>\n<p>Sendikalar\u0131 onlara ayda <strong>\u201c7.500 lira grev yard\u0131m\u0131<\/strong>\u201d yap\u0131yor. Bildik, tand\u0131k, h\u0131s\u0131m, akrabadan bor\u00e7lanarak ailelerini ayakta tutmaya \u00e7al\u0131\u015f\u0131yorlar. Petrol \u0130\u015f Sendikas\u0131 Kocaeli \u015eube Ba\u015fkan\u0131 Nesimi Yeti\u015fo\u011flu, \u201cToplu i\u015f mukavelesi g\u00f6r\u00fc\u015fmelerinde masa tekni\u011fini bilen bir sendikac\u0131y\u0131m. 15 y\u0131ld\u0131r yap\u0131yorum. Gelin bu grevi bitirelim diye teklifler g\u00f6t\u00fcr\u00fcyoruz. Gelmiyorlar. Kocaeli b\u00f6lgesindeki t\u00fcm fabrikalarda \u00e7al\u0131\u015fan personeller son devir muahedeleri ile fiyatlar\u0131n\u0131 y\u00fckselttiler. G\u00dcBRETA\u015e personelinin y\u00fczde 60-65 \u00fcst\u00fcne \u00e7\u0131kt\u0131lar. G\u00dcBRETA\u015e emek\u00e7isini de onlar\u0131n seviyesine ta\u015f\u0131yal\u0131m diyoruz, gelmiyorlar. <strong>En son g\u00f6r\u00fc\u015fmemizde y\u00fczde 33 art\u0131\u015f verdiler. Bu art\u0131\u015fla emek\u00e7iyi a\u00e7\u0131l\u0131kla terbiye etmeye \u00e7al\u0131\u015f\u0131yorlar. G\u00fcya bu fabrikay\u0131 g\u00f6zden \u00e7\u0131kard\u0131lar, kapatmak istiyorlar.<\/strong> G\u00dcBRETA\u015e, Tar\u0131m Kredi Holding\u2019in b\u00fcnyesinde bir fabrika. Tar\u0131m Kredi Holding zorda diyorlar. Emek\u00e7i de zorda. Gelin anla\u015fal\u0131m, uzamas\u0131n grev diyoruz. T\u00fcrkiye\u2019de kimyasal g\u00fcbre \u00fcretiminde \u00f6nder fabrikay\u0131z, bu devlet fabrikas\u0131n\u0131n pazar\u0131n\u0131 g\u00fcya ba\u015fka \u00f6zel kesim kimya fabrikalar\u0131 olan Eti G\u00fcbre (Cengiz Holding), TOROS G\u00fcbre (TEKFEN-Can Holding), BA\u011eFA\u015e, IGSA\u015e, Gemlik G\u00fcbre\u2019ye terk etmek istiyorlar. Bu t\u00fcrl\u00fc bir sakl\u0131 niyet mi var, \u015f\u00fcpheleniyoruz. G\u00dcBRETA\u015e\u2019\u0131n T\u00fcrkiye pazar hissesi 3 y\u0131l evvel y\u00fczde 40\u2019t\u0131, y\u00fczde 9.5\u2019e indi. <strong>G\u00dcBRETA\u015e pazar hissesini daralt\u0131nca \u00f6b\u00fcr \u00f6zel b\u00f6l\u00fcm g\u00fcbre fabrikalar\u0131na art\u0131r\u0131m yapabilme yolu da a\u00e7\u0131ld\u0131<\/strong>\u201d diyor.<\/p>\n<p>\u2605\u2605\u2605<\/p>\n<p>70 ya\u015f\u0131n\u0131 ge\u00e7mi\u015f bir han\u0131m da vard\u0131 emek\u00e7ilerin ortas\u0131nda. Ma\u011frur, hakim, gururlu oturmu\u015f konu\u015fmalar\u0131 p\u00fcr dikkat dinliyordu.<\/p>\n<p>Siz de mi emek\u00e7isiniz?<\/p>\n<p><strong>Hay\u0131r anneyim<\/strong>.<\/p>\n<p>G\u00dcBRETA\u015e\u2019\u0131n greve \u00e7\u0131km\u0131\u015f emek\u00e7ilerinden G\u00f6khan Serilmi\u015f\u2019in annesi Aysel Serilmi\u015f o\u011fluna ve arkada\u015flar\u0131na takviye i\u00e7in gelmi\u015fti.<\/p>\n<p>\u015eunlar\u0131 anlatt\u0131:<\/p>\n<p><strong>\u201cNerdeyse 3 ay dolacak grev devam ediyor. Bu emek\u00e7i \u00e7ocuklar badire i\u00e7indeler, ge\u00e7im \u00e7ok s\u0131k\u0131nt\u0131. Ben e\u015fimden kalan 13 bin lira emekli ayl\u0131\u011f\u0131n\u0131 da veriyorum. O\u011flumun e\u015fi gelinim de hastanede \u00e7al\u0131\u015f\u0131yor. Yeniden de d\u00f6nm\u00fcyor meskenin b\u00fct\u00e7esi bu gelirle. Bu grev bitsin, bu emek\u00e7ilerin hakk\u0131 \u00f6densin istiyorum.\u201d<\/strong><\/p>\n<p>\u2605\u2605\u2605<\/p>\n<p>BA\u011eFA\u015e, 1976 y\u0131l\u0131nda birinci kompoze g\u00fcbre k\u0131sm\u0131n\u0131 de a\u00e7t\u0131. 1988\u2019de ve 2015\u2019te fabrika yeni k\u0131s\u0131mlarla geni\u015fledi. Avrupa\u2019n\u0131n en b\u00fcy\u00fck fabrikas\u0131 oldu. 3 vardiya 24 saat \u00fcretim yap\u0131yor. Burada \u00fcretilen g\u00fcbre d\u00f6kme olarak gemilere y\u00fcklenip \u0130skenderun, <strong>\u0130zmir, Tekirda\u011f, Samsun limanlar\u0131na g\u00f6nderilip orada paketlenerek \u00e7ift\u00e7inin tarlas\u0131na, bostan\u0131na, bah\u00e7esine, seras\u0131na ula\u015f\u0131yor. BA\u011eFA\u015e, yeti\u015fmi\u015f d\u00fczg\u00fcn e\u011fitimli personelinin emek katk\u0131s\u0131 ile kar ediyor.<\/strong> T\u00fcrkiye her y\u0131l yurt d\u0131\u015f\u0131ndan 1.3 milyar dolar g\u00fcbre ithal ediyor.<\/p>\n<p>\u2605\u2605\u2605<\/p>\n<p>\u0130\u015f\u00e7ilerin birbirine anlatt\u0131klar\u0131 \u015f\u00f6yle bir bilgi daha var: <strong>BA\u011eFA\u015e\u2019ta emek\u00e7i ile anla\u015f\u0131l\u0131p da greve gidilmesiydi, piyasa k\u0131ymeti 6 milyar TL olan 180.000 ton g\u00fcbre \u00fcretilebilirdi. Emek\u00e7inin istedi\u011fi toplam art\u0131r\u0131m\u0131n, 2 y\u0131ll\u0131k maa\u015f \u00f6demesi 600 milyon TL olacakt\u0131. BA\u011eFA\u015e, yaln\u0131zca 3 ayda 2 y\u0131l boyunca emek\u00e7iye vermekten ka\u00e7t\u0131\u011f\u0131 \u00f6demenin 10 kat\u0131 ziyan etti.<\/strong> Neden?<\/p>\n","protected":false},"excerpt":{"rendered":"<p>M\u00fcellifimiz Necati Hakikat, siyasetin g\u00f6lgesinde kal\u0131p unutulan G\u00dcBRETA\u015e grevine gitti, konu\u015ftu, yazd\u0131&#8230;<\/p>\n","protected":false},"author":1,"featured_media":83104,"comment_status":"open","ping_status":"open","sticky":false,"template":"","format":"standard","meta":{"footnotes":""},"categories":[25],"tags":[1654,2293,1342,9327,857],"class_list":["post-83103","post","type-post","status-publish","format-standard","has-post-thumbnail","hentry","category-gundem","tag-fabrika","tag-grev","tag-gubre","tag-gubretas","tag-isci"],"_links":{"self":[{"href":"https:\/\/ikimisli.tr\/index.php\/wp-json\/wp\/v2\/posts\/83103","targetHints":{"allow":["GET"]}}],"collection":[{"href":"https:\/\/ikimisli.tr\/index.php\/wp-json\/wp\/v2\/posts"}],"about":[{"href":"https:\/\/ikimisli.tr\/index.php\/wp-json\/wp\/v2\/types\/post"}],"author":[{"embeddable":true,"href":"https:\/\/ikimisli.tr\/index.php\/wp-json\/wp\/v2\/users\/1"}],"replies":[{"embeddable":true,"href":"https:\/\/ikimisli.tr\/index.php\/wp-json\/wp\/v2\/comments?post=83103"}],"version-history":[{"count":1,"href":"https:\/\/ikimisli.tr\/index.php\/wp-json\/wp\/v2\/posts\/83103\/revisions"}],"predecessor-version":[{"id":83108,"href":"https:\/\/ikimisli.tr\/index.php\/wp-json\/wp\/v2\/posts\/83103\/revisions\/83108"}],"wp:featuredmedia":[{"embeddable":true,"href":"https:\/\/ikimisli.tr\/index.php\/wp-json\/wp\/v2\/media\/83104"}],"wp:attachment":[{"href":"https:\/\/ikimisli.tr\/index.php\/wp-json\/wp\/v2\/media?parent=83103"}],"wp:term":[{"taxonomy":"category","embeddable":true,"href":"https:\/\/ikimisli.tr\/index.php\/wp-json\/wp\/v2\/categories?post=83103"},{"taxonomy":"post_tag","embeddable":true,"href":"https:\/\/ikimisli.tr\/index.php\/wp-json\/wp\/v2\/tags?post=83103"}],"curies":[{"name":"wp","href":"https:\/\/api.w.org\/{rel}","templated":true}]}}