{"id":83331,"date":"2025-09-29T11:31:28","date_gmt":"2025-09-29T11:31:28","guid":{"rendered":"https:\/\/ikimisli.tr\/?p=83331"},"modified":"2025-09-29T11:31:28","modified_gmt":"2025-09-29T11:31:28","slug":"4-deprem-uzmani-tek-tek-acikladi-bundan-sonra-kutahyada-ne-olacak","status":"publish","type":"post","link":"https:\/\/ikimisli.tr\/index.php\/2025\/09\/29\/4-deprem-uzmani-tek-tek-acikladi-bundan-sonra-kutahyada-ne-olacak\/","title":{"rendered":"4 deprem uzman\u0131 tek tek a\u00e7\u0131klad\u0131! Bundan sonra K\u00fctahya&#8217;da ne olacak?"},"content":{"rendered":"<p>K\u00fctahya&#8217;n\u0131n Simav il\u00e7esi Yemi\u015fli mevkiinde saat 12.59&#8217;da 5.4 b\u00fcy\u00fckl\u00fc\u011f\u00fcnde zelzele meydana geldi.\u00a0<\/p>\n<p>Depremin akabinde uzmanlar zelzelenin m\u00fcmk\u00fcn tesirlerini k\u0131ymetlendirdi.\u00a0<\/p>\n<p>Prof. Dr. \u015eener \u00dc\u015f\u00fcmezsoy, G\u00fclinay Sel\u00e7uk ile Haber B\u00fclteni&#8217;ne ba\u011flanarak 4 g\u00fcn evvel gazeteci Hasret G\u00fcrses&#8217;in Para Siyaset program\u0131ndaki tabirlerine dikkat \u00e7ekti.<\/p>\n<p><b>&#8220;6.7-6.8 ZELZELE OLUR, 2 BA\u015eKA FAY KIRILIR&#8221;<\/b><\/p>\n<p><strong>\u00dc\u015f\u00fcmezsoy g\u00fcnler evvelki programda \u015funlar\u0131 kaydetmi\u015fti:<\/strong><\/p>\n<p>&#8220;Simav&#8217;a geldi\u011fim vakit Simav&#8217;da herkes ben potansiyel olarak fay\u0131n uzunlu\u011fu 40 kilometre 6.7, 6.8 zelzele olur diyorum ancak oradaki fay\u0131n 2 tane bombesi var. O iki ba\u015fka bombeden \u00f6t\u00fcr\u00fc iki farkl\u0131 fay \u00fczere k\u0131r\u0131l\u0131r. Birebir \u0130stanbul&#8217;daki 7 b\u00fcy\u00fckl\u00fc\u011f\u00fcnde sars\u0131nt\u0131 olacak Silivri ile Ye\u015filk\u00f6y ortas\u0131nda dedikleri \u00fczere.&#8221;<\/p>\n<p><b>&#8220;ART\u00c7I ZELZELELER EN AZ B\u0130RKA\u00c7 AY S\u00dcRECEKT\u0130R&#8221;<\/b><\/p>\n<p>Jeofizik Y\u00fcksek M\u00fchendisi Prof. Dr. \u00d6vg\u00fcn Ahmet Ercan ise X \u00fczerinden yapt\u0131\u011f\u0131 de\u011ferlendirmede <strong>\u015funlar\u0131 yazd\u0131:<\/strong><\/p>\n<p>Bug\u00fcn 12:59\u2019da yemi\u015fli Simav\u2019da M5,4 b\u00fcy\u00fckl\u00fc\u011f\u00fcnde k\u00fc\u00e7\u00fck orta bir sars\u0131nt\u0131 ger\u00e7ekle\u015fmi\u015ftir. Bu sars\u0131nt\u0131 \u00f6ncesinde 4,4 4,6, 3,9 luk ayr\u0131yeten onlarca evvel zelzele ger\u00e7ekle\u015fmi\u015ftir. Bu Simav S\u0131nd\u0131rg\u0131 k\u0131r\u0131\u011f\u0131n\u0131 uzunluktan boya gerildi\u011fini g\u00f6stermektedir. Ne var ki zelzele ana k\u0131r\u0131k \u00fczerinde de\u011fil bunun kuzeyindeki ikincil k\u0131r\u0131k \u00fczerinde geli\u015fmi\u015ftir .<\/p>\n<p>S\u0131nd\u0131rg\u0131\u2018da 10 A\u011fustos\u2018ta olan M6,1\u2019lik zelzelenin art\u00e7\u0131lar\u0131 en b\u00fcy\u00fc\u011f\u00fc M5,0, M5,1 olarak, y\u00fczlerce art\u00e7\u0131 zelzelede s\u00fcrmektedir.<\/p>\n<p>Simav\u2018da 2011 y\u0131l\u0131nda M5,9 b\u00fcy\u00fckl\u00fc\u011f\u00fcnde bir zelzele olmu\u015f, aylarca s\u00fcrm\u00fc\u015ft\u00fcr. Simav\u2019da sars\u0131nt\u0131lar\u0131n y\u0131k\u0131m e\u015fik bedeli M6,3\u2019d\u00fcr. Her ne kadar 5,4 l\u00fck sars\u0131nt\u0131 ana zelzele \u00fczere g\u00f6r\u00fcn\u00fcyor. \u0130kinci el k\u0131r\u0131k \u00fczerinde olmas\u0131 nedeniyle sars\u0131nt\u0131n\u0131n daha da b\u00fcy\u00fcmesi beni \u015fa\u015f\u0131rt\u0131r.<\/p>\n<p>Her ne kadar bu karar\u0131 vilayet valisi alsa da bir JEOF\u0130Z\u0130K y\u00fcksek m\u00fchendisi, sars\u0131nt\u0131 bilimci olarak, can g\u00fcvenli\u011fini sa\u011flamak i\u00e7in konutuna g\u00fcvenmeyenler, g\u00fcvendikleri meskenlerde oturan kom\u015fular\u0131n da ya da \u00e7ad\u0131r ya da ara\u00e7lar\u0131nda birka\u00e7 g\u00fcn kalarak beklemelerini \u00f6neririm.<\/p>\n<p>Art\u00e7\u0131 sars\u0131nt\u0131lar en az birka\u00e7 ay s\u00fcrecektir. Bu b\u00fcy\u00fckl\u00fckteki bir zelzele k\u00f6y meskenlerinde, hayvan damlar\u0131nda y\u0131k\u0131m yapm\u0131\u015f olabilir.<\/p>\n<p>Bu zelzelelerin S\u0131nd\u0131rg\u0131 k\u0131r\u0131\u011f\u0131 boyunca olmas\u0131 \u00e7ok ola\u011fand\u0131r.<\/p>\n<p><b>&#8220;\u0130STANBUL&#8217;U ETK\u0130LEMES\u0130 KELAM KONUSU DE\u011e\u0130LD\u0130R&#8221;<\/b><\/p>\n<p>Bu b\u00f6lgede \u00e7\u0131kan Il\u0131calar kapl\u0131calar\u0131 jeotermal g\u00fcc\u00fcn \u0131s\u0131t\u0131c\u0131s\u0131 ve ana kayna\u011f\u0131 da bu cins sars\u0131nt\u0131lard\u0131r. M\u00fcnasebetiyle Simav\u2018da ne S\u0131nd\u0131rg\u0131\u2018da ne Gediz\u2018de ne Bigadi\u00e7\u2018te bu zelzele olu\u015fumlar\u0131 gelecekte de durmayacakt\u0131r.<\/p>\n<p>B\u00f6lgede \u00fcretebilece\u011fi en b\u00fcy\u00fck zelzele 7,2 dolay\u0131nda olup bu zelzelelerin k\u00f6keni Ege b\u00f6lgesi avkulanmas\u0131 ile alakal\u0131 olup kuzey Anadolu k\u0131r\u0131\u011f\u0131yla hi\u00e7bir ilgisi yoktur. \u0130kinci el k\u0131r\u0131k \u00fczerinde olmas\u0131 nedeniyle bu t\u00fcrl\u00fc b\u00fcy\u00fck bir sars\u0131nt\u0131n\u0131n olmas\u0131 \u015fa\u015f\u0131rtan olur.<\/p>\n<p>\u0130stanbul\u2019da ya da \u00f6teki bir yerleri etkilemesi de kelam konusu de\u011fildir.<\/p>\n<p><b>&#8220;B\u00d6LGE KUZEY G\u00dcNEY GER\u0130LME ALTINDA&#8221;<\/b><\/p>\n<p>Yer Bilimci Prof. Dr. Naci G\u00f6r\u00fcr ise sars\u0131nt\u0131n\u0131n akabinde X \u00fczerinden yapt\u0131\u011f\u0131 de\u011ferlendirmede, &#8220;Simav Grabeninde oldu\u011fu belirtiliyor&#8221; s\u00f6zlerini kullan\u0131rken, &#8220;Art\u00e7\u0131 sars\u0131nt\u0131lar devam ediyor. B\u00f6lge K-G gerilme alt\u0131nda. Anadolu Levhas\u0131n\u0131n bat\u0131ya yanl\u0131\u015fs\u0131z ka\u00e7\u0131\u015f\u0131na ba\u011fl\u0131. Ola\u011fan at\u0131ml\u0131 bir fay. Zelzelenin hangi yarar oldu\u011fu, istikametleri belirtilmelidir. Ge\u00e7mi\u015f olsun&#8221; dedi.<\/p>\n<p><img decoding=\"async\" src=\"https:\/\/ikimisli.tr\/wp-content\/uploads\/2025\/09\/4-deprem-uzmani-tek-tek-acikladi-bundan-sonra-kutahyada-ne-olacak-0-9TZ2cOMt.jpeg\"\/><\/p>\n<p>KT\u00dc Jeoloji M\u00fchendisli\u011fi K\u0131sm\u0131 Emekli Prof. Dr. Osman Bekta\u015f ise, &#8220;<span>Na<\/span><span>\u015fa Fay zonu i<\/span><span>\u00e7erisinde geli<\/span><span>\u015fmi\u015ftir&#8221; <strong>diyerek \u015funlar\u0131 s\u00f6yledi:\u00a0<\/strong><\/span><\/p>\n<p><span>&#8220;U\u015eAK Fay Blo\u011fu <span>\u00fczerinde 1969-2025 y<\/span>\u0131llar\u0131 ortas\u0131nda olu\u015fmu\u015f 6 adet M6-7 zelzeleleri depremselli\u011fi kuzeye K<span>\u00dcTAHYA Fay Blo<\/span>\u011funa ta\u015f\u0131m\u0131\u015ft\u0131r. B<span>\u00f6lgede daha b\u00fcy\u00fck zelzele s\u00fcrpriz olmaz&#8221;<\/span><\/span><\/p>\n<p><img decoding=\"async\" src=\"https:\/\/ikimisli.tr\/wp-content\/uploads\/2025\/09\/4-deprem-uzmani-tek-tek-acikladi-bundan-sonra-kutahyada-ne-olacak-1-rNQPtrMS.png\"\/><\/p>\n<p>\u00a0<\/p>\n","protected":false},"excerpt":{"rendered":"<p>K\u00fctahya&#8217;n\u0131n Simav il\u00e7esinde meydana gelen 5.5 b\u00fcy\u00fckl\u00fc\u011f\u00fcndeki zelzelenin akabinde zelzele uzmanlar\u0131 mevcut sars\u0131nt\u0131 ve sonras\u0131nda ya\u015fanabilecek muhtemel tesirleri k\u0131ymetlendirdi.<\/p>\n","protected":false},"author":1,"featured_media":83332,"comment_status":"open","ping_status":"open","sticky":false,"template":"","format":"standard","meta":{"footnotes":""},"categories":[25],"tags":[1655,285,1693,9346,725],"class_list":["post-83331","post","type-post","status-publish","format-standard","has-post-thumbnail","hentry","category-gundem","tag-bolge","tag-deprem","tag-fay","tag-simav","tag-uzerinde"],"_links":{"self":[{"href":"https:\/\/ikimisli.tr\/index.php\/wp-json\/wp\/v2\/posts\/83331","targetHints":{"allow":["GET"]}}],"collection":[{"href":"https:\/\/ikimisli.tr\/index.php\/wp-json\/wp\/v2\/posts"}],"about":[{"href":"https:\/\/ikimisli.tr\/index.php\/wp-json\/wp\/v2\/types\/post"}],"author":[{"embeddable":true,"href":"https:\/\/ikimisli.tr\/index.php\/wp-json\/wp\/v2\/users\/1"}],"replies":[{"embeddable":true,"href":"https:\/\/ikimisli.tr\/index.php\/wp-json\/wp\/v2\/comments?post=83331"}],"version-history":[{"count":1,"href":"https:\/\/ikimisli.tr\/index.php\/wp-json\/wp\/v2\/posts\/83331\/revisions"}],"predecessor-version":[{"id":83335,"href":"https:\/\/ikimisli.tr\/index.php\/wp-json\/wp\/v2\/posts\/83331\/revisions\/83335"}],"wp:featuredmedia":[{"embeddable":true,"href":"https:\/\/ikimisli.tr\/index.php\/wp-json\/wp\/v2\/media\/83332"}],"wp:attachment":[{"href":"https:\/\/ikimisli.tr\/index.php\/wp-json\/wp\/v2\/media?parent=83331"}],"wp:term":[{"taxonomy":"category","embeddable":true,"href":"https:\/\/ikimisli.tr\/index.php\/wp-json\/wp\/v2\/categories?post=83331"},{"taxonomy":"post_tag","embeddable":true,"href":"https:\/\/ikimisli.tr\/index.php\/wp-json\/wp\/v2\/tags?post=83331"}],"curies":[{"name":"wp","href":"https:\/\/api.w.org\/{rel}","templated":true}]}}