{"id":83390,"date":"2025-09-29T14:55:26","date_gmt":"2025-09-29T14:55:26","guid":{"rendered":"https:\/\/ikimisli.tr\/?p=83390"},"modified":"2025-09-29T14:55:26","modified_gmt":"2025-09-29T14:55:26","slug":"can-holdingin-patronu-kemal-can-tutuklandi","status":"publish","type":"post","link":"https:\/\/ikimisli.tr\/index.php\/2025\/09\/29\/can-holdingin-patronu-kemal-can-tutuklandi\/","title":{"rendered":"Can Holding&#8217;in patronu Kemal Can tutukland\u0131"},"content":{"rendered":"<p>\u0130stanbul Cumhuriyet Ba\u015fsavc\u0131l\u0131\u011f\u0131&#8217;nca Can Holding&#8217;e y\u00f6nelik y\u00fcr\u00fct\u00fclen soru\u015fturmada yeni geli\u015fme ya\u015fand\u0131.<\/p>\n<p>Can Holding soru\u015fturmas\u0131 kapsam\u0131nda g\u00f6zalt\u0131na al\u0131nan Can Holding Y\u00f6netim Kurulu Lideri Kemal Can, savc\u0131l\u0131ktaki s\u00fcre\u00e7leri tamamland\u0131.<\/p>\n<p>Savc\u0131l\u0131k, Can hakk\u0131nda, &#8220;Su\u00e7 i\u015flemek gayesiyle \u00f6rg\u00fct kurma ve y\u00f6netme&#8221;, &#8220;Mal varl\u0131\u011f\u0131 k\u0131ymetlerinin gayrime\u015fru kayna\u011f\u0131n\u0131 gizlemek&#8221; c\u00fcr\u00fcmlerinden tutuklama istemiyle Sulh Ceza Hakimli\u011fi&#8217;ne sevk etti.<\/p>\n<p>Hakimlik, Can&#8217;\u0131n \u00fczerine at\u0131l\u0131 c\u00fcr\u00fcmlerden tutuklanmas\u0131na h\u00fckmetti.<\/p>\n<p><b><span>OLAY<\/span><\/b><\/p>\n<p>Soru\u015fturma kapsam\u0131nda firari durumda olan Can Holding Y\u00f6netim Kurulu Lideri Kemal Can, ge\u00e7en g\u00fcn g\u00f6zalt\u0131na al\u0131nm\u0131\u015ft\u0131.<\/p>\n<p>Kemal Can, \u0130stanbul Vilayet Jandarma Komutanl\u0131\u011f\u0131&#8217;nda g\u00f6zalt\u0131nda tutuldu\u011fu ve buradaki s\u00fcre\u00e7lerinin akabinde \u0130stanbul Adliyesi\u2019ne sevk edilmi\u015fti.<\/p>\n<p><b><span>SORU\u015eTURMA<\/span><\/b><\/p>\n<p>\u0130stanbul Cumhuriyet Ba\u015fsavc\u0131l\u0131\u011f\u0131, Can Holding&#8217;e y\u00f6nelik y\u00fcr\u00fct\u00fclen soru\u015fturma kapsam\u0131nda &#8220;su\u00e7 \u00f6rg\u00fct\u00fc kurmak&#8221;, &#8220;vergi ka\u00e7ak\u00e7\u0131l\u0131\u011f\u0131&#8221;, &#8220;doland\u0131r\u0131c\u0131l\u0131k&#8221; ve &#8220;kara para aklama&#8221; su\u00e7lamas\u0131yla soru\u015fturma ba\u015flatm\u0131\u015ft\u0131.<\/p>\n<p>Yap\u0131lan operasyonda, Can Holding b\u00fcnyesindeki 121 \u015firketin mal varl\u0131\u011f\u0131na el konulmu\u015ftu.<\/p>\n<p>Ba\u015fsavc\u0131l\u0131k, 10 ku\u015fkulu hakk\u0131nda ise g\u00f6zalt\u0131 karar\u0131 vermi\u015fti ve alt\u0131 ki\u015fi g\u00f6zalt\u0131na al\u0131nm\u0131\u015ft\u0131; \u015f\u00fcphelilerden 5&#8217;i tutuklanm\u0131\u015f Kenan Tekda\u011f isimli denetimle \u00f6zg\u00fcr kalm\u0131\u015ft\u0131.<\/p>\n<p>131 \u015firkete kayyum atand\u0131<\/p>\n<p>\u00d6te yandan daha evvel 121 \u015firketine el konulan Can Holding&#8217;e ili\u015fkin yeni \u015firketlerin varl\u0131\u011f\u0131n\u0131 belirlenmi\u015fti. <\/p>\n<p>Ba\u015fsavc\u0131l\u0131k, bu \u015firketlerin k\u0131ymetli \u00f6l\u00e7\u00fcde varl\u0131\u011fa sahip oldu\u011funun ortay\u0131 \u00e7\u0131kmas\u0131 \u00fczerine, holdinge ili\u015fkin olup kayyum atanmam\u0131\u015f \u015firketler i\u00e7in de t\u0131pk\u0131 uygulamay\u0131 talep etmi\u015fti.<\/p>\n<p>Talep, \u0130stanbul Sulh Ceza Hakimli\u011fi&#8217;nce karara ba\u011flanm\u0131\u015ft\u0131 ve Can Holding&#8217;e ili\u015fkin dokuz \u015firkete kayyum atanm\u0131\u015ft\u0131.<\/p>\n<p>Son olarak da Tabiat Koleji&#8217;ne kayyum atanm\u0131\u015ft\u0131. B\u00f6ylelikle kayyum atanan \u015firket say\u0131s\u0131 131&#8217;e \u00e7\u0131km\u0131\u015ft\u0131.<\/p>\n","protected":false},"excerpt":{"rendered":"<p>Can Holding soru\u015fturmas\u0131 kapsam\u0131nda g\u00f6zalt\u0131na al\u0131nan holdingin i\u015fverenlerinden Kemal Can, \u00e7\u0131kar\u0131ld\u0131\u011f\u0131 mahkemece tutukland\u0131.<\/p>\n","protected":false},"author":1,"featured_media":83391,"comment_status":"open","ping_status":"open","sticky":false,"template":"","format":"standard","meta":{"footnotes":""},"categories":[25],"tags":[9348,1138,303,402,99],"class_list":["post-83390","post","type-post","status-publish","format-standard","has-post-thumbnail","hentry","category-gundem","tag-can-holding","tag-gozalti","tag-kayyum","tag-sirket","tag-sorusturma"],"_links":{"self":[{"href":"https:\/\/ikimisli.tr\/index.php\/wp-json\/wp\/v2\/posts\/83390","targetHints":{"allow":["GET"]}}],"collection":[{"href":"https:\/\/ikimisli.tr\/index.php\/wp-json\/wp\/v2\/posts"}],"about":[{"href":"https:\/\/ikimisli.tr\/index.php\/wp-json\/wp\/v2\/types\/post"}],"author":[{"embeddable":true,"href":"https:\/\/ikimisli.tr\/index.php\/wp-json\/wp\/v2\/users\/1"}],"replies":[{"embeddable":true,"href":"https:\/\/ikimisli.tr\/index.php\/wp-json\/wp\/v2\/comments?post=83390"}],"version-history":[{"count":1,"href":"https:\/\/ikimisli.tr\/index.php\/wp-json\/wp\/v2\/posts\/83390\/revisions"}],"predecessor-version":[{"id":83392,"href":"https:\/\/ikimisli.tr\/index.php\/wp-json\/wp\/v2\/posts\/83390\/revisions\/83392"}],"wp:featuredmedia":[{"embeddable":true,"href":"https:\/\/ikimisli.tr\/index.php\/wp-json\/wp\/v2\/media\/83391"}],"wp:attachment":[{"href":"https:\/\/ikimisli.tr\/index.php\/wp-json\/wp\/v2\/media?parent=83390"}],"wp:term":[{"taxonomy":"category","embeddable":true,"href":"https:\/\/ikimisli.tr\/index.php\/wp-json\/wp\/v2\/categories?post=83390"},{"taxonomy":"post_tag","embeddable":true,"href":"https:\/\/ikimisli.tr\/index.php\/wp-json\/wp\/v2\/tags?post=83390"}],"curies":[{"name":"wp","href":"https:\/\/api.w.org\/{rel}","templated":true}]}}