{"id":83405,"date":"2025-09-29T15:55:27","date_gmt":"2025-09-29T15:55:27","guid":{"rendered":"https:\/\/ikimisli.tr\/?p=83405"},"modified":"2025-09-29T15:55:27","modified_gmt":"2025-09-29T15:55:27","slug":"ulke-karisti-kopeklere-turist-vergisi-onerisi-tartisma-yaratti","status":"publish","type":"post","link":"https:\/\/ikimisli.tr\/index.php\/2025\/09\/29\/ulke-karisti-kopeklere-turist-vergisi-onerisi-tartisma-yaratti\/","title":{"rendered":"\u00dclke kar\u0131\u015ft\u0131: K\u00f6peklere \u2018Turist Vergisi\u2019 \u00f6nerisi tart\u0131\u015fma yaratt\u0131"},"content":{"rendered":"<p>\u00d6neri s\u0131rf turistleri de\u011fil, b\u00f6lge halk\u0131n\u0131 da kaps\u0131yor. B\u00f6lgede ya\u015fayan k\u00f6pek sahipleri i\u00e7in ise y\u0131ll\u0131k 100 euro vergi \u00f6ng\u00f6r\u00fcl\u00fcyor.<\/p>\n<p>Yerel yetkililer, bu vergiyle elde edilecek gelirin bir k\u0131sm\u0131n\u0131n sokaklar\u0131n k\u00f6pek d\u0131\u015fk\u0131s\u0131ndan temizlenmesi ve yeni k\u00f6pek parklar\u0131n\u0131n in\u015fas\u0131 \u00fczere hizmetlerde kullan\u0131laca\u011f\u0131n\u0131 belirtiyor. Ge\u00e7ti\u011fimiz y\u0131l k\u00f6pek sahiplerine hayvanlar\u0131na DNA testi yapt\u0131rma mecburili\u011fi getirilmi\u015f lakin uygulama ba\u015far\u0131s\u0131z olmu\u015ftu.<\/p>\n<p>Euronews&#8217;in haberine nazaran; teklifin mimar\u0131 Luis Walcher, vergiyi savunarak bunun adil oldu\u011funu lisana getirdi. Walcher, \u201cAksi halde k\u00f6peklerin yaratt\u0131\u011f\u0131 maliyeti t\u00fcm toplum \u00fcstlenmek zorunda kal\u0131yor\u201d dedi.<\/p>\n<p>Ancak teklif s\u0131rf yerelde de\u011fil, \u00fclke genelinde de reaksiyon toplad\u0131. Ele\u015ftirmenler, bu d\u00fczenlemenin \u0130talya\u2019n\u0131n \u00f6teki b\u00f6lgelerinde uygulanan k\u00f6pek dostu siyasetlerle \u00e7eli\u015fti\u011fini s\u00f6yl\u00fcyor.<\/p>\n<p>\u0130talya Hayvanlar\u0131 Koruma Ajans\u0131 Lideri Carla Rocchi, d\u00fczenlemeyi \u201ckendi aya\u011f\u0131na kur\u015fun s\u0131kmak\u201d olarak tan\u0131mlad\u0131. Rocchi, \u201cAileleri ve turistleri cezaland\u0131r\u0131yor, hayvanlar\u0131 birer bankamatik \u00fczere g\u00f6steriyor\u201d s\u00f6zlerini kulland\u0131.<\/p>\n","protected":false},"excerpt":{"rendered":"<p>\u0130talya\u2019n\u0131n kuzeyindeki Bolzano eyaletinde k\u00f6pekler i\u00e7in g\u00fcndeme gelen \u201cturist vergisi\u201d \u00f6nerisi, hayvan haklar\u0131 savunucular\u0131n\u0131n sert reaksiyonlar\u0131na yol a\u00e7t\u0131. Da\u011fl\u0131k Trentino-Alto Adige b\u00f6lgesinde sunulan teklife nazaran, eyaleti ziyaret eden k\u00f6peklerin sahiplerinden gecelik 1,5 euro al\u0131nmas\u0131 planlan\u0131yor.<\/p>\n","protected":false},"author":1,"featured_media":83406,"comment_status":"open","ping_status":"open","sticky":false,"template":"","format":"standard","meta":{"footnotes":""},"categories":[43],"tags":[688],"class_list":["post-83405","post","type-post","status-publish","format-standard","has-post-thumbnail","hentry","category-dunya","tag-kopek"],"_links":{"self":[{"href":"https:\/\/ikimisli.tr\/index.php\/wp-json\/wp\/v2\/posts\/83405","targetHints":{"allow":["GET"]}}],"collection":[{"href":"https:\/\/ikimisli.tr\/index.php\/wp-json\/wp\/v2\/posts"}],"about":[{"href":"https:\/\/ikimisli.tr\/index.php\/wp-json\/wp\/v2\/types\/post"}],"author":[{"embeddable":true,"href":"https:\/\/ikimisli.tr\/index.php\/wp-json\/wp\/v2\/users\/1"}],"replies":[{"embeddable":true,"href":"https:\/\/ikimisli.tr\/index.php\/wp-json\/wp\/v2\/comments?post=83405"}],"version-history":[{"count":1,"href":"https:\/\/ikimisli.tr\/index.php\/wp-json\/wp\/v2\/posts\/83405\/revisions"}],"predecessor-version":[{"id":83407,"href":"https:\/\/ikimisli.tr\/index.php\/wp-json\/wp\/v2\/posts\/83405\/revisions\/83407"}],"wp:featuredmedia":[{"embeddable":true,"href":"https:\/\/ikimisli.tr\/index.php\/wp-json\/wp\/v2\/media\/83406"}],"wp:attachment":[{"href":"https:\/\/ikimisli.tr\/index.php\/wp-json\/wp\/v2\/media?parent=83405"}],"wp:term":[{"taxonomy":"category","embeddable":true,"href":"https:\/\/ikimisli.tr\/index.php\/wp-json\/wp\/v2\/categories?post=83405"},{"taxonomy":"post_tag","embeddable":true,"href":"https:\/\/ikimisli.tr\/index.php\/wp-json\/wp\/v2\/tags?post=83405"}],"curies":[{"name":"wp","href":"https:\/\/api.w.org\/{rel}","templated":true}]}}