{"id":8347,"date":"2025-02-01T18:12:17","date_gmt":"2025-02-01T18:12:17","guid":{"rendered":"https:\/\/ikimisli.tr\/?p=8347"},"modified":"2025-02-01T18:12:17","modified_gmt":"2025-02-01T18:12:17","slug":"hasadi-subatta-baslayacak-kaynar-suda-uretip-siparislere-yetisemiyor","status":"publish","type":"post","link":"https:\/\/ikimisli.tr\/index.php\/2025\/02\/01\/hasadi-subatta-baslayacak-kaynar-suda-uretip-siparislere-yetisemiyor\/","title":{"rendered":"Hasad\u0131 \u015fubatta ba\u015flayacak: Kaynar suda \u00fcretip sipari\u015flere yeti\u015femiyor"},"content":{"rendered":"<p>Hava s\u0131cakl\u0131\u011f\u0131n\u0131n vakit zaman s\u0131f\u0131r\u0131n alt\u0131nda 15 dereceye kadar d\u00fc\u015ft\u00fc\u011f\u00fc Erzincan&#8217;da, devlet takviyesiyle kurulan jeotermal serada, so\u011fuk havaya kar\u015f\u0131n domates \u00fcretimi devam ediyor.<\/p>\n<p>B\u00f6lgede bir\u00e7ok farkl\u0131 noktada sondajla \u00e7\u0131kar\u0131lan s\u0131cak suyun borularla ula\u015ft\u0131r\u0131lmas\u0131yla \u0131s\u0131t\u0131lan serada, topraks\u0131z tar\u0131m uygulamas\u0131yla cet tohumundan pembe salk\u0131m domates yeti\u015ftiriliyor.<\/p>\n<p>Jeotermal su kayna\u011f\u0131 sayesinde d\u00f6rt mevsim \u00fcretim yap\u0131lan serada, birinci d\u00f6nem \u00fcretilen 750 ton domatesin 280 tonu Romanya ve Bulgaristan&#8217;a ihra\u00e7 edildi.<\/p>\n<p>Bu y\u0131l 1200 ton domates \u00fcretiminin hedeflendi\u011fi serada, birebir vakitte istihdama da katk\u0131 sa\u011flan\u0131yor.<\/p>\n<p><img decoding=\"async\" src=\"https:\/\/ikimisli.tr\/wp-content\/uploads\/2025\/02\/hasadi-subatta-baslayacak-kaynar-suda-uretip-siparislere-yetisemiyor-0-LBIAKhsX.png\"\/><\/p>\n<p><b>&#8211; &#8220;1200 ton domates \u00fcretmeyi hedefliyoruz&#8221;<\/b><\/p>\n<p>Yat\u0131r\u0131mc\u0131 Tuncay Sar\u0131su, kentte 2020&#8217;de ba\u015flatt\u0131klar\u0131 yat\u0131r\u0131mla b\u00f6lgede jeotermal sera \u00fcretimi yapan birinci i\u015fletme olduklar\u0131n\u0131 s\u00f6yledi.<\/p>\n<p>\u015eu ana kadar 30 d\u00f6n\u00fcm\u00fcnde \u00fcretim ger\u00e7ekle\u015ftirdiklerini ve bunu 120 d\u00f6n\u00fcme \u00e7\u0131karmak i\u00e7in \u00e7al\u0131\u015fmalar\u0131n devam etti\u011fini lisana getiren Sar\u0131su, &#8220;Bu 30 d\u00f6n\u00fcm serada ge\u00e7en y\u0131l birinci d\u00f6nemimizde 750 ton domates \u00fcretimi ger\u00e7ekle\u015ftirdik. Bunun 280 tonunu Bulgaristan ve Romanya&#8217;ya g\u00f6nderdik. Bu y\u0131l ikinci d\u00f6nemimizde Allah nasip ederse 1200 ton domates \u00fcretmeyi hedefliyoruz.&#8221; dedi.<\/p>\n<p>D\u0131\u015far\u0131da hava s\u0131cakl\u0131\u011f\u0131n\u0131n s\u0131f\u0131r\u0131n alt\u0131nda 10-15 derece iken sera i\u00e7inde termometrelerin 20 dereceyi g\u00f6sterdi\u011fine dikkati \u00e7eken Sar\u0131su, &#8220;Geceleri sera s\u0131cakl\u0131\u011f\u0131m\u0131z 14, 15, en d\u00fc\u015f\u00fck 12 dereceye oluyor. Bu da s\u0131cak su kayna\u011f\u0131n\u0131n bize k\u00e2fi geldi\u011fini g\u00f6steriyor. Seram\u0131z \u0131s\u0131tmak i\u00e7in ekstra do\u011fal gaz ve k\u00f6m\u00fcr kullanmaya gereksinim duymuyoruz. Suyun s\u0131cakl\u0131\u011f\u0131 pek \u00e2l\u00e2. Suyun kuyudan \u00e7\u0131k\u0131\u015f s\u0131cakl\u0131\u011f\u0131 45 derece, bu su seraya gelinceye kadar 2 derece s\u0131cakl\u0131k kayb\u0131m\u0131z oluyor. \u015eu an seraya giren suyun s\u0131cakl\u0131\u011f\u0131 43 derece. Bu da bize k\u00e2fi oluyor.&#8221; tabirlerini kulland\u0131.<\/p>\n<p>Sar\u0131su, \u015f\u00f6yle devam etti:<\/p>\n<p>&#8220;B\u00fct\u00fcn yat\u0131r\u0131mc\u0131lar\u0131 Erzincan&#8217;a bekliyorum zira burada arsa var ve m\u00fclki amirlerin takviyesi de var. Onlar yat\u0131r\u0131mc\u0131ya her hususta dayanak oluyor, her t\u00fcrl\u00fc kolayl\u0131k sa\u011flan\u0131yor. Yeralt\u0131 kaynakl\u0131 suyun ruhsat\u0131 bizde oldu\u011fu i\u00e7in yat\u0131r\u0131mc\u0131ya suyla ilgili garantiyi veriyoruz. 100-200 d\u00f6n\u00fcm arsay\u0131 ve s\u0131cak suyu veriyoruz. B\u00fct\u00fcn yat\u0131r\u0131mc\u0131lar gelsin, yat\u0131r\u0131m yaps\u0131nlar. Seralar\u0131n\u0131 anahtar teslim yap\u0131p kendilerine teslim edebiliriz.&#8221;<\/p>\n<p><img decoding=\"async\" src=\"https:\/\/ikimisli.tr\/wp-content\/uploads\/2025\/02\/hasadi-subatta-baslayacak-kaynar-suda-uretip-siparislere-yetisemiyor-1-AeN5rcDr.png\"\/><\/p>\n<p>Sar\u0131su, b\u00f6lge halk\u0131ndan k\u0131\u015f periyodunda 38 ki\u015fi istihdam ettiklerini, yaz d\u00f6neminde bitkinin \u00e7abuk geli\u015fmesi ve eserin daha fazla olmas\u0131 sebebiyle i\u015f imkan\u0131 sunulanlar\u0131n 60 \u015fahsa kadar \u00e7\u0131kabildi\u011fini anlatt\u0131.<\/p>\n<p><b>&#8211; D\u00f6nemin birinci hasad\u0131 bir ay i\u00e7erisinde ba\u015flayacak<\/b><\/p>\n<p>Tesisin ziraat m\u00fchendisi Fatih Mehmet Ayaz da bu d\u00f6nem pembe domates ile \u00fcretime devam ettiklerini, bu \u00e7e\u015fidin daha \u00e7ok ihra\u00e7l\u0131k oldu\u011funu belirtti.<\/p>\n<p>Ayaz, \u00fcretim periyoduna ait \u015funlar\u0131 kaydetti:<\/p>\n<p>&#8220;Ekti\u011fimiz domates yeni yeni k\u0131zarmaya ba\u015flad\u0131. Art\u0131k dolamas\u0131n\u0131, seyreltmesini ve filiz almas\u0131n\u0131 yap\u0131yoruz. Birinci hasad\u0131m\u0131z\u0131 ise bir ay i\u00e7erisinde yava\u015f yava\u015f yapaca\u011f\u0131z, akabinde ihra\u00e7 edece\u011fiz. Seran\u0131n jeotermal suyla \u0131s\u0131t\u0131lmas\u0131 \u00e7ok daha ekonomik oluyor. Ola\u011fanda yak\u0131t bedeli 3&#8217;te 1 oran\u0131nda maliyetlere yans\u0131yor. Jeotermal suyla \u0131s\u0131tt\u0131\u011f\u0131m\u0131z i\u00e7in bu maliyet 5&#8217;te 1 oran\u0131na kadar d\u00fc\u015f\u00fcyor.&#8221;<\/p>\n","protected":false},"excerpt":{"rendered":"<p>Erzincan&#8217;da jeotermal su kaynaklar\u0131yla \u0131s\u0131t\u0131lan serada cet tohumundan yeti\u015ftirilen domatesler yurt i\u00e7i ve d\u0131\u015f\u0131na sat\u0131l\u0131yor.<\/p>\n","protected":false},"author":1,"featured_media":8348,"comment_status":"open","ping_status":"open","sticky":false,"template":"","format":"standard","meta":{"footnotes":""},"categories":[25],"tags":[1713,2034,485,278,209],"class_list":["post-8347","post","type-post","status-publish","format-standard","has-post-thumbnail","hentry","category-gundem","tag-derece","tag-sera","tag-sezon","tag-sicak","tag-uretim"],"_links":{"self":[{"href":"https:\/\/ikimisli.tr\/index.php\/wp-json\/wp\/v2\/posts\/8347","targetHints":{"allow":["GET"]}}],"collection":[{"href":"https:\/\/ikimisli.tr\/index.php\/wp-json\/wp\/v2\/posts"}],"about":[{"href":"https:\/\/ikimisli.tr\/index.php\/wp-json\/wp\/v2\/types\/post"}],"author":[{"embeddable":true,"href":"https:\/\/ikimisli.tr\/index.php\/wp-json\/wp\/v2\/users\/1"}],"replies":[{"embeddable":true,"href":"https:\/\/ikimisli.tr\/index.php\/wp-json\/wp\/v2\/comments?post=8347"}],"version-history":[{"count":1,"href":"https:\/\/ikimisli.tr\/index.php\/wp-json\/wp\/v2\/posts\/8347\/revisions"}],"predecessor-version":[{"id":8351,"href":"https:\/\/ikimisli.tr\/index.php\/wp-json\/wp\/v2\/posts\/8347\/revisions\/8351"}],"wp:featuredmedia":[{"embeddable":true,"href":"https:\/\/ikimisli.tr\/index.php\/wp-json\/wp\/v2\/media\/8348"}],"wp:attachment":[{"href":"https:\/\/ikimisli.tr\/index.php\/wp-json\/wp\/v2\/media?parent=8347"}],"wp:term":[{"taxonomy":"category","embeddable":true,"href":"https:\/\/ikimisli.tr\/index.php\/wp-json\/wp\/v2\/categories?post=8347"},{"taxonomy":"post_tag","embeddable":true,"href":"https:\/\/ikimisli.tr\/index.php\/wp-json\/wp\/v2\/tags?post=8347"}],"curies":[{"name":"wp","href":"https:\/\/api.w.org\/{rel}","templated":true}]}}