{"id":83514,"date":"2025-09-29T22:43:25","date_gmt":"2025-09-29T22:43:25","guid":{"rendered":"https:\/\/ikimisli.tr\/?p=83514"},"modified":"2025-09-29T22:43:25","modified_gmt":"2025-09-29T22:43:25","slug":"erdogan-aleyhine-kitap-mi-yazdirdi","status":"publish","type":"post","link":"https:\/\/ikimisli.tr\/index.php\/2025\/09\/29\/erdogan-aleyhine-kitap-mi-yazdirdi\/","title":{"rendered":"Erdo\u011fan aleyhine kitap m\u0131 yazd\u0131rd\u0131?"},"content":{"rendered":"<p>Gazeteci-yazar Erg\u00fcn Poyraz, toplumsal medya hesab\u0131ndan yapt\u0131\u011f\u0131 payla\u015f\u0131mlarla Cumhurba\u015fkan\u0131 ve kimi siyaset\u00e7iler hakk\u0131nda kaleme ald\u0131\u011f\u0131 kitaplar konusunda ge\u00e7mi\u015fte bir siyaset\u00e7iden takviye g\u00f6rd\u00fc\u011f\u00fcn\u00fc \u00f6ne s\u00fcrd\u00fc. Ayd\u0131n Denge\u2019nin haberine nazaran; payla\u015f\u0131mlar\u0131nda isim vermeyen Poyraz, \u201cCumhurba\u015fkan\u0131na, bakana, milletvekiline kitap yazm\u0131\u015f\u0131m. Bir tane de\u011fil 48 tane kitap yazd\u0131m. Ben bu kitaplar\u0131 yazd\u0131\u011f\u0131mda sen benim en d\u00fczg\u00fcn dostumdun, destek\u00e7imdin\u201d s\u00f6zlerini kulland\u0131.<\/p>\n<p><img decoding=\"async\" src=\"https:\/\/ikimisli.tr\/wp-content\/uploads\/2025\/09\/erdogan-aleyhine-kitap-mi-yazdirdi-0-59TmxDTO.jpg\"\/><\/p>\n<div>\n<p><em>Gazeteci-yazar Erg\u00fcn Poyraz<\/em><\/p>\n<\/p><\/div>\n<p><strong>\u0130S\u0130M VERMED\u0130, \u0130\u015eARET ETT\u0130<\/strong><\/p>\n<p>Poyraz ayr\u0131yeten \u201cAbd\u00fclhamit\u2019ten Tayyibe\u201d isimli kitab\u0131n\u0131n bas\u0131m\u0131 ve da\u011f\u0131t\u0131m\u0131 i\u00e7in de g\u00f6r\u00fc\u015ft\u00fc\u011f\u00fcn\u00fc tez etti\u011fi bireye y\u00f6nelik, \u201cCumhurba\u015fkan\u0131na bir daha kitap yaz, yazd\u0131\u011f\u0131n kitaplar\u0131 sat\u0131n al\u0131p da\u011f\u0131tal\u0131m, ben maddi takviye olay\u0131m demedin mi? Oldun da, dok\u00fcmanlar\u0131 mevcut\u201d kelamlar\u0131n\u0131 lisana getirdi. Poyraz\u2019\u0131n isim vermemesi fakat payla\u015f\u0131mlar\u0131nda kulland\u0131\u011f\u0131 s\u00f6zler ve ge\u00e7mi\u015fe dair g\u00f6ndermeler nedeniyle, CHP\u2019den istifa ederek AKP\u2019ye ge\u00e7en Ayd\u0131n B\u00fcy\u00fck\u015fehir Belediye Ba\u015fkan\u0131 \u00d6zlem \u00c7er\u00e7io\u011flu\u2019nu i\u015faret etti\u011fi formunda yorumland\u0131.<\/p>\n","protected":false},"excerpt":{"rendered":"<p>Gazeteci-yazar Erg\u00fcn Poyraz\u2019\u0131n \u201cCumhurba\u015fkan\u0131na, milletvekiline kitap yazarken sen benim destek\u00e7imdin\u201d kelamlar\u0131yla \u00c7er\u00e7io\u011flu\u2019nu i\u015faret etti\u011fi sav edildi.<\/p>\n","protected":false},"author":1,"featured_media":83515,"comment_status":"open","ping_status":"open","sticky":false,"template":"","format":"standard","meta":{"footnotes":""},"categories":[25],"tags":[2415,2175],"class_list":["post-83514","post","type-post","status-publish","format-standard","has-post-thumbnail","hentry","category-gundem","tag-kitap","tag-poyraz"],"_links":{"self":[{"href":"https:\/\/ikimisli.tr\/index.php\/wp-json\/wp\/v2\/posts\/83514","targetHints":{"allow":["GET"]}}],"collection":[{"href":"https:\/\/ikimisli.tr\/index.php\/wp-json\/wp\/v2\/posts"}],"about":[{"href":"https:\/\/ikimisli.tr\/index.php\/wp-json\/wp\/v2\/types\/post"}],"author":[{"embeddable":true,"href":"https:\/\/ikimisli.tr\/index.php\/wp-json\/wp\/v2\/users\/1"}],"replies":[{"embeddable":true,"href":"https:\/\/ikimisli.tr\/index.php\/wp-json\/wp\/v2\/comments?post=83514"}],"version-history":[{"count":1,"href":"https:\/\/ikimisli.tr\/index.php\/wp-json\/wp\/v2\/posts\/83514\/revisions"}],"predecessor-version":[{"id":83517,"href":"https:\/\/ikimisli.tr\/index.php\/wp-json\/wp\/v2\/posts\/83514\/revisions\/83517"}],"wp:featuredmedia":[{"embeddable":true,"href":"https:\/\/ikimisli.tr\/index.php\/wp-json\/wp\/v2\/media\/83515"}],"wp:attachment":[{"href":"https:\/\/ikimisli.tr\/index.php\/wp-json\/wp\/v2\/media?parent=83514"}],"wp:term":[{"taxonomy":"category","embeddable":true,"href":"https:\/\/ikimisli.tr\/index.php\/wp-json\/wp\/v2\/categories?post=83514"},{"taxonomy":"post_tag","embeddable":true,"href":"https:\/\/ikimisli.tr\/index.php\/wp-json\/wp\/v2\/tags?post=83514"}],"curies":[{"name":"wp","href":"https:\/\/api.w.org\/{rel}","templated":true}]}}