{"id":83560,"date":"2025-09-30T00:55:26","date_gmt":"2025-09-30T00:55:26","guid":{"rendered":"https:\/\/ikimisli.tr\/?p=83560"},"modified":"2025-09-30T00:55:26","modified_gmt":"2025-09-30T00:55:26","slug":"depremi-onceden-bilen-prof-dr-sener-usumezsoy-uyardi-risk-henuz-bitmedi","status":"publish","type":"post","link":"https:\/\/ikimisli.tr\/index.php\/2025\/09\/30\/depremi-onceden-bilen-prof-dr-sener-usumezsoy-uyardi-risk-henuz-bitmedi\/","title":{"rendered":"Depremi \u00f6nceden bilen Prof. Dr. \u015eener \u00dc\u015f\u00fcmezsoy uyard\u0131: Risk hen\u00fcz bitmedi!"},"content":{"rendered":"<p>K\u00fctahya\u2019n\u0131n Simav il\u00e7esinde saat 12:59\u2019da 5.4 b\u00fcy\u00fckl\u00fc\u011f\u00fcnde, 8.46 km derinli\u011finde bir zelzele meydan geldi.<\/p>\n<p>Deprem K\u00fctahya ve U\u015fak ba\u015fta olmak \u00fczere Bal\u0131kesir, \u0130zmir, Bursa ve \u0130stanbul&#8217;da da \u015fiddetli hissedildi.\u00a0<\/p>\n<p>Prof. Dr. \u015eener \u00dc\u015f\u00fcmezsoy, as\u0131l b\u00fcy\u00fck sars\u0131nt\u0131n\u0131n K\u00fctahya\u2019da beklendi\u011fini belirterek b\u00f6lgeye harita \u00fczerinde dikkat \u00e7ekmi\u015fti.<\/p>\n<p><b>&#8220;6.5 SARSINTI POTANS\u0130YEL\u0130 VAR&#8221;<\/b><\/p>\n<p>\u00dc\u015f\u00fcmezsoy bir ay evvel kat\u0131ld\u0131\u011f\u0131 di\u011fer bir programda ise, &#8220;Simav&#8217;da 40 kilometrelik bir fay var. O fay\u0131n 10 kilometresi 2011&#8217;de k\u0131r\u0131lm\u0131\u015f. Orada 6.5&#8217;lik zelzele potansiyeli var&#8221; demi\u015fti.<\/p>\n<p><b>&#8220;R\u0130SK B\u0130TMED\u0130&#8221;<\/b><\/p>\n<p>\u00dc\u015f\u00fcmezsoy, Simav il\u00e7esinin alt\u0131nda iki farkl\u0131 fay bulundu\u011funu belirterek, \u201cBu 5.4\u2019l\u00fck zelzele ana faydaki k\u0131r\u0131lmadan de\u011fil, etraf\u0131ndaki ikincil k\u0131r\u0131klardan kaynaklan\u0131yor. \u015eayet ana yarar k\u0131r\u0131k meydana gelirse 6,5 b\u00fcy\u00fckl\u00fc\u011f\u00fcnde sars\u0131nt\u0131 yaratma ihtimali var. Risk \u015fimdi bitmedi, fay g\u00fcc\u00fcn\u00fc b\u00fcsb\u00fct\u00fcn bo\u015faltm\u0131\u015f de\u011fil\u201d tabirlerini kullan\u0131rken art\u00e7\u0131 sars\u0131nt\u0131lar\u0131n de s\u00fcrece\u011fini a\u00e7\u0131klad\u0131.\u00a0<\/p>\n","protected":false},"excerpt":{"rendered":"<p>K\u00fctahya&#8217;n\u0131n Simav il\u00e7esinde meydana gelen 5.4 b\u00fcy\u00fckl\u00fc\u011f\u00fcndeki sars\u0131nt\u0131s\u0131 evvelce varsay\u0131m eden Prof. Dr. \u015eener \u00dc\u015f\u00fcmezsoy, zelzeleye ait dikkat \u00e7eken a\u00e7\u0131klamalarda bulundu.<\/p>\n","protected":false},"author":1,"featured_media":83561,"comment_status":"open","ping_status":"open","sticky":false,"template":"","format":"standard","meta":{"footnotes":""},"categories":[25],"tags":[285,1693],"class_list":["post-83560","post","type-post","status-publish","format-standard","has-post-thumbnail","hentry","category-gundem","tag-deprem","tag-fay"],"_links":{"self":[{"href":"https:\/\/ikimisli.tr\/index.php\/wp-json\/wp\/v2\/posts\/83560","targetHints":{"allow":["GET"]}}],"collection":[{"href":"https:\/\/ikimisli.tr\/index.php\/wp-json\/wp\/v2\/posts"}],"about":[{"href":"https:\/\/ikimisli.tr\/index.php\/wp-json\/wp\/v2\/types\/post"}],"author":[{"embeddable":true,"href":"https:\/\/ikimisli.tr\/index.php\/wp-json\/wp\/v2\/users\/1"}],"replies":[{"embeddable":true,"href":"https:\/\/ikimisli.tr\/index.php\/wp-json\/wp\/v2\/comments?post=83560"}],"version-history":[{"count":1,"href":"https:\/\/ikimisli.tr\/index.php\/wp-json\/wp\/v2\/posts\/83560\/revisions"}],"predecessor-version":[{"id":83562,"href":"https:\/\/ikimisli.tr\/index.php\/wp-json\/wp\/v2\/posts\/83560\/revisions\/83562"}],"wp:featuredmedia":[{"embeddable":true,"href":"https:\/\/ikimisli.tr\/index.php\/wp-json\/wp\/v2\/media\/83561"}],"wp:attachment":[{"href":"https:\/\/ikimisli.tr\/index.php\/wp-json\/wp\/v2\/media?parent=83560"}],"wp:term":[{"taxonomy":"category","embeddable":true,"href":"https:\/\/ikimisli.tr\/index.php\/wp-json\/wp\/v2\/categories?post=83560"},{"taxonomy":"post_tag","embeddable":true,"href":"https:\/\/ikimisli.tr\/index.php\/wp-json\/wp\/v2\/tags?post=83560"}],"curies":[{"name":"wp","href":"https:\/\/api.w.org\/{rel}","templated":true}]}}