{"id":83569,"date":"2025-09-30T01:31:25","date_gmt":"2025-09-30T01:31:25","guid":{"rendered":"https:\/\/ikimisli.tr\/?p=83569"},"modified":"2025-09-30T01:31:25","modified_gmt":"2025-09-30T01:31:25","slug":"chp-icin-kritik-gun","status":"publish","type":"post","link":"https:\/\/ikimisli.tr\/index.php\/2025\/09\/30\/chp-icin-kritik-gun\/","title":{"rendered":"CHP i\u00e7in kritik g\u00fcn!"},"content":{"rendered":"<p><span>Ge<\/span><span>\u00e7ti<\/span><span>\u011fimiz <\/span><span>\u00c7ar<\/span><span>\u015famba g<\/span><span>\u00fcn\u00fc CHP\u2019nin mahkeme karar<\/span><span>\u0131yla iptal edilip G<\/span><span>\u00fcrsel Tekin\u2019in kayyum olarak atanmas<\/span><span>\u0131na kar\u015f\u0131 ger<\/span><span>\u00e7ekle<\/span><span>\u015ftirdi\u011fi ola\u011fan<\/span><span>\u00fcst\u00fc kongrede \u00c7elik, yeniden <\/span><span>\u0130stanbul \u0130l Ba\u015fkan\u0131 se<\/span><span>\u00e7ildi. <\/span><\/p>\n<p><span>\u0130l Lideri <\/span><span>\u00d6zg\u00fcr \u00c7elik ve idaresinin mazbata almamas<\/span><span>\u0131 i<\/span><span>\u00e7in yap<\/span><span>\u0131lan m\u00fcracaat Sar\u0131yer 1. \u0130l<\/span><span>\u00e7e Se\u00e7im Kurulu taraf<\/span><span>\u0131ndan reddedildi. <\/span><\/p>\n<p><span>Bu kararla birlikte, CHP \u0130stanbul \u0130l Ba\u015fkan\u0131 <\/span><span>\u00d6zg\u00fcr \u00c7elik ve idaresinin mazbata almas<\/span><span>\u0131n\u0131n <\/span><span>\u00f6n\u00fcnde rastgele bir mani kalmad<\/span><span>\u0131. <\/span><\/p>\n<p><span>\u00c7elik mazbatas<\/span><span>\u0131n\u0131 ald\u0131ktan sonra CHP\u2019nin Sar\u0131yer\u2019deki eski \u0130stanbul Vilayet Ba\u015fkanl\u0131\u011f\u0131\u2019n\u0131n oldu\u011fu binaya gidecek.<\/span><\/p>\n","protected":false},"excerpt":{"rendered":"<p>CHP\u2019nin harika \u0130stanbul Kongresi\u2019nde \u0130stanbul \u0130l Ba\u015fkan\u0131 se\u00e7ilen \u00d6zg\u00fcr \u00c7elik, bug\u00fcn saat 15.00\u2019te Sar\u0131yer \u0130l\u00e7e Se\u00e7im Kurulu\u2019ndan mazbatas\u0131n\u0131 alacak.<\/p>\n","protected":false},"author":1,"featured_media":83570,"comment_status":"open","ping_status":"open","sticky":false,"template":"","format":"standard","meta":{"footnotes":""},"categories":[25],"tags":[7843],"class_list":["post-83569","post","type-post","status-publish","format-standard","has-post-thumbnail","hentry","category-gundem","tag-ce"],"_links":{"self":[{"href":"https:\/\/ikimisli.tr\/index.php\/wp-json\/wp\/v2\/posts\/83569","targetHints":{"allow":["GET"]}}],"collection":[{"href":"https:\/\/ikimisli.tr\/index.php\/wp-json\/wp\/v2\/posts"}],"about":[{"href":"https:\/\/ikimisli.tr\/index.php\/wp-json\/wp\/v2\/types\/post"}],"author":[{"embeddable":true,"href":"https:\/\/ikimisli.tr\/index.php\/wp-json\/wp\/v2\/users\/1"}],"replies":[{"embeddable":true,"href":"https:\/\/ikimisli.tr\/index.php\/wp-json\/wp\/v2\/comments?post=83569"}],"version-history":[{"count":1,"href":"https:\/\/ikimisli.tr\/index.php\/wp-json\/wp\/v2\/posts\/83569\/revisions"}],"predecessor-version":[{"id":83571,"href":"https:\/\/ikimisli.tr\/index.php\/wp-json\/wp\/v2\/posts\/83569\/revisions\/83571"}],"wp:featuredmedia":[{"embeddable":true,"href":"https:\/\/ikimisli.tr\/index.php\/wp-json\/wp\/v2\/media\/83570"}],"wp:attachment":[{"href":"https:\/\/ikimisli.tr\/index.php\/wp-json\/wp\/v2\/media?parent=83569"}],"wp:term":[{"taxonomy":"category","embeddable":true,"href":"https:\/\/ikimisli.tr\/index.php\/wp-json\/wp\/v2\/categories?post=83569"},{"taxonomy":"post_tag","embeddable":true,"href":"https:\/\/ikimisli.tr\/index.php\/wp-json\/wp\/v2\/tags?post=83569"}],"curies":[{"name":"wp","href":"https:\/\/api.w.org\/{rel}","templated":true}]}}