{"id":83736,"date":"2025-09-30T10:55:26","date_gmt":"2025-09-30T10:55:26","guid":{"rendered":"https:\/\/ikimisli.tr\/?p=83736"},"modified":"2025-09-30T10:55:26","modified_gmt":"2025-09-30T10:55:26","slug":"sofralara-bir-daha-hamsi-gelmeyebilir","status":"publish","type":"post","link":"https:\/\/ikimisli.tr\/index.php\/2025\/09\/30\/sofralara-bir-daha-hamsi-gelmeyebilir\/","title":{"rendered":"Sofralara bir daha hamsi gelmeyebilir!"},"content":{"rendered":"<p>Samsun, ge\u00e7mi\u015f y\u0131llara oranla avc\u0131l\u0131\u011f\u0131nda d\u00fc\u015f\u00fc\u015f ya\u015fanan hamsinin tekrar denizlerde bol avlanmas\u0131na y\u00f6nelik \u00e7al\u0131\u015fmalar y\u00fcr\u00fct\u00fcld\u00fc\u011f\u00fcn\u00fc lisana getirdi.<\/p>\n<p>Bu \u00e7al\u0131\u015fmalar\u0131n en ba\u015f\u0131nda hamsi avc\u0131l\u0131\u011f\u0131na getirilen kota uygulamas\u0131n\u0131n yer ald\u0131\u011f\u0131n\u0131 belirten Samsun, denetim ve kontrol faaliyetlerinin sistemli y\u00fcr\u00fct\u00fclmesinin de T\u00fcrkiye&#8217;nin hamsi stoklar\u0131n\u0131n korunmas\u0131nda kararl\u0131 bir duru\u015f sergiledi\u011fini aktard\u0131.<\/p>\n<p><img decoding=\"async\" src=\"https:\/\/ikimisli.tr\/wp-content\/uploads\/2025\/09\/sofralara-bir-daha-hamsi-gelmeyebilir-0-quACrbK5.jpg\"\/><\/p>\n<p>T\u00fcrkiye&#8217;nin \u00fczerine d\u00fc\u015fen sorumluluklar\u0131 yerine getirmesine kar\u015f\u0131n Karadeniz&#8217;e k\u0131y\u0131s\u0131 olan Bulgaristan, Romanya, Ukrayna, Moldova, Rusya ve G\u00fcrcistan&#8217;\u0131n yeteri kadar u\u011fra\u015f g\u00f6stermedi\u011fini vurgulayan Samsun, &#8220;Biz hamsiyi 9 santimetreden k\u00fc\u00e7\u00fck avlam\u0131yoruz. \u00d6b\u00fcr \u00fclkelerde olmayan teknolojik ayg\u0131tlar\u0131 g\u0131rg\u0131r teknelerinde koruma eden T\u00fcrk bal\u0131k\u00e7\u0131lar\u0131 son y\u0131llarda epeyce \u015fuurlu davran\u0131yor.&#8221; dedi.<\/p>\n<p>T\u00fcrk bal\u0131k\u00e7\u0131lar\u0131n Tar\u0131m ve Orman Bakanl\u0131\u011f\u0131 Su \u00dcr\u00fcnleri Genel M\u00fcd\u00fcrl\u00fc\u011f\u00fcnce y\u00fcr\u00fct\u00fclen muhafaza ve denetim faaliyetlerine takviye olduklar\u0131n\u0131 da s\u00f6z eden Samsun, \u015f\u00f6yle konu\u015ftu:<\/p>\n<p><img decoding=\"async\" src=\"https:\/\/ikimisli.tr\/wp-content\/uploads\/2025\/09\/sofralara-bir-daha-hamsi-gelmeyebilir-1-ild6VfKK.jpg\"\/><\/p>\n<p>&#8220;Ancak bizim k\u0131y\u0131lar\u0131m\u0131zda avlanmayan hamsi G\u00fcrcistan&#8217;a gitti\u011fi vakit 5-6 santimetre uzunlu\u011funda bal\u0131k unu ve ya\u011f fabrikalar\u0131 i\u00e7in, kanatl\u0131 hayvan yemi yap\u0131lmak i\u00e7in avlan\u0131yor. O \u00fclkelerdeki kurumsal yap\u0131lar bizim \u00fclkemizdeki kadar geli\u015fmi\u015f olmad\u0131\u011f\u0131 i\u00e7in bu yanl\u0131\u015f uygulamalar hamsi stoklar\u0131n\u0131 olumsuz etkilemektedir. Pekala tahlil nedir? Bu alt\u0131 \u00fclkenin ortak tahliller getirerek ortak kararlar almas\u0131d\u0131r.&#8221;<\/p>\n<p>Samsun, T\u00fcrkiye&#8217;nin tek ba\u015f\u0131na al\u0131p uygulad\u0131\u011f\u0131 kararlar\u0131n \u00e7ok s\u00fcrd\u00fcr\u00fclebilir olamayaca\u011f\u0131na dikkati \u00e7ekerek, &#8220;Karadeniz Ekonomik Toplulu\u011fu toplant\u0131lar\u0131nda bu bahis g\u00fcndeme geliyor. T\u00fcrkiye Cumhuriyeti&#8217;nin diplomatlar\u0131, bilim insanlar\u0131 ara\u015ft\u0131rmalarla bilimsel olguyu ortaya koyuyorlar. Fakat biliniyor ki diplomasi sonu\u00e7 sanat\u0131d\u0131r. Biraz vakit al\u0131r. Biz T\u00fcrkiye Cumhuriyeti olarak ilgili \u00fcniteler, kurumlar ve akademik topluluk olarak \u00f6b\u00fcr \u00fclkelere aktar\u0131yoruz. Ortak bir karar almak i\u00e7in u\u011fra\u015flar s\u00fcr\u00fcyor. T\u00fcm \u00fclkelerin i\u015ftirakiyle k\u0131sa m\u00fcddette Karadeniz&#8217;deki b\u00fct\u00fcn bal\u0131klar i\u00e7in ortak bir karar al\u0131n\u0131r ve uygulan\u0131rsa hamsiyi bizden sonras\u0131 gelecek ku\u015faklara daha bol aktarabilece\u011fimizi d\u00fc\u015f\u00fcn\u00fcyoruz.&#8221; tabirini kulland\u0131.<\/p>\n","protected":false},"excerpt":{"rendered":"<p>Sinop \u00dcniversitesi Su \u00dcr\u00fcnleri Fak\u00fcltesi Su Eserleri Avlama Teknolojisi Ana Bilim Kolu Lideri Prof. Dr. Osman Samsun, hamsinin gelece\u011fi a\u00e7\u0131s\u0131ndan Karadeniz&#8217;e k\u0131y\u0131s\u0131 olan t\u00fcm \u00fclkelerin ortak kararlar alarak uygulamaya koymalar\u0131 gerekti\u011fini s\u00f6yledi.<\/p>\n","protected":false},"author":1,"featured_media":83737,"comment_status":"open","ping_status":"open","sticky":false,"template":"","format":"standard","meta":{"footnotes":""},"categories":[25],"tags":[1320,149,1555,163],"class_list":["post-83736","post","type-post","status-publish","format-standard","has-post-thumbnail","hentry","category-gundem","tag-hamsi","tag-karar","tag-samsun","tag-turk"],"_links":{"self":[{"href":"https:\/\/ikimisli.tr\/index.php\/wp-json\/wp\/v2\/posts\/83736","targetHints":{"allow":["GET"]}}],"collection":[{"href":"https:\/\/ikimisli.tr\/index.php\/wp-json\/wp\/v2\/posts"}],"about":[{"href":"https:\/\/ikimisli.tr\/index.php\/wp-json\/wp\/v2\/types\/post"}],"author":[{"embeddable":true,"href":"https:\/\/ikimisli.tr\/index.php\/wp-json\/wp\/v2\/users\/1"}],"replies":[{"embeddable":true,"href":"https:\/\/ikimisli.tr\/index.php\/wp-json\/wp\/v2\/comments?post=83736"}],"version-history":[{"count":1,"href":"https:\/\/ikimisli.tr\/index.php\/wp-json\/wp\/v2\/posts\/83736\/revisions"}],"predecessor-version":[{"id":83740,"href":"https:\/\/ikimisli.tr\/index.php\/wp-json\/wp\/v2\/posts\/83736\/revisions\/83740"}],"wp:featuredmedia":[{"embeddable":true,"href":"https:\/\/ikimisli.tr\/index.php\/wp-json\/wp\/v2\/media\/83737"}],"wp:attachment":[{"href":"https:\/\/ikimisli.tr\/index.php\/wp-json\/wp\/v2\/media?parent=83736"}],"wp:term":[{"taxonomy":"category","embeddable":true,"href":"https:\/\/ikimisli.tr\/index.php\/wp-json\/wp\/v2\/categories?post=83736"},{"taxonomy":"post_tag","embeddable":true,"href":"https:\/\/ikimisli.tr\/index.php\/wp-json\/wp\/v2\/tags?post=83736"}],"curies":[{"name":"wp","href":"https:\/\/api.w.org\/{rel}","templated":true}]}}