{"id":83762,"date":"2025-09-30T12:07:23","date_gmt":"2025-09-30T12:07:23","guid":{"rendered":"https:\/\/ikimisli.tr\/?p=83762"},"modified":"2025-09-30T12:07:23","modified_gmt":"2025-09-30T12:07:23","slug":"ekonomistlerin-eylul-ayi-enflasyon-beklenti-anketi-sonuclandi","status":"publish","type":"post","link":"https:\/\/ikimisli.tr\/index.php\/2025\/09\/30\/ekonomistlerin-eylul-ayi-enflasyon-beklenti-anketi-sonuclandi\/","title":{"rendered":"Ekonomistlerin eyl\u00fcl ay\u0131 Enflasyon Beklenti Anketi sonu\u00e7land\u0131"},"content":{"rendered":"<p>AA Finans&#8217;\u0131n T\u00fcrkiye \u0130statistik Kurumu (T\u00dc\u0130K) taraf\u0131ndan 3 Ekim Cuma g\u00fcn\u00fc a\u00e7\u0131klanacak eyl\u00fcl ay\u0131 enflasyon bilgilerine ait beklenti anketi, 26 ekonomistin i\u015ftirakiyle sonu\u00e7land\u0131.<\/p>\n<p>Ankete kat\u0131lan ekonomistlerin eyl\u00fclde ayl\u0131k enflasyon beklentilerinin ortalamas\u0131 y\u00fczde 2,47 oldu. Ekonomistlerin eyl\u00fcl ay\u0131 i\u00e7in enflasyon beklentileri y\u00fczde 1,95 ile y\u00fczde 2,70 aral\u0131\u011f\u0131nda yer ald\u0131.<\/p>\n<p>Ekonomistlerin eyl\u00fcl ay\u0131 enflasyon beklentilerinin ortalamas\u0131na nazaran (y\u00fczde 2,47) bir evvelki ay y\u00fczde 32,95 olan y\u0131ll\u0131k enflasyonun eyl\u00fclde y\u00fczde 32,31&#8217;e inece\u011fi \u00f6ng\u00f6r\u00fcl\u00fcyor.<\/p>\n<p>\u00d6te yandan, ekonomistlerin 2025 sonu enflasyon beklentisi eyl\u00fcl ay\u0131 prestijiyle y\u00fczde 30,09 oldu. Ekonomistlerin y\u0131l sonu i\u00e7in enflasyon beklentileri y\u00fczde 29,20 ile y\u00fczde 32,54 aral\u0131\u011f\u0131nda yer ald\u0131.<\/p>\n<p>T\u00fcketici Fiyat Endeksi, a\u011fustosta y\u00fczde 2,04 art\u0131\u015f kaydetmi\u015fti. 2025 y\u0131l\u0131 aylar prestijiyle ekonomistlerin enflasyon beklentileri ve ger\u00e7ekle\u015fmeler \u015f\u00f6yle:<\/p>\n<div>\n<table>\n<tbody>\n<tr>\n<td>Tarih<\/td>\n<td><strong>Ekonomistlerin y\u0131l sonu enflasyon beklentisi (Y\u00fczde)<\/strong><\/td>\n<td><strong>Ayl\u0131k Beklenti (Y\u00fczde)<\/strong><\/td>\n<td><strong>Ger\u00e7ekle\u015fme (Y\u00fczde)<\/strong><\/td>\n<\/tr>\n<tr>\n<td>Ocak<\/td>\n<td>27,58<\/td>\n<td>4,29<\/td>\n<td>5,03<\/td>\n<\/tr>\n<tr>\n<td>\u015eubat<\/td>\n<td>28,67<\/td>\n<td>2,97<\/td>\n<td>2,27<\/td>\n<\/tr>\n<tr>\n<td>Mart<\/td>\n<td>30,62<\/td>\n<td>2,87<\/td>\n<td>2,46<\/td>\n<\/tr>\n<tr>\n<td>Nisan<\/td>\n<td>31,16<\/td>\n<td>3,24<\/td>\n<td>3<\/td>\n<\/tr>\n<tr>\n<td>May\u0131s<\/td>\n<td>31,17<\/td>\n<td>2,10<\/td>\n<td>1,53<\/td>\n<\/tr>\n<tr>\n<td>Haziran<\/td>\n<td>30,41<\/td>\n<td>1,53<\/td>\n<td>1,37<\/td>\n<\/tr>\n<tr>\n<td>Temmuz<\/td>\n<td>30,32<\/td>\n<td>2,34<\/td>\n<td>2,06<\/td>\n<\/tr>\n<tr>\n<td>A\u011fustos<\/td>\n<td>29,70<\/td>\n<td>1,79<\/td>\n<td>2,04<\/td>\n<\/tr>\n<tr>\n<td>Eyl\u00fcl<\/td>\n<td>30,09<\/td>\n<td>2,47<\/td>\n<td>\u00a0<\/td>\n<\/tr>\n<\/tbody>\n<\/table><\/div>\n","protected":false},"excerpt":{"rendered":"<p>AA Finans Anketi\u2019ne nazaran, eyl\u00fclde T\u00dcFE\u2019nin y\u00fczde 2,47 artmas\u0131 \u00f6ng\u00f6r\u00fcl\u00fcyor. Bu kestirim ger\u00e7ekle\u015firse y\u0131ll\u0131k enflasyonun y\u00fczde 32,31\u2019e gerilemesi bekleniyor.<\/p>\n","protected":false},"author":1,"featured_media":83763,"comment_status":"open","ping_status":"open","sticky":false,"template":"","format":"standard","meta":{"footnotes":""},"categories":[24],"tags":[6910,9380,8868],"class_list":["post-83762","post","type-post","status-publish","format-standard","has-post-thumbnail","hentry","category-ekonomi","tag-ekonomistlerin","tag-enflasyon-beklentileri","tag-eylul"],"_links":{"self":[{"href":"https:\/\/ikimisli.tr\/index.php\/wp-json\/wp\/v2\/posts\/83762","targetHints":{"allow":["GET"]}}],"collection":[{"href":"https:\/\/ikimisli.tr\/index.php\/wp-json\/wp\/v2\/posts"}],"about":[{"href":"https:\/\/ikimisli.tr\/index.php\/wp-json\/wp\/v2\/types\/post"}],"author":[{"embeddable":true,"href":"https:\/\/ikimisli.tr\/index.php\/wp-json\/wp\/v2\/users\/1"}],"replies":[{"embeddable":true,"href":"https:\/\/ikimisli.tr\/index.php\/wp-json\/wp\/v2\/comments?post=83762"}],"version-history":[{"count":1,"href":"https:\/\/ikimisli.tr\/index.php\/wp-json\/wp\/v2\/posts\/83762\/revisions"}],"predecessor-version":[{"id":83764,"href":"https:\/\/ikimisli.tr\/index.php\/wp-json\/wp\/v2\/posts\/83762\/revisions\/83764"}],"wp:featuredmedia":[{"embeddable":true,"href":"https:\/\/ikimisli.tr\/index.php\/wp-json\/wp\/v2\/media\/83763"}],"wp:attachment":[{"href":"https:\/\/ikimisli.tr\/index.php\/wp-json\/wp\/v2\/media?parent=83762"}],"wp:term":[{"taxonomy":"category","embeddable":true,"href":"https:\/\/ikimisli.tr\/index.php\/wp-json\/wp\/v2\/categories?post=83762"},{"taxonomy":"post_tag","embeddable":true,"href":"https:\/\/ikimisli.tr\/index.php\/wp-json\/wp\/v2\/tags?post=83762"}],"curies":[{"name":"wp","href":"https:\/\/api.w.org\/{rel}","templated":true}]}}