{"id":83871,"date":"2025-09-30T17:55:23","date_gmt":"2025-09-30T17:55:23","guid":{"rendered":"https:\/\/ikimisli.tr\/?p=83871"},"modified":"2025-09-30T17:55:23","modified_gmt":"2025-09-30T17:55:23","slug":"ozgur-ozel-ferdi-zeyrek-vakfinin-acilisinda-duygusal-konusma-yapti-bu-hikaye-burada-bitmemeli","status":"publish","type":"post","link":"https:\/\/ikimisli.tr\/index.php\/2025\/09\/30\/ozgur-ozel-ferdi-zeyrek-vakfinin-acilisinda-duygusal-konusma-yapti-bu-hikaye-burada-bitmemeli\/","title":{"rendered":"\u00d6zg\u00fcr \u00d6zel, Ferdi Zeyrek Vakf\u0131\u2019n\u0131n a\u00e7\u0131l\u0131\u015f\u0131nda duygusal konu\u015fma yapt\u0131: \u201cBu hikaye burada bitmemeli\u201d"},"content":{"rendered":"<p>\u00d6zg\u00fcr \u00d6zel konu\u015fmas\u0131nda, yak\u0131n dostu ve siyaset arkada\u015f\u0131 olan Ferdi Zeyrek\u2019in vefat\u0131n\u0131n akabinde duyduklar\u0131 b\u00fcy\u00fck ac\u0131y\u0131 lisana getirerek, \u201cO g\u00fcn 40 mum yand\u0131 hepimizin y\u00fcre\u011finde. Her g\u00fcn biri s\u00f6n\u00fcyor ancak o son mum, Ferdi\u2019nin ismi her ge\u00e7ti\u011finde yanmaya devam edecek\u201d tabirlerini kulland\u0131.<\/p>\n<p>Ancak yas tutman\u0131n \u00f6tesine ge\u00e7ilmesi gerekti\u011fini vurgulayan \u00d6zel, \u201cFerdi ya\u015fasayd\u0131 bug\u00fcn yapt\u0131\u011f\u0131m\u0131z i\u015fi yapmam\u0131z\u0131 isterdi. O daima \u00fcretmeyi, yarar sa\u011flamay\u0131 tercih ederdi\u201d dedi.<\/p>\n<p>Ferdi Zeyrek\u2019in kent sevgisini, mesleksel birikimini ve insan odakl\u0131 yakla\u015f\u0131m\u0131n\u0131 anlatan \u00d6zg\u00fcr \u00d6zel, onun bir\u00e7ok projesine ve vizyonuna yak\u0131ndan tan\u0131kl\u0131k etti\u011fini belirtti. \u201cManisa\u2019n\u0131n sembol yap\u0131s\u0131 Beyaz Fil\u2019in y\u0131k\u0131lmamas\u0131, Mimar Sinan heykelinin dikilmesi, hepsi Ferdi sayesinde oldu\u201d diyen \u00d6zel, Zeyrek\u2019in belediye ba\u015fkanl\u0131\u011f\u0131 m\u00fchletince Manisa i\u00e7in b\u00fcy\u00fck hayaller kurdu\u011funu s\u00f6z etti.<\/p>\n<p>\u00d6zel, Manisa merkezindeki Bat\u0131 K\u0131\u015fla yerinin bir kent orman\u0131na d\u00f6n\u00fc\u015ft\u00fcr\u00fclmesinin de Zeyrek\u2019in son hayallerinden biri oldu\u011funu s\u00f6yledi ve bu projenin \u201cFerdi Zeyrek Kent Orman\u0131\u201d ismiyle ya\u015fat\u0131lmas\u0131 gerekti\u011fini belirtti.<\/p>\n<p><b>&#8220;FERD\u0130&#8217;N\u0130N \u00c7OCUKLARINA SAH\u0130P \u00c7IKMAK FAK\u0130R \u00c7OCUKLARA SAH\u0130P \u00c7IKMAKTIR&#8221;<\/b><\/p>\n<p>Vak\u0131f arac\u0131l\u0131\u011f\u0131yla yaln\u0131zca Zeyrek\u2019in ailesine de\u011fil, t\u00fcm \u00e7ocuklara ve gen\u00e7lere sahip \u00e7\u0131k\u0131lmas\u0131n\u0131n hedeflendi\u011fini belirten \u00d6zel, \u201cFerdi\u2019nin \u00e7ocuklar\u0131na sahip \u00e7\u0131kmak demek yaln\u0131zca Nehir\u2019e ya da ikizlerine sahip \u00e7\u0131kmak de\u011fil; \u00fclkenin fakir \u00e7ocuklar\u0131na da sahip \u00e7\u0131kmakt\u0131r. Bu vak\u0131f, bu emeli ta\u015f\u0131yor\u201d dedi.<\/p>\n<p>Vakf\u0131n birinci gayelerinden biri olarak, \u00f6\u011frencilere burs verilmesi ve gurbetteki Manisal\u0131 gen\u00e7lere takviye olunmas\u0131 planlan\u0131yor.<\/p>\n<p><b>&#8220;VAKFI S\u0130YAS\u0130 K\u0130ML\u0130KLERDEN UZAK TUTTUK&#8221;<\/b><\/p>\n<p>Vakf\u0131n siyaset \u00fcst\u00fc bir yap\u0131da olu\u015fturuldu\u011funu vurgulayan \u00d6zel, idarede siyasi bir isim bulunmad\u0131\u011f\u0131n\u0131 belirterek t\u00fcm siyasi partilere davette bulundu. \u201cFerdi siyaset \u00fcst\u00fc bir hizmet anlay\u0131\u015f\u0131na sahipti. T\u00fcm partilerin y\u00f6neticileriyle birlikte bu vakf\u0131n ard\u0131nda durmam\u0131z gerekir\u201d dedi.<\/p>\n<p>Konu\u015fmas\u0131n\u0131n sonunda, Ferdi Zeyrek\u2019in Manisa sevgisini ve halkla olan ba\u011f\u0131n\u0131 vurgulayan \u00d6zel, \u201cBu vak\u0131f bir Manisa du\u015funa, bir g\u00fczellik sevdas\u0131na sahip \u00e7\u0131kmakt\u0131r. Yas\u0131m\u0131z\u0131 \u00e7al\u0131\u015farak, hizmet ederek ya\u015fatal\u0131m. Bu ba\u015flang\u0131\u00e7, yanl\u0131\u015fs\u0131z niyetlerle yap\u0131lan g\u00fc\u00e7l\u00fc bir ad\u0131md\u0131r\u201d diyerek kelamlar\u0131n\u0131 tamamlad\u0131.<\/p>\n","protected":false},"excerpt":{"rendered":"<p>Cumhuriyet Halk Partisi (CHP) Genel Lideri \u00d6zg\u00fcr \u00d6zel, Manisa\u2019da kurulan Ferdi Zeyrek Vakf\u0131n\u0131n a\u00e7\u0131l\u0131\u015f merasimine kat\u0131ld\u0131. Ge\u00e7ti\u011fimiz aylarda hayat\u0131n\u0131 kaybeden Manisa B\u00fcy\u00fck\u015fehir Belediye Ba\u015fkan\u0131 Ferdi Zeyrek\u2019in an\u0131s\u0131n\u0131 ya\u015fatmak ve onun yar\u0131m kalan hayallerini s\u00fcrd\u00fcrmek gayesiyle kurulan vakf\u0131n a\u00e7\u0131l\u0131\u015f\u0131nda duygusal anlar ya\u015fand\u0131.<\/p>\n","protected":false},"author":1,"featured_media":83872,"comment_status":"open","ping_status":"open","sticky":false,"template":"","format":"standard","meta":{"footnotes":""},"categories":[25],"tags":[1179,4982],"class_list":["post-83871","post","type-post","status-publish","format-standard","has-post-thumbnail","hentry","category-gundem","tag-ferdi","tag-manisa"],"_links":{"self":[{"href":"https:\/\/ikimisli.tr\/index.php\/wp-json\/wp\/v2\/posts\/83871","targetHints":{"allow":["GET"]}}],"collection":[{"href":"https:\/\/ikimisli.tr\/index.php\/wp-json\/wp\/v2\/posts"}],"about":[{"href":"https:\/\/ikimisli.tr\/index.php\/wp-json\/wp\/v2\/types\/post"}],"author":[{"embeddable":true,"href":"https:\/\/ikimisli.tr\/index.php\/wp-json\/wp\/v2\/users\/1"}],"replies":[{"embeddable":true,"href":"https:\/\/ikimisli.tr\/index.php\/wp-json\/wp\/v2\/comments?post=83871"}],"version-history":[{"count":1,"href":"https:\/\/ikimisli.tr\/index.php\/wp-json\/wp\/v2\/posts\/83871\/revisions"}],"predecessor-version":[{"id":83873,"href":"https:\/\/ikimisli.tr\/index.php\/wp-json\/wp\/v2\/posts\/83871\/revisions\/83873"}],"wp:featuredmedia":[{"embeddable":true,"href":"https:\/\/ikimisli.tr\/index.php\/wp-json\/wp\/v2\/media\/83872"}],"wp:attachment":[{"href":"https:\/\/ikimisli.tr\/index.php\/wp-json\/wp\/v2\/media?parent=83871"}],"wp:term":[{"taxonomy":"category","embeddable":true,"href":"https:\/\/ikimisli.tr\/index.php\/wp-json\/wp\/v2\/categories?post=83871"},{"taxonomy":"post_tag","embeddable":true,"href":"https:\/\/ikimisli.tr\/index.php\/wp-json\/wp\/v2\/tags?post=83871"}],"curies":[{"name":"wp","href":"https:\/\/api.w.org\/{rel}","templated":true}]}}