{"id":83943,"date":"2025-09-30T22:07:23","date_gmt":"2025-09-30T22:07:23","guid":{"rendered":"https:\/\/ikimisli.tr\/?p=83943"},"modified":"2025-09-30T22:07:23","modified_gmt":"2025-09-30T22:07:23","slug":"mutlak-butlani-kabul-etti","status":"publish","type":"post","link":"https:\/\/ikimisli.tr\/index.php\/2025\/09\/30\/mutlak-butlani-kabul-etti\/","title":{"rendered":"Mutlak butlan\u0131 kabul etti"},"content":{"rendered":"<p>Eski CHP Genel Ba\u015fkan\u0131 Kemal K\u0131l\u0131\u00e7daro\u011flu\u2019nun yeniden partinin ba\u015f\u0131na ge\u00e7ip ge\u00e7meyece\u011fi g\u00fcnlerce konu\u015fulmu\u015ftu. 24 Haziran 2025 tarihli S\u00f6zc\u00fc Gazetesi\u2019nde de K\u0131l\u0131\u00e7daro\u011flu \u2018Umar\u0131m, mutlak butlan \u00e7\u0131kmaz lakin olursa da partimi kayyuma terk edemem. Ben kabul etmesem kayyum gelecek.<\/p>\n<p><img decoding=\"async\" src=\"https:\/\/ikimisli.tr\/wp-content\/uploads\/2025\/09\/mutlak-butlani-kabul-etti-0-czJdKARN.jpg\"\/><\/p>\n<p>Kayyuma m\u0131 b\u0131rakay\u0131m? Karardan sonra \u00d6zel ile oturur konu\u015furuz\u2019 kelamlar\u0131yla g\u00fcndeme gelmi\u015fti. Gazeteci Faruk Bildirici, bu konuyu CHP eski lideri \u00a0ile konu\u015ftu\u011funu K\u0131l\u0131\u00e7daro\u011flu\u2019nun kendisine \u015fu a\u00e7\u0131klamay\u0131 yapt\u0131\u011f\u0131n\u0131 BirG\u00dcN\u2019deki k\u00f6\u015fesine ta\u015f\u0131d\u0131: \u201cHaziran ay\u0131nda a\u00e7\u0131klad\u0131\u011f\u0131m ve haberi yapan gazetenin 8 s\u00fctunluk man\u015fetinde yer alan, bilgimin, fikrimin ve dahlimin olmad\u0131\u011f\u0131 bir s\u00fcre\u00e7 ile ilgili soruya cevaben \u201cPartimizi kayyuma b\u0131rakamay\u0131z\u201d kelam\u0131ndan kas\u0131t; \u2018Kamuoyunda konu\u015fulan bi\u00e7imiyle bir sonu\u00e7la kar\u015f\u0131 kar\u015f\u0131ya kal\u0131rsak, evvelki periyot genel liderlerimiz, partimizin yetkili organlar\u0131, milletvekilleri, vilayet ve il\u00e7e liderlerimizle bir ortaya gelerek ortak akla ba\u015fvurur ve bu d\u00fc\u015f\u00fcnceli s\u00fcreci d\u0131\u015fardan bir kayyuma b\u0131rakmadan parti i\u00e7inde el ele a\u015far\u0131z\u2019 idi.\u201d<br \/>Yap\u0131c\u0131 ve \u00e2l\u00e2 niyetli b\u00fct\u00fcn tenkitler i\u00e7in herkese te\u015fekk\u00fcr ederim.\u201d<\/p>\n","protected":false},"excerpt":{"rendered":"<p>Kemal K\u0131l\u0131\u00e7daro\u011flu, S\u00d6ZC\u00dc\u2019de \u00e7\u0131kan haberine ait \u015fu a\u00e7\u0131klamay\u0131 yapt\u0131: \u201cBu k\u00fclfetli s\u00fcreci kayyuma b\u0131rakmadan el ele a\u015far\u0131z demek istedim.\u201d<\/p>\n","protected":false},"author":1,"featured_media":83944,"comment_status":"open","ping_status":"open","sticky":false,"template":"","format":"standard","meta":{"footnotes":""},"categories":[25],"tags":[303,189],"class_list":["post-83943","post","type-post","status-publish","format-standard","has-post-thumbnail","hentry","category-gundem","tag-kayyum","tag-parti"],"_links":{"self":[{"href":"https:\/\/ikimisli.tr\/index.php\/wp-json\/wp\/v2\/posts\/83943","targetHints":{"allow":["GET"]}}],"collection":[{"href":"https:\/\/ikimisli.tr\/index.php\/wp-json\/wp\/v2\/posts"}],"about":[{"href":"https:\/\/ikimisli.tr\/index.php\/wp-json\/wp\/v2\/types\/post"}],"author":[{"embeddable":true,"href":"https:\/\/ikimisli.tr\/index.php\/wp-json\/wp\/v2\/users\/1"}],"replies":[{"embeddable":true,"href":"https:\/\/ikimisli.tr\/index.php\/wp-json\/wp\/v2\/comments?post=83943"}],"version-history":[{"count":1,"href":"https:\/\/ikimisli.tr\/index.php\/wp-json\/wp\/v2\/posts\/83943\/revisions"}],"predecessor-version":[{"id":83946,"href":"https:\/\/ikimisli.tr\/index.php\/wp-json\/wp\/v2\/posts\/83943\/revisions\/83946"}],"wp:featuredmedia":[{"embeddable":true,"href":"https:\/\/ikimisli.tr\/index.php\/wp-json\/wp\/v2\/media\/83944"}],"wp:attachment":[{"href":"https:\/\/ikimisli.tr\/index.php\/wp-json\/wp\/v2\/media?parent=83943"}],"wp:term":[{"taxonomy":"category","embeddable":true,"href":"https:\/\/ikimisli.tr\/index.php\/wp-json\/wp\/v2\/categories?post=83943"},{"taxonomy":"post_tag","embeddable":true,"href":"https:\/\/ikimisli.tr\/index.php\/wp-json\/wp\/v2\/tags?post=83943"}],"curies":[{"name":"wp","href":"https:\/\/api.w.org\/{rel}","templated":true}]}}