{"id":83990,"date":"2025-10-01T00:19:22","date_gmt":"2025-10-01T00:19:22","guid":{"rendered":"https:\/\/ikimisli.tr\/?p=83990"},"modified":"2025-10-01T00:19:22","modified_gmt":"2025-10-01T00:19:22","slug":"gullunun-korktugu-basina-geldi","status":"publish","type":"post","link":"https:\/\/ikimisli.tr\/index.php\/2025\/10\/01\/gullunun-korktugu-basina-geldi\/","title":{"rendered":"G\u00fcll\u00fc&#8217;n\u00fcn korktu\u011fu ba\u015f\u0131na geldi"},"content":{"rendered":"<p>G\u00fcll\u00fc\u2019n\u00fcn mevtinde birinci bulgular, d\u00fc\u015fmenin y\u00fcksekten kaynakland\u0131\u011f\u0131n\u0131 g\u00f6steriyor.<\/p>\n<p>Soru\u015fturma kapsam\u0131nda haz\u0131rlanan savc\u0131l\u0131k raporuna nazaran, sanat\u00e7\u0131 o gece meskende k\u0131z\u0131 Tuyan \u00dclkem ve temizlik\u00e7isi \u0130stek Arslan ile birlikteydi.<\/p>\n<p>K\u0131z\u0131, tabirinde ak\u015fam yeme\u011finin akabinde sinema izlediklerini, ilerleyen saatlerde ise annesinin Roman havas\u0131 e\u015fli\u011finde oynad\u0131\u011f\u0131n\u0131, saat 01.20 sular\u0131nda bir anda istikrar\u0131n\u0131 kaybederek a\u00e7\u0131k pencereden d\u00fc\u015ft\u00fc\u011f\u00fcn\u00fc s\u00f6yledi.<\/p>\n<p><b>KAYGAN TABAN DETAYI<\/b><\/p>\n<p>Olay yeri incelemesinde teras taban\u0131nda sabun kal\u0131nt\u0131lar\u0131na rastland\u0131. Yerin bu nedenle kaygan oldu\u011fu raporlara yans\u0131d\u0131.<\/p>\n<p>Bu durum, kazan\u0131n pakl\u0131k s\u0131ras\u0131nda kullan\u0131lan gere\u00e7lerle irtibatl\u0131 olabilece\u011fi ihtimalini g\u00fcndeme getirdi.<\/p>\n<p><b>TEM\u0130ZL\u0130K\u00c7\u0130DEN D\u0130KKAT \u00c7EKEN \u0130FADE<\/b><\/p>\n<p>G\u00fcll\u00fc\u2019n\u00fcn uzun y\u0131llard\u0131r yan\u0131nda \u00e7al\u0131\u015fan Dilek Arslan, sanatkar\u0131n pakl\u0131k konusundaki titizli\u011fini vurgulad\u0131.<\/p>\n<p>Show Ana Haber\u2019e konu\u015fan Arslan, \u201c\u00c7ok hassast\u0131, daima pakl\u0131k yap\u0131lmas\u0131n\u0131 isterdi. Kokulu deterjanlar\u0131 severdi.<\/p>\n<p>Bana, \u2018Arzu, pakl\u0131k malzemen bittiyse s\u00f6yle\u2019 kayg\u0131s\u0131. Ben \u00e7ama\u015f\u0131r suyunu sadece lavaboda kullan\u0131rd\u0131m lakin o sabun kokulu deterjanla yerleri silmemi isterdi,\u201d dedi.<\/p>\n","protected":false},"excerpt":{"rendered":"<p>&#8216;G\u00fcll\u00fc&#8217; olarak tan\u0131nan G\u00fcl Tut, 28 Eyl\u00fcl gecesi Yalova&#8217;n\u0131n \u00c7\u0131narc\u0131k il\u00e7esindeki meskeninin kapal\u0131 teras\u0131ndan d\u00fc\u015ferek hayat\u0131n\u0131 kaybetti. Vefat\u0131na ait soru\u015fturma s\u00fcrerken, G\u00fcll\u00fc&#8217;n\u00fcn temizlik\u00e7isinden dikkat \u00e7eken a\u00e7\u0131klamalar geldi.<\/p>\n","protected":false},"author":1,"featured_media":83991,"comment_status":"open","ping_status":"open","sticky":false,"template":"","format":"standard","meta":{"footnotes":""},"categories":[25],"tags":[6310],"class_list":["post-83990","post","type-post","status-publish","format-standard","has-post-thumbnail","hentry","category-gundem","tag-temizlik"],"_links":{"self":[{"href":"https:\/\/ikimisli.tr\/index.php\/wp-json\/wp\/v2\/posts\/83990","targetHints":{"allow":["GET"]}}],"collection":[{"href":"https:\/\/ikimisli.tr\/index.php\/wp-json\/wp\/v2\/posts"}],"about":[{"href":"https:\/\/ikimisli.tr\/index.php\/wp-json\/wp\/v2\/types\/post"}],"author":[{"embeddable":true,"href":"https:\/\/ikimisli.tr\/index.php\/wp-json\/wp\/v2\/users\/1"}],"replies":[{"embeddable":true,"href":"https:\/\/ikimisli.tr\/index.php\/wp-json\/wp\/v2\/comments?post=83990"}],"version-history":[{"count":1,"href":"https:\/\/ikimisli.tr\/index.php\/wp-json\/wp\/v2\/posts\/83990\/revisions"}],"predecessor-version":[{"id":83992,"href":"https:\/\/ikimisli.tr\/index.php\/wp-json\/wp\/v2\/posts\/83990\/revisions\/83992"}],"wp:featuredmedia":[{"embeddable":true,"href":"https:\/\/ikimisli.tr\/index.php\/wp-json\/wp\/v2\/media\/83991"}],"wp:attachment":[{"href":"https:\/\/ikimisli.tr\/index.php\/wp-json\/wp\/v2\/media?parent=83990"}],"wp:term":[{"taxonomy":"category","embeddable":true,"href":"https:\/\/ikimisli.tr\/index.php\/wp-json\/wp\/v2\/categories?post=83990"},{"taxonomy":"post_tag","embeddable":true,"href":"https:\/\/ikimisli.tr\/index.php\/wp-json\/wp\/v2\/tags?post=83990"}],"curies":[{"name":"wp","href":"https:\/\/api.w.org\/{rel}","templated":true}]}}