{"id":83997,"date":"2025-10-01T00:43:38","date_gmt":"2025-10-01T00:43:38","guid":{"rendered":"https:\/\/ikimisli.tr\/?p=83997"},"modified":"2025-10-01T00:43:38","modified_gmt":"2025-10-01T00:43:38","slug":"ne-koc-ne-sabanci-turkiyenin-en-buyuk-holdingi-degisti","status":"publish","type":"post","link":"https:\/\/ikimisli.tr\/index.php\/2025\/10\/01\/ne-koc-ne-sabanci-turkiyenin-en-buyuk-holdingi-degisti\/","title":{"rendered":"Ne Ko\u00e7 ne Sabanc\u0131&#8230; T\u00fcrkiye&#8217;nin en b\u00fcy\u00fck holdingi de\u011fi\u015fti"},"content":{"rendered":"<p>Kayyum haberleri arka arda gelirken Tasarruf Mevduat\u0131 Sigorta Fonu\u2019nun (TMSF) kayyumluk vazifesini \u00fcstlendi\u011fi \u015firket say\u0131s\u0131 da bir y\u0131lda y\u00fczde 44.7 artt\u0131. TMSF denetimindeki \u015firket say\u0131s\u0131 1.002\u2019ye \u00e7\u0131kt\u0131. Bal\u0131kesir Milletvekili Burak Dalg\u0131n \u201cTMSF, T\u00fcrkiye\u2019nin en b\u00fcy\u00fck holdingleri aras\u0131nda\u201d dedi. Dalg\u0131n payla\u015f\u0131m\u0131nda \u201cT\u00fcrkiye Varl\u0131k Fonu ve K\u0130T\u2019leri de sayarsak devlet en b\u00fcy\u00fck m\u00fcte\u015febbis haline gelmi\u015f olabilir\u201d s\u00f6zlerini kulland\u0131.<\/p>\n<p>Finansal piyasalar uzman\u0131 \u0130ris Cibre, \u201cTMSF\u2019nin kayyumluk vazifesini s\u00fcrd\u00fcrd\u00fc\u011f\u00fc \u015firket say\u0131s\u0131, Park Holding ve \u015firketleri hari\u00e7 1.012. Eyl\u00fcl 2024\u2019te bu say\u0131 699\u2019du\u201d bilgisini payla\u015ft\u0131. \u201c1.000\u2019in \u00fczerinde \u015firketin idaresinde olan koca bir fon\u201d nitelemesi yapan Cibre, bu yap\u0131yla fonun faal b\u00fcy\u00fckl\u00fc\u011f\u00fcn\u00fcn haziranda 500 milyar TL\u2019ye yak\u0131n b\u00fcy\u00fckl\u00fckte oldu\u011funu s\u00f6z etti. Bu \u015firketlerde ka\u00e7 ki\u015fi \u00e7al\u0131\u015ft\u0131\u011f\u0131 a\u015fik\u00e2r de\u011fil. Nisan 2025\u2019te 770 \u015firkette 40 bini a\u015fan \u00e7al\u0131\u015fan oldu\u011fu a\u00e7\u0131kland\u0131.<\/p>\n<p><strong>T\u00dcS\u0130AD&#8217;\u00c7ILAR TMSF&#8217;N\u0130N BU YETK\u0130S\u0130N\u0130 ELE\u015eT\u0130RM\u0130\u015eT\u0130<\/strong><\/p>\n<p>\u0130stanbul Cumhuriyet Ba\u015fsavc\u0131l\u0131\u011f\u0131, Turgay Ciner\u2019e yakalama karar\u0131 \u00e7\u0131kar\u0131lmas\u0131, \u015firketlerine de kayyum atanmas\u0131 karar\u0131na destek olarak \u015fu a\u00e7\u0131klamay\u0131 yapm\u0131\u015ft\u0131:<\/p>\n<p>\u201cCMK 133\/1 ve CMK 133\/4-a-7 unsurlar\u0131 ile 04\/02\/2025 tarihli Resm\u00ee Gazete\u2019de yay\u0131mlanan 7539 say\u0131l\u0131 Kanunun 7. unsuru uyar\u0131nca \u0130stanbul 4.Sulh Ceza Hakimli\u011finin 28\/09\/2025 tarihli karar\u0131 ile TMSF Ba\u015fkanl\u0131\u011f\u0131 idare kayyumu olarak atanm\u0131\u015ft\u0131r.\u201d<\/p>\n<p>Gazeteci Bahad\u0131r \u00d6zg\u00fcr, ba\u015fsavc\u0131l\u0131\u011f\u0131n at\u0131f yapt\u0131\u011f\u0131 hususun T\u00dcS\u0130AD y\u00f6neticilerinin g\u00f6zalt\u0131na al\u0131nmas\u0131na m\u00fcnasebet g\u00f6sterilen husus oldu\u011funu hat\u0131rlatt\u0131.\u00a0<\/p>\n<p>Yasa yay\u0131mland\u0131ktan sonra 13 \u015eubat\u2019taki T\u00dcS\u0130AD toplant\u0131s\u0131nda, Y\u00f6netim Kurulu Lideri Orhan Turan iktidar\u0131 ele\u015ftirmi\u015f, \u201cYeni yasal d\u00fczenlemelerle, kamu g\u00f6revlilerinin Devlet Denetleme Kurulu taraf\u0131ndan misyondan al\u0131nmas\u0131n\u0131n ve TMSF\u2019nin \u015firketlere kayyum olarak atanmas\u0131n\u0131n kolayla\u015ft\u0131\u011f\u0131n\u0131\u201d s\u00f6ylemi\u015fti Turan, \u201cSu\u00e7 i\u015flemek hedefiyle \u00f6rg\u00fct kurmak, galiba art\u0131k \u015firket kurmaktan daha kolay\u201d demi\u015fti.<\/p>\n<p>Y\u00fcksek \u0130sti\u015fare Kurulu Lideri \u00d6mer Aras ise belediye liderlerinin vazifeden al\u0131nmas\u0131n\u0131 ele\u015ftirmi\u015fti. Cumhurba\u015fkan\u0131 Erdo\u011fan, dernek idaresinin \u201chaddini a\u015ft\u0131\u011f\u0131n\u0131\u201d s\u00f6ylemi\u015fti. Turan, Y\u00fcksek \u0130sti\u015fare Kurulu Lideri \u00d6mer Aras ile bir arada g\u00f6zalt\u0131na al\u0131n\u0131p savc\u0131l\u0131\u011fa \u00e7\u0131kar\u0131ld\u0131. Dava ise h\u00e2l\u00e2 s\u00fcr\u00fcyor.<\/p>\n","protected":false},"excerpt":{"rendered":"<p>Tasarruf Mevduat\u0131 Sigorta Fonu, 1002 \u015firketiyle en b\u00fcy\u00fck holding oldu. \u015eirketlerde ka\u00e7 ki\u015fi \u00e7al\u0131\u015ft\u0131\u011f\u0131 bilinmiyor, 6 ay evvel 770 \u015firkette 40 bin \u00e7al\u0131\u015fandan kelam ediliyordu, binlerce ki\u015filik Can ve Ciner Holding ile say\u0131n\u0131n \u00e7ok daha \u00fcstlere \u00e7\u0131kt\u0131\u011f\u0131 ise kesin.<\/p>\n","protected":false},"author":1,"featured_media":83998,"comment_status":"open","ping_status":"open","sticky":false,"template":"","format":"standard","meta":{"footnotes":""},"categories":[24],"tags":[303,402,5944],"class_list":["post-83997","post","type-post","status-publish","format-standard","has-post-thumbnail","hentry","category-ekonomi","tag-kayyum","tag-sirket","tag-tmsf"],"_links":{"self":[{"href":"https:\/\/ikimisli.tr\/index.php\/wp-json\/wp\/v2\/posts\/83997","targetHints":{"allow":["GET"]}}],"collection":[{"href":"https:\/\/ikimisli.tr\/index.php\/wp-json\/wp\/v2\/posts"}],"about":[{"href":"https:\/\/ikimisli.tr\/index.php\/wp-json\/wp\/v2\/types\/post"}],"author":[{"embeddable":true,"href":"https:\/\/ikimisli.tr\/index.php\/wp-json\/wp\/v2\/users\/1"}],"replies":[{"embeddable":true,"href":"https:\/\/ikimisli.tr\/index.php\/wp-json\/wp\/v2\/comments?post=83997"}],"version-history":[{"count":1,"href":"https:\/\/ikimisli.tr\/index.php\/wp-json\/wp\/v2\/posts\/83997\/revisions"}],"predecessor-version":[{"id":83999,"href":"https:\/\/ikimisli.tr\/index.php\/wp-json\/wp\/v2\/posts\/83997\/revisions\/83999"}],"wp:featuredmedia":[{"embeddable":true,"href":"https:\/\/ikimisli.tr\/index.php\/wp-json\/wp\/v2\/media\/83998"}],"wp:attachment":[{"href":"https:\/\/ikimisli.tr\/index.php\/wp-json\/wp\/v2\/media?parent=83997"}],"wp:term":[{"taxonomy":"category","embeddable":true,"href":"https:\/\/ikimisli.tr\/index.php\/wp-json\/wp\/v2\/categories?post=83997"},{"taxonomy":"post_tag","embeddable":true,"href":"https:\/\/ikimisli.tr\/index.php\/wp-json\/wp\/v2\/tags?post=83997"}],"curies":[{"name":"wp","href":"https:\/\/api.w.org\/{rel}","templated":true}]}}