{"id":84000,"date":"2025-10-01T00:55:21","date_gmt":"2025-10-01T00:55:21","guid":{"rendered":"https:\/\/ikimisli.tr\/?p=84000"},"modified":"2025-10-01T00:55:21","modified_gmt":"2025-10-01T00:55:21","slug":"dunya-bu-gelismeyi-konusuyor-netenyahu-ozur-diledi","status":"publish","type":"post","link":"https:\/\/ikimisli.tr\/index.php\/2025\/10\/01\/dunya-bu-gelismeyi-konusuyor-netenyahu-ozur-diledi\/","title":{"rendered":"D\u00fcnya bu geli\u015fmeyi konu\u015fuyor: Netenyahu \u00f6z\u00fcr diledi"},"content":{"rendered":"<p>Beyaz Saray, Trump\u2019\u0131n Netanyahu ve Al Sani ile \u00fc\u00e7l\u00fc bir telefon g\u00f6r\u00fc\u015fmesi yapt\u0131\u011f\u0131n\u0131 a\u00e7\u0131klad\u0131.<\/p>\n<p>Oval Ofis\u2019te Netanyahu\u2019yu a\u011f\u0131rlayan Trump\u2019\u0131n talebiyle ger\u00e7ekle\u015fen g\u00f6r\u00fc\u015fmede, Trump\u2019\u0131n \u0130srail-Katar ilgilerinin olumlu seyretmesini istedi\u011fi vurguland\u0131.<\/p>\n<p>A\u00e7\u0131klamada, yeni bir d\u00fczenek kurulaca\u011f\u0131na i\u015faret edilerek, Netanyahu\u2019nun Katar\u2019daki Hamas gayelerine y\u00f6nelik ak\u0131nda bir Katarl\u0131 askerin ezkaza \u00f6ld\u00fcr\u00fclmesinden \u00f6t\u00fcr\u00fc derin \u0131st\u0131rap duydu\u011funu ve Katar\u2019\u0131n egemenli\u011finin ihlalinden pi\u015fmanl\u0131k tabir etti\u011fini bildirdi\u011fi aktar\u0131ld\u0131.<\/p>\n<p>Netanyahu ayr\u0131yeten, \u0130srail\u2019in gelecekte emsal bir atak ger\u00e7ekle\u015ftirmeyece\u011fini teyit etti.<\/p>\n<p>Katar Ba\u015fbakan\u0131 Al Sani\u2019nin a\u00e7\u0131klamay\u0131 memnuniyetle kar\u015f\u0131lad\u0131\u011f\u0131 ve Katar\u2019\u0131n b\u00f6lgesel g\u00fcvenlik ile istikrara katk\u0131 sa\u011flamaya devam edece\u011fini s\u00f6yledi\u011fi kaydedildi. \u00d6nderler, Gazze krizine dair tahlil tekliflerini de ele ald\u0131.<\/p>\n<p>Bu s\u0131rada, Trump\u2019\u0131n Netanyahu\u2019nun \u00f6z\u00fcr dilemesi i\u00e7in Al Sani\u2019yi arad\u0131\u011f\u0131 ana ili\u015fkin bir foto\u011fraf da bas\u0131na yans\u0131d\u0131.<\/p>\n","protected":false},"excerpt":{"rendered":"<p>\u0130srail Ba\u015fbakan\u0131 Binyamin Netanyahu, ABD Ba\u015fkan\u0131 Donald Trump ile g\u00f6r\u00fc\u015fmesi s\u0131ras\u0131nda Katar Ba\u015fbakan\u0131 Al Sani&#8217;yi arayarak atak nedeniyle \u00f6z\u00fcr diledi. Beyaz Saray\u2019dan da mevzuya ait a\u00e7\u0131klama yap\u0131ld\u0131. \u0130srailli \u00e7ok sa\u011fc\u0131 Ulusal G\u00fcvenlik Bakan\u0131 Itamar Ben-Gvir, Netanyahu\u2019nun \u00f6zr\u00fcne reaksiyon g\u00f6sterip sald\u0131r\u0131y\u0131 savundu. Bu ortada Trump\u2019\u0131n, Netanyahu\u2019nun \u00f6z\u00fcr i\u00e7in Al Sani\u2019yi arad\u0131\u011f\u0131 anlara ili\u015fkin bir foto\u011fraf ortaya \u00e7\u0131kt\u0131.<\/p>\n","protected":false},"author":1,"featured_media":84001,"comment_status":"open","ping_status":"open","sticky":false,"template":"","format":"standard","meta":{"footnotes":""},"categories":[43],"tags":[1106,1869],"class_list":["post-84000","post","type-post","status-publish","format-standard","has-post-thumbnail","hentry","category-dunya","tag-katar","tag-netanyahu"],"_links":{"self":[{"href":"https:\/\/ikimisli.tr\/index.php\/wp-json\/wp\/v2\/posts\/84000","targetHints":{"allow":["GET"]}}],"collection":[{"href":"https:\/\/ikimisli.tr\/index.php\/wp-json\/wp\/v2\/posts"}],"about":[{"href":"https:\/\/ikimisli.tr\/index.php\/wp-json\/wp\/v2\/types\/post"}],"author":[{"embeddable":true,"href":"https:\/\/ikimisli.tr\/index.php\/wp-json\/wp\/v2\/users\/1"}],"replies":[{"embeddable":true,"href":"https:\/\/ikimisli.tr\/index.php\/wp-json\/wp\/v2\/comments?post=84000"}],"version-history":[{"count":1,"href":"https:\/\/ikimisli.tr\/index.php\/wp-json\/wp\/v2\/posts\/84000\/revisions"}],"predecessor-version":[{"id":84002,"href":"https:\/\/ikimisli.tr\/index.php\/wp-json\/wp\/v2\/posts\/84000\/revisions\/84002"}],"wp:featuredmedia":[{"embeddable":true,"href":"https:\/\/ikimisli.tr\/index.php\/wp-json\/wp\/v2\/media\/84001"}],"wp:attachment":[{"href":"https:\/\/ikimisli.tr\/index.php\/wp-json\/wp\/v2\/media?parent=84000"}],"wp:term":[{"taxonomy":"category","embeddable":true,"href":"https:\/\/ikimisli.tr\/index.php\/wp-json\/wp\/v2\/categories?post=84000"},{"taxonomy":"post_tag","embeddable":true,"href":"https:\/\/ikimisli.tr\/index.php\/wp-json\/wp\/v2\/tags?post=84000"}],"curies":[{"name":"wp","href":"https:\/\/api.w.org\/{rel}","templated":true}]}}